{"id":981,"date":"2013-07-30T15:57:25","date_gmt":"2013-07-30T13:57:25","guid":{"rendered":"http:\/\/www.adeas.org\/?p=981"},"modified":"2013-07-30T15:58:38","modified_gmt":"2013-07-30T13:58:38","slug":"resultats-s1-2013-orange-les-perspectives-du-groupe-et-des-personnels-plombees-par-la-fiscalite","status":"publish","type":"post","link":"https:\/\/www.adeas.org\/index.php\/communique-de-presse\/resultats-s1-2013-orange-les-perspectives-du-groupe-et-des-personnels-plombees-par-la-fiscalite\/","title":{"rendered":"R\u00e9sultats S1 2013 Orange : les perspectives du Groupe et des personnels plomb\u00e9es par la fiscalit\u00e9."},"content":{"rendered":"<p>La publication des comptes semestriels, signant un retour de la croissance de la base d\u2019abonn\u00e9s dans 3 pays clefs en Europe (France, Espagne, Pologne), est malheureusement plomb\u00e9e par l\u2019annonce d\u2019une d\u00e9cision de l\u2019administration fran\u00e7aise, qui va ponctionner plus de 2 milliards d\u2019euros sur les comptes de 2013, au titre d\u2019un litige fiscal relatif \u00e0 l\u2019exercice 2005.<br \/>\nD\u2019ores et d\u00e9j\u00e0, le maintien de r\u00e9sultats \u00ab pr\u00e9sentables \u00bb aux yeux des march\u00e9s financiers n\u2019est obtenu que par une forte compression des co\u00fbts, tout particuli\u00e8rement en France, o\u00f9 elle est obtenue principalement par la r\u00e9duction des effectifs et une mod\u00e9ration salariale sans pr\u00e9c\u00e9dent.<br \/>\nL\u2019actuel gouvernement, soutenu par l\u2019Europe, poursuit une politique d\u2019extorsion fiscale sans pareil dans les autres r\u00e9gions du monde, entravant le d\u00e9veloppement d\u2019un Groupe qui aurait pu devenir un \u00ab champion europ\u00e9en \u00bb des t\u00e9l\u00e9coms, et p\u00e9nalisant l\u2019emploi dans la fili\u00e8re t\u00e9l\u00e9coms fran\u00e7aise.<br \/>\nQuant aux personnels, ils continuent de payer \u00ab cash \u00bb la d\u00e9sastreuse gestion de l\u2019\u00e9poque Lombard, aux manettes lors de la dissolution de Cogecom dans France T\u00e9l\u00e9com, \u00e0 l\u2019origine du litige fiscal qui affecte aujourd\u2019hui l\u2019entreprise de plein fouet.<\/p>\n<p>Voir le <a href=\"http:\/\/www.cfecgc-orange.org\/201307263987\/communiques-de-presse\/resultats-s1-2013-orange-les-perspectives-du-groupe-et-des-personnels-plombees-par-la-fiscalite.html\" target=\"_blank\">communiqu\u00e9 complet sur le site de la CFE-CGC\/UNSA<\/a><\/p>\n","protected":false},"excerpt":{"rendered":"<p>La publication des comptes semestriels, signant un retour de la croissance de la base d\u2019abonn\u00e9s dans 3 pays clefs en Europe (France, Espagne, Pologne), est malheureusement plomb\u00e9e par l\u2019annonce d\u2019une d\u00e9cision de l\u2019administration fran\u00e7aise, qui va ponctionner plus de 2 milliards d\u2019euros sur les comptes de 2013, au titre d\u2019un litige fiscal relatif \u00e0 l\u2019exercice [&hellip;]<\/p>\n","protected":false},"author":3,"featured_media":0,"comment_status":"open","ping_status":"closed","sticky":false,"template":"","format":"standard","meta":{"_monsterinsights_skip_tracking":false,"_monsterinsights_sitenote_active":false,"_monsterinsights_sitenote_note":"","_monsterinsights_sitenote_category":0,"footnotes":""},"categories":[19,25],"tags":[21,27],"class_list":["post-981","post","type-post","status-publish","format-standard","hentry","category-communique-de-presse","category-nos-analyses","tag-bourse","tag-resultats"],"_links":{"self":[{"href":"https:\/\/www.adeas.org\/index.php\/wp-json\/wp\/v2\/posts\/981","targetHints":{"allow":["GET"]}}],"collection":[{"href":"https:\/\/www.adeas.org\/index.php\/wp-json\/wp\/v2\/posts"}],"about":[{"href":"https:\/\/www.adeas.org\/index.php\/wp-json\/wp\/v2\/types\/post"}],"author":[{"embeddable":true,"href":"https:\/\/www.adeas.org\/index.php\/wp-json\/wp\/v2\/users\/3"}],"replies":[{"embeddable":true,"href":"https:\/\/www.adeas.org\/index.php\/wp-json\/wp\/v2\/comments?post=981"}],"version-history":[{"count":2,"href":"https:\/\/www.adeas.org\/index.php\/wp-json\/wp\/v2\/posts\/981\/revisions"}],"predecessor-version":[{"id":983,"href":"https:\/\/www.adeas.org\/index.php\/wp-json\/wp\/v2\/posts\/981\/revisions\/983"}],"wp:attachment":[{"href":"https:\/\/www.adeas.org\/index.php\/wp-json\/wp\/v2\/media?parent=981"}],"wp:term":[{"taxonomy":"category","embeddable":true,"href":"https:\/\/www.adeas.org\/index.php\/wp-json\/wp\/v2\/categories?post=981"},{"taxonomy":"post_tag","embeddable":true,"href":"https:\/\/www.adeas.org\/index.php\/wp-json\/wp\/v2\/tags?post=981"}],"curies":[{"name":"wp","href":"https:\/\/api.w.org\/{rel}","templated":true}]}}