{"id":97,"date":"2009-10-05T18:43:49","date_gmt":"2009-10-05T17:43:49","guid":{"rendered":"http:\/\/www.adeas.org\/?p=97"},"modified":"2009-11-10T14:51:04","modified_gmt":"2009-11-10T13:51:04","slug":"france-telecom-lassociation-des-salaries-actionnaires-salue-le-depart-d","status":"publish","type":"post","link":"https:\/\/www.adeas.org\/index.php\/revue-de-web\/france-telecom-lassociation-des-salaries-actionnaires-salue-le-depart-d\/","title":{"rendered":"France T\u00e9l\u00e9com: l&rsquo;association des salari\u00e9s actionnaires \u00ab\u00a0salue\u00a0\u00bb le d\u00e9part du num\u00e9ro deux"},"content":{"rendered":"<p>Dans <a href=\"http:\/\/tempsreel.nouvelobs.com\/depeches\/economie\/20091005.FAP6688\/france_telecom_lassociation_des_salaries_actionnaires_s.html\">Le Nouvel Obs<\/a> du jour :<\/p>\n<blockquote><p>L&rsquo;Association des salari\u00e9s actionnaires de France T\u00e9l\u00e9com (ADEAS) a \u00ab\u00a0salu\u00e9\u00a0\u00bb lundi dans un communiqu\u00e9 la d\u00e9mission du N\u00b02 du groupe Louis-Pierre Wenes, qu&rsquo;elle accuse d&rsquo;\u00eatre le \u00ab\u00a0principal artisan d&rsquo;une politique meurtri\u00e8re, o\u00f9 les indicateurs du capitalisme financiers ont constitu\u00e9 les seuls outils de pilotage\u00a0\u00bb.<\/p><\/blockquote>\n<blockquote><p>L&rsquo;ADEAS \u00ab\u00a0ne peut donc que saluer son d\u00e9part et s&rsquo;oppose \u00e0 ce qu&rsquo;il re\u00e7oive quelque bonus ou prime exceptionnelle \u00e0 cette occasion\u00a0\u00bb, ajoute le communiqu\u00e9.<\/p><\/blockquote>\n<blockquote><p>L&rsquo;association demande \u00e0 la direction de France T\u00e9l\u00e9com \u00ab\u00a0de prendre la pleine mesure de ses responsabilit\u00e9s\u00a0\u00bb. Elle ajoute que les \u00ab\u00a0salari\u00e9s actionnaires attendent des gestes forts, qui permettent de tourner le dos \u00e0 une logique de court terme, au profit d&rsquo;un vrai projet industriel et collectif\u00a0\u00bb.<\/p><\/blockquote>\n","protected":false},"excerpt":{"rendered":"<p>Dans Le Nouvel Obs du jour : L&rsquo;Association des salari\u00e9s actionnaires de France T\u00e9l\u00e9com (ADEAS) a \u00ab\u00a0salu\u00e9\u00a0\u00bb lundi dans un communiqu\u00e9 la d\u00e9mission du N\u00b02 du groupe Louis-Pierre Wenes, qu&rsquo;elle accuse d&rsquo;\u00eatre le \u00ab\u00a0principal artisan d&rsquo;une politique meurtri\u00e8re, o\u00f9 les indicateurs du capitalisme financiers ont constitu\u00e9 les seuls outils de pilotage\u00a0\u00bb. L&rsquo;ADEAS \u00ab\u00a0ne peut donc [&hellip;]<\/p>\n","protected":false},"author":3,"featured_media":0,"comment_status":"open","ping_status":"closed","sticky":false,"template":"","format":"standard","meta":{"_monsterinsights_skip_tracking":false,"_monsterinsights_sitenote_active":false,"_monsterinsights_sitenote_note":"","_monsterinsights_sitenote_category":0,"footnotes":""},"categories":[8],"tags":[11],"class_list":["post-97","post","type-post","status-publish","format-standard","hentry","category-revue-de-web","tag-actionnariat-salarie"],"_links":{"self":[{"href":"https:\/\/www.adeas.org\/index.php\/wp-json\/wp\/v2\/posts\/97","targetHints":{"allow":["GET"]}}],"collection":[{"href":"https:\/\/www.adeas.org\/index.php\/wp-json\/wp\/v2\/posts"}],"about":[{"href":"https:\/\/www.adeas.org\/index.php\/wp-json\/wp\/v2\/types\/post"}],"author":[{"embeddable":true,"href":"https:\/\/www.adeas.org\/index.php\/wp-json\/wp\/v2\/users\/3"}],"replies":[{"embeddable":true,"href":"https:\/\/www.adeas.org\/index.php\/wp-json\/wp\/v2\/comments?post=97"}],"version-history":[{"count":3,"href":"https:\/\/www.adeas.org\/index.php\/wp-json\/wp\/v2\/posts\/97\/revisions"}],"predecessor-version":[{"id":136,"href":"https:\/\/www.adeas.org\/index.php\/wp-json\/wp\/v2\/posts\/97\/revisions\/136"}],"wp:attachment":[{"href":"https:\/\/www.adeas.org\/index.php\/wp-json\/wp\/v2\/media?parent=97"}],"wp:term":[{"taxonomy":"category","embeddable":true,"href":"https:\/\/www.adeas.org\/index.php\/wp-json\/wp\/v2\/categories?post=97"},{"taxonomy":"post_tag","embeddable":true,"href":"https:\/\/www.adeas.org\/index.php\/wp-json\/wp\/v2\/tags?post=97"}],"curies":[{"name":"wp","href":"https:\/\/api.w.org\/{rel}","templated":true}]}}