{"id":944,"date":"2013-07-01T10:54:29","date_gmt":"2013-07-01T08:54:29","guid":{"rendered":"http:\/\/www.adeas.org\/?p=944"},"modified":"2013-07-02T20:28:54","modified_gmt":"2013-07-02T18:28:54","slug":"les-salaries-actionnaires-dorange-recommandent-le-rachat-de-maroc-telecom","status":"publish","type":"post","link":"https:\/\/www.adeas.org\/index.php\/laction-de-ladeas\/les-salaries-actionnaires-dorange-recommandent-le-rachat-de-maroc-telecom\/","title":{"rendered":"Les salari\u00e9s actionnaires d\u2019Orange recommandent le rachat de Maroc Telecom"},"content":{"rendered":"<p>Notre <a href=\"https:\/\/www.adeas.org\/index.php\/laction-de-ladeas\/politique-de-dividende-et-acquisition-de-maroc-telecom\/\">lettre ouverte au PDG de France T\u00e9l\u00e9com-Orange<\/a>, demandant la suspension du dividende pour permettre \u00e0 l&rsquo;entreprise d&rsquo;envisager l&rsquo;acquisition des parts de Maroc Telecom c\u00e9d\u00e9es par Vivendi, a retenu l&rsquo;attention des m\u00e9dias. Une s\u00e9lection non exhaustive :<\/p>\n<p>&#8230;en France :<\/p>\n<ul>\n<li><a href=\"http:\/\/pro.01net.com\/editorial\/598657\/les-salaries-actionnaires-d-orange-poussent-au-rachat-de-maroc-telecom\/\">Les salari\u00e9s actionnaires d\u2019Orange poussent au rachat de Maroc Telecom<\/a> &#8211; 01net &#8211; 28\/06\/13<\/li>\n<li><a href=\"http:\/\/www.agenceecofin.com\/operateurs\/2906-12070-les-salaries-actionnaires-d-orange-recommandent-le-rachat-de-maroc-telecom\">Les salari\u00e9s actionnaires d\u2019Orange recommandent le rachat de Maroc Telecom<\/a>&#8211; Ecofin &#8211; 29\/06\/13<\/li>\n<li><a href=\"http:\/\/www.lerevenu.com\/bourse\/actualites\/2013070151d196e6e5626\/les-actionnaires-salaries-dorange-poussent-au-rachat-de-maroc-telecom\">Les actionnaires salari\u00e9s d\u2019Orange poussent au rachat de Maroc Telecom<\/a> &#8211; Le Revenu &#8211; 1\/07\/13, \u00e9galement repris dans <a href=\"http:\/\/www.boursorama.com\/actualites\/les-actionnaires-salaries-d-orange-poussent-au-rachat-de-maroc-telecom-9b6b0d8613dca5abbba063762aedc74b\">Boursorama<\/a><\/li>\n<li><a href=\"http:\/\/www.slateafrique.com\/297007\/dans-une-lettre-les-actionnaires-salaries-dorange-appellent-le-pdg-racheter-maroc-telecom\">Dans une lettre, les actionnaires salari\u00e9s d&rsquo;Orange appellent le PDG \u00e0 racheter Maroc Telecom<\/a> &#8211; Slate Afrique &#8211; 30\/06\/13<\/li>\n<\/ul>\n<p>&#8230; au Maroc :<\/p>\n<ul>\n<li><a href=\"http:\/\/www.lemag.ma\/Dans-une-lettre-les-actionnaires-salaries-d-Orange-appellent-le-PDG-a-racheter-Maroc-Telecom_a72708.html\">Dans une lettre, les actionnaires salari\u00e9s d&rsquo;Orange appellent le PDG \u00e0 racheter Maroc Telecom<\/a>&#8211; LeMag.ma &#8211; 29\/06\/2013<\/li>\n<li><a href=\"http:\/\/www.lematin.ma\/journal\/Cession-de-53-pourcent-de-Maroc-Telecom_Les-salaries-actionnaires-d-Orange-vivement-interesses\/184428.html\">Cession de 53% de Maroc Telecom &#8211; Les salari\u00e9s actionnaires d\u2019Orange vivement int\u00e9ress\u00e9s <\/a>&#8211; Le Matin.ma &#8211; 29\/06\/13<\/li>\n<\/ul>\n<p>&#8230; dans la presse des sp\u00e9cialistes des t\u00e9l\u00e9coms :<\/p>\n<ul>\n<li><a href=\"http:\/\/www.telecompaper.com\/news\/employee-shareholders-urge-orange-to-bid-for-maroc-telecom--952831\">Employee shareholders urge Orange to bid for Maroc Telecom<\/a> &#8211; TelecomPaper &#8211; 1\/07\/13<\/li>\n<\/ul>\n","protected":false},"excerpt":{"rendered":"<p>Notre lettre ouverte au PDG de France T\u00e9l\u00e9com-Orange, demandant la suspension du dividende pour permettre \u00e0 l&rsquo;entreprise d&rsquo;envisager l&rsquo;acquisition des parts de Maroc Telecom c\u00e9d\u00e9es par Vivendi, a retenu l&rsquo;attention des m\u00e9dias. Une s\u00e9lection non exhaustive : &#8230;en France : Les salari\u00e9s actionnaires d\u2019Orange poussent au rachat de Maroc Telecom &#8211; 01net &#8211; 28\/06\/13 Les [&hellip;]<\/p>\n","protected":false},"author":3,"featured_media":0,"comment_status":"open","ping_status":"closed","sticky":false,"template":"","format":"standard","meta":{"_monsterinsights_skip_tracking":false,"_monsterinsights_sitenote_active":false,"_monsterinsights_sitenote_note":"","_monsterinsights_sitenote_category":0,"footnotes":""},"categories":[3,8],"tags":[36,7,5],"class_list":["post-944","post","type-post","status-publish","format-standard","hentry","category-laction-de-ladeas","category-revue-de-web","tag-dividendes","tag-international","tag-strategie"],"_links":{"self":[{"href":"https:\/\/www.adeas.org\/index.php\/wp-json\/wp\/v2\/posts\/944","targetHints":{"allow":["GET"]}}],"collection":[{"href":"https:\/\/www.adeas.org\/index.php\/wp-json\/wp\/v2\/posts"}],"about":[{"href":"https:\/\/www.adeas.org\/index.php\/wp-json\/wp\/v2\/types\/post"}],"author":[{"embeddable":true,"href":"https:\/\/www.adeas.org\/index.php\/wp-json\/wp\/v2\/users\/3"}],"replies":[{"embeddable":true,"href":"https:\/\/www.adeas.org\/index.php\/wp-json\/wp\/v2\/comments?post=944"}],"version-history":[{"count":3,"href":"https:\/\/www.adeas.org\/index.php\/wp-json\/wp\/v2\/posts\/944\/revisions"}],"predecessor-version":[{"id":946,"href":"https:\/\/www.adeas.org\/index.php\/wp-json\/wp\/v2\/posts\/944\/revisions\/946"}],"wp:attachment":[{"href":"https:\/\/www.adeas.org\/index.php\/wp-json\/wp\/v2\/media?parent=944"}],"wp:term":[{"taxonomy":"category","embeddable":true,"href":"https:\/\/www.adeas.org\/index.php\/wp-json\/wp\/v2\/categories?post=944"},{"taxonomy":"post_tag","embeddable":true,"href":"https:\/\/www.adeas.org\/index.php\/wp-json\/wp\/v2\/tags?post=944"}],"curies":[{"name":"wp","href":"https:\/\/api.w.org\/{rel}","templated":true}]}}