{"id":901,"date":"2013-05-17T13:30:28","date_gmt":"2013-05-17T11:30:28","guid":{"rendered":"http:\/\/www.adeas.org\/?p=901"},"modified":"2013-05-17T13:30:28","modified_gmt":"2013-05-17T11:30:28","slug":"ladeas-vous-invite","status":"publish","type":"post","link":"https:\/\/www.adeas.org\/index.php\/laction-de-ladeas\/ladeas-vous-invite\/","title":{"rendered":"L&rsquo;ADEAS vous invite"},"content":{"rendered":"<p>L&rsquo;ADEAS invite ses adh\u00e9rents, sympathisants, les porteurs de parts des diff\u00e9rents fonds des dispositifs d&rsquo;\u00e9pargne salariale de France T\u00e9l\u00e9com-Orange, et tous les personnels du Groupe \u00e0\u00a0 participer \u00e0 sa manifestation annuelle \u00e0 l&rsquo;occasion de l&rsquo;Assembl\u00e9e G\u00e9n\u00e9rale des actionnaires de France T\u00e9l\u00e9com-Orange.<\/p>\n<h3>Rassemblement pr\u00e9vu :<\/h3>\n<p><b>mardi 28 mai 2013 \u00e0 partir de 13h30,<br \/>\ndevant le Palais des Congr\u00e8s<br \/>\n<\/b>2, place de la Porte Maillot &#8211; 75017 Paris<br \/>\n(m\u00e9tro Porte Maillot).<\/p>\n<p><i>Vous pouvez participer \u00e0 ce rassemblement m\u00eame si vous ne participez pas \u00e0 l\u2019Assembl\u00e9e G\u00e9n\u00e9rale des actionnaires de France T\u00e9l\u00e9com-Orange, ou vous joindre \u00e0 nous avant d\u2019entrer dans la salle.<\/i><\/p>\n<h3>Merci de confirmer votre pr\u00e9sence au rassemblement de l&rsquo;ADEAS<\/h3>\n<p>en compl\u00e9tant ce formulaire :<\/p>\n<p class=\"wpcf7-contact-form-not-found\"><strong>Erreur\u00a0:<\/strong> Formulaire de contact non trouv\u00e9\u00a0!<\/p>\n<h3>Si vous souhaitez \u00e9galement participer \u00e0 l&rsquo;Assembl\u00e9e G\u00e9n\u00e9rale des actionnaires :<\/h3>\n<p>Cette possibilit\u00e9 est r\u00e9serv\u00e9e aux actionnaires de France T\u00e9l\u00e9com d\u00e9tenant des titres au nominatif pur ou des titres au porteur, qui peuvent obtenir une carte d&rsquo;admission selon l&rsquo;une de ces deux m\u00e9thodes :<\/p>\n<ul>\n<li>retourner par courrier votre demande de carte d\u2019admission et qui doit \u00eatre re\u00e7ue avant le 23 mai 2013.<br \/>\n<a href=\"http:\/\/www.orange.com\/fr\/content\/download\/12325\/257994\/version\/2\/file\/2013+AG+FT_avis+de+convocation.pdf\">(voir les d\u00e9tails sur l\u2019avis de convocation)<\/a><\/li>\n<li>vous pr\u00e9senter avec une pi\u00e8ce d\u2019identit\u00e9 \u00e0 l\u2019accueil<br \/>\n(plus al\u00e9atoire, les listes n\u2019\u00e9tant pas n\u00e9cessairement \u00e0 jour et les files d\u2019attentes longues aux guichets d\u2019admission)<\/li>\n<\/ul>\n<p><em>Plus de d\u00e9tail sur la participation et le vote en AG des actionnaires de France T\u00e9l\u00e9com <a href=\"https:\/\/www.adeas.org\/index.php\/nos-analyses\/assemblee-generale-des-actionnaires-de-france-telecom-le-28-mai-2013\/\">dans ce billet<\/a><\/em><\/p>\n","protected":false},"excerpt":{"rendered":"<p>L&rsquo;ADEAS invite ses adh\u00e9rents, sympathisants, les porteurs de parts des diff\u00e9rents fonds des dispositifs d&rsquo;\u00e9pargne salariale de France T\u00e9l\u00e9com-Orange, et tous les personnels du Groupe \u00e0\u00a0 participer \u00e0 sa manifestation annuelle \u00e0 l&rsquo;occasion de l&rsquo;Assembl\u00e9e G\u00e9n\u00e9rale des actionnaires de France T\u00e9l\u00e9com-Orange. Rassemblement pr\u00e9vu : mardi 28 mai 2013 \u00e0 partir de 13h30, devant le Palais [&hellip;]<\/p>\n","protected":false},"author":3,"featured_media":0,"comment_status":"open","ping_status":"closed","sticky":false,"template":"","format":"standard","meta":{"_monsterinsights_skip_tracking":false,"_monsterinsights_sitenote_active":false,"_monsterinsights_sitenote_note":"","_monsterinsights_sitenote_category":0,"footnotes":""},"categories":[3],"tags":[11,42],"class_list":["post-901","post","type-post","status-publish","format-standard","hentry","category-laction-de-ladeas","tag-actionnariat-salarie","tag-assemblee-generale"],"_links":{"self":[{"href":"https:\/\/www.adeas.org\/index.php\/wp-json\/wp\/v2\/posts\/901","targetHints":{"allow":["GET"]}}],"collection":[{"href":"https:\/\/www.adeas.org\/index.php\/wp-json\/wp\/v2\/posts"}],"about":[{"href":"https:\/\/www.adeas.org\/index.php\/wp-json\/wp\/v2\/types\/post"}],"author":[{"embeddable":true,"href":"https:\/\/www.adeas.org\/index.php\/wp-json\/wp\/v2\/users\/3"}],"replies":[{"embeddable":true,"href":"https:\/\/www.adeas.org\/index.php\/wp-json\/wp\/v2\/comments?post=901"}],"version-history":[{"count":7,"href":"https:\/\/www.adeas.org\/index.php\/wp-json\/wp\/v2\/posts\/901\/revisions"}],"predecessor-version":[{"id":909,"href":"https:\/\/www.adeas.org\/index.php\/wp-json\/wp\/v2\/posts\/901\/revisions\/909"}],"wp:attachment":[{"href":"https:\/\/www.adeas.org\/index.php\/wp-json\/wp\/v2\/media?parent=901"}],"wp:term":[{"taxonomy":"category","embeddable":true,"href":"https:\/\/www.adeas.org\/index.php\/wp-json\/wp\/v2\/categories?post=901"},{"taxonomy":"post_tag","embeddable":true,"href":"https:\/\/www.adeas.org\/index.php\/wp-json\/wp\/v2\/tags?post=901"}],"curies":[{"name":"wp","href":"https:\/\/api.w.org\/{rel}","templated":true}]}}