{"id":881,"date":"2013-05-16T19:21:42","date_gmt":"2013-05-16T17:21:42","guid":{"rendered":"http:\/\/www.adeas.org\/?p=881"},"modified":"2017-02-17T16:45:52","modified_gmt":"2017-02-17T15:45:52","slug":"assemblee-generale-des-actionnaires-de-france-telecom-le-28-mai-2013","status":"publish","type":"post","link":"https:\/\/www.adeas.org\/index.php\/nos-analyses\/assemblee-generale-des-actionnaires-de-france-telecom-le-28-mai-2013\/","title":{"rendered":"Assembl\u00e9e g\u00e9n\u00e9rale des actionnaires de France T\u00e9l\u00e9com le 28 mai 2013"},"content":{"rendered":"<div style=\"background: #F5BCA9;\"><u>Edit du 15 f\u00e9vrier 2017<\/u> : si vous arrivez ici depuis notre communication sur les \u00e9lections Cap&rsquo;Orange 2017, le chapitre \u00e0 lire concerne <a href=\"#voteCS\">Le vote de vos repr\u00e9sentants dans les Conseils de Surveillance<\/a>. Vous pouvez aussi consulter les liens ins\u00e9r\u00e9s dans ce chapitre vers d&rsquo;autres billets, tout aussi \u00e9clairants.<\/div>\n<p>&nbsp;<\/p>\n<p>L\u2019Assembl\u00e9e G\u00e9n\u00e9rale des actionnaires de France T\u00e9l\u00e9com se tiendra <b>mardi 28 mai 2013 \u00e0 16h00<\/b> au Palais des Congr\u00e8s &#8211; 2, place de la Porte Maillot &#8211; 75017 Paris.<\/p>\n<p>Toute la documentation associ\u00e9e \u00e0 cette AG est <a href=\"http:\/\/www.orange.com\/fr\/finance\/assemblee-generale2013\">disponible sur le site orange.com<\/a>. Si vous \u00eates d\u00e9tenteurs d\u2019actions au nominatif pur, vous avez \u00e9galement re\u00e7u une e-convocation par mail via la BNP Paribas.<\/p>\n<h2>Participer \u00e0 l\u2019AG et au vote<\/h2>\n<h3>En tant qu\u2019actionnaire au nominatif pur,<br \/>\nvous pouvez participer \u00e0 l\u2019AG et au vote.<\/h3>\n<p>Dans le cadre de l\u2019op\u00e9ration \u00ab\u00a0NExT Reward\u00a0\u00bb, les personnels du groupe, salari\u00e9s et fonctionnaires, ont re\u00e7u des actions France T\u00e9l\u00e9com \u00ab\u00a0au nominatif pur\u00a0\u00bb, qui permettent de participer \u00e0 l\u2019Assembl\u00e9e g\u00e9n\u00e9rale, de poser des question \u00e9crites, et de prendre part au vote des r\u00e9solutions propos\u00e9es \u00e0 l\u2019approbation des actionnaires.<\/p>\n<h3>Si vous d\u00e9tenez des actions au porteur,<br \/>\nvous pouvez \u00e9galement participer \u00e0 l\u2019AG et au vote<\/h3>\n<p>Certains salari\u00e9s ont \u00e9galement proc\u00e9d\u00e9 \u00e0 des achats d\u2019actions par l\u2019interm\u00e9diaire de leur banque habituelle\u00a0: ce sont des actions au porteur, qui permettent \u00e9galement de participer \u00e0 l\u2019AG et au vote.<\/p>\n<p>Les modalit\u00e9s de participation sont indiqu\u00e9es comme suit dans <a href=\"http:\/\/www.orange.com\/fr\/content\/download\/12325\/257994\/version\/2\/file\/2013+AG+FT_avis+de+convocation.pdf\">l\u2019avis de convocation\u00a0\u00e0 l\u2019AG<\/a>\u00a0:<\/p>\n<blockquote><p><i>Pour vos actions d\u00e9tenues au porteur : <\/i><i>faire \u00e9tablir, d\u00e8s que possible, une attestation de participation (attestation de d\u00e9tention de vos titres) par l\u2019interm\u00e9diaire financier qui assure la gestion de votre compte titres. Pour \u00eatre prise en compte, cette attestation devra \u00eatre dat\u00e9e au plus tard du 23 mai 2013 et parvenir \u00e0 BNP Paribas Securities Services, banque centralisatrice pour l\u2019assembl\u00e9e g\u00e9n\u00e9rale de France T\u00e9l\u00e9com, le lundi 27 mai 2013 avant 15 heures (date limite de r\u00e9ception)<\/i><i>. <\/i><\/p><\/blockquote>\n<p><b>\u00a0Attention<\/b>, ne nombreuses agences bancaires connaissent mal le processus, et ce sera \u00e0 vous de piloter votre banquier. Vous pouvez appeler le 1010 (num\u00e9ro d\u2019appel d\u00e9di\u00e9 aux actionnaires de France T\u00e9l\u00e9com) pour conna\u00eetre le d\u00e9tail du processus \u00e0 indiquer \u00e0 votre banquier.<\/p>\n<h3>Si vous avez uniquement des actions dans le PEG,<br \/>\nvous ne participez pas \u00e0 l\u2019AG et ne votez pas en direct.<\/h3>\n<p>Si vous d\u00e9tenez uniquement des actions France T\u00e9l\u00e9com dans le cadre du Plan d\u2019\u00c9pargne Groupe (PEG), vous ne pouvez pas participer \u00e0 l\u2019AG, et vous n\u2019y votez pas\u00a0: votre vote est exprim\u00e9 par les Conseils de Surveillance des fonds dans lesquels vous d\u00e9tenez des actions (voir plus loin dans cet article).<\/p>\n<h3>Participer physiquement \u00e0 l\u2019AG<\/h3>\n<p>Vous pourrez participer (venir assez t\u00f4t pour \u00eatre s\u00fbr d\u2019entrer avant le d\u00e9but de l\u2019AG)<\/p>\n<ul>\n<li>si vous avez retourn\u00e9 par courrier votre demande de carte d\u2019admission et qu\u2019elle a \u00e9t\u00e9 re\u00e7ue avant le 23 mai 2013. <a href=\"http:\/\/www.orange.com\/fr\/content\/download\/12325\/257994\/version\/2\/file\/2013+AG+FT_avis+de+convocation.pdf\">(voir les d\u00e9tails sur l\u2019avis de convocation)<\/a><\/li>\n<li>ou en vous pr\u00e9sentant avec une pi\u00e8ce d\u2019identit\u00e9 \u00e0 l\u2019accueil (plus al\u00e9atoire, les listes n\u2019\u00e9tant pas n\u00e9cessairement \u00e0 jour et les files d\u2019attentes longues aux guichets d\u2019admission)<\/li>\n<\/ul>\n<h3>Voter sans venir \u00e0 l\u2019AG : 3 possibilit\u00e9s<br \/>\nCl\u00f4ture des op\u00e9rations de vote\u00a0: lundi 27 mai \u00e0 15h<\/h3>\n<ul>\n<li><b>Voter par courrier<\/b>, via le formulaire <a href=\"http:\/\/www.orange.com\/fr\/finance\/assemblee-generale2013\">\u00e0 t\u00e9l\u00e9charger<\/a>, \u00e0 compl\u00e9ter avec vos coordonn\u00e9es, num\u00e9ro de compte et nombre d\u2019actions d\u00e9tenues.<br \/>\nVotre bulletin doit \u00eatre re\u00e7u par la BNP Paribas avant le 27 mai \u00e0 15 heures.<\/li>\n<li><b>Voter par Internet, <\/b>en vous connectant au site <a href=\"https:\/\/planetshares.bnpparibas.com\/\">Planetshares<\/a><b>,<br \/>\n<\/b>avant le 27 mai 2013, 15 heures<\/li>\n<li><b>Voter par procuration. <\/b>Vous pouvez confier votre procuration \u00e0 votre conjoint, ou \u00e0 un autre actionnaire participant physiquement \u00e0 l\u2019AG.<\/li>\n<\/ul>\n<p><i>Vous pouvez \u00e9galement confier votre procuration au Pr\u00e9sident de l\u2019AG, mais <span style=\"text-decoration: underline;\">nous vous le d\u00e9conseillons<\/span>. En effet, le Pr\u00e9sident de l\u2019AG, pour toutes les procurations dont il dispose, approuve toutes les r\u00e9solutions pr\u00e9sent\u00e9es par le Conseil d\u2019Administration, et donne un avis d\u00e9favorable \u00e0 toutes les autres r\u00e9solutions.<\/i><\/p>\n<p><i>Pour des raisons de complexit\u00e9 d\u2019organisation, l\u2019ADEAS ne prend pas de procuration pour le vote en AG.<\/i><\/p>\n<h2>Le vote des r\u00e9solutions\u00a0: nos commentaires<\/h2>\n<p>Votre vote est bien s\u00fbr personnel et enti\u00e8rement libre. Les indications qui suivent ont pour seul objectif de vous apporter l\u2019\u00e9clairage de la CFE-CGC\/UNSA et de l\u2019ADEAS sur le contenu concret des r\u00e9solutions, dont nous n\u2019avons pas forc\u00e9ment la m\u00eame lecture que la Direction (<a href=\"http:\/\/www.orange.com\/http:\/www.orange.com\/fr\/content\/download\/12325\/257994\/version\/2\/file\/2013+AG+FT_avis+de+convocation.pdf_FR\/finance\/ag\/att00022412\/FRT2012_AVC_FR_CLVD.pdf\">\u00e0 lire dans l\u2019avis de convocation<\/a>). Notre vote est notamment fond\u00e9 sur notre analyse du <span style=\"text-decoration: underline;\"><a href=\"http:\/\/www.orange.com\/fr\/content\/download\/12506\/259363\/version\/2\/file\/2012+Doc+de+reference.pdf\">document de r\u00e9f\u00e9rence 2012<\/a><\/span>, et l&rsquo;expertise de nos repr\u00e9sentants dans les Conseils de Surveillance des fonds du PEG.<\/p>\n<table border=\"1\" width=\"629\" cellspacing=\"0\" cellpadding=\"0\">\n<tbody>\n<tr>\n<td valign=\"top\" width=\"214\"><b>r\u00e9solutions ordinaires<\/b><\/td>\n<td valign=\"top\" width=\"67\"><b>notre vote<\/b><\/td>\n<td valign=\"top\" width=\"307\"><b>nos observations<\/b><\/td>\n<\/tr>\n<tr>\n<td valign=\"top\" width=\"214\">1 &#8211; Approbation des comptes annuels de l&rsquo;exercice clos le 31 d\u00e9cembre 2012<\/td>\n<td valign=\"top\" width=\"67\">\n<p align=\"center\">non<\/p>\n<\/td>\n<td style=\"text-align: left;\" valign=\"top\" width=\"307\">Selon le document de r\u00e9f\u00e9rence 2012, le r\u00e9sultat net de France T\u00e9l\u00e9com S.A. (calcul\u00e9 selon les normes fran\u00e7aises) s\u2019\u00e9tablit a -1 283 millions d\u2019euros pour l\u2019exercice 2012 (soit un exercice en perte), contre 3 714 millions d\u2019euros en 2011, ce qui ne se retraduit pas du tout dans la pr\u00e9sentation des comptes aux normes IFRS.<\/p>\n<p style=\"text-align: left;\">La lisibilit\u00e9 des comptes de l\u2019entreprise devient une r\u00e9elle difficult\u00e9 pour les personnels actionnaires.<\/p>\n<\/td>\n<\/tr>\n<tr>\n<td valign=\"top\" width=\"214\">2 &#8211; Approbation des comptes consolid\u00e9s de l&rsquo;exercice clos le 31 d\u00e9cembre 2012<\/td>\n<td valign=\"top\" width=\"67\">\n<p align=\"center\">oui<\/p>\n<\/td>\n<td style=\"text-align: left;\" valign=\"top\" width=\"307\">Les comptes consolid\u00e9s 2012 sont coh\u00e9rents avec les comptes 2011.<\/td>\n<\/tr>\n<tr>\n<td valign=\"top\" width=\"214\">3 &#8211; Affectation du r\u00e9sultat de l&rsquo;exercice clos le 31 d\u00e9cembre 2012, tel que ressortant des comptes annuels)\u2014 Dividende de 0,78 euros par action<\/td>\n<td valign=\"top\" width=\"67\">\n<p align=\"center\">NON<\/p>\n<\/td>\n<td style=\"text-align: left;\" valign=\"top\" width=\"307\">Les comptes annuels font ressortir une perte, et les comptes consolid\u00e9s mentionnent un b\u00e9n\u00e9fice net par action de 0,31, soit moins de la moiti\u00e9 du dividende propos\u00e9.La CFE-CGC\/UNSA et l\u2019ADEAS pr\u00e9conisaient pour cette ann\u00e9e de s\u2019en tenir \u00e0 l\u2019acompte de 0,58 \u20ac d\u00e9j\u00e0 vers\u00e9 en septembre 2012, mais la Direction a emp\u00each\u00e9 les repr\u00e9sentants du personnel de pr\u00e9senter une r\u00e9solution en ce sens \u00e0 l\u2019Assembl\u00e9e G\u00e9n\u00e9rale des actionnaires.<\/td>\n<\/tr>\n<tr>\n<td valign=\"top\" width=\"214\">4 &#8211;\u00a0 Conventions vis\u00e9es \u00e0 l\u2019article L. 225-38 du Code de commerce \u2013 Approbation de la convention conclue avec Thal\u00e8s et la CDC concernant Cloudwatt<\/td>\n<td valign=\"top\" width=\"67\">\n<p align=\"center\">oui<\/p>\n<\/td>\n<td style=\"text-align: left;\" valign=\"top\" width=\"307\">Il appara\u00eet judicieux que FT participe \u00e0 l\u2019une des soci\u00e9t\u00e9s cr\u00e9\u00e9es avec le concours de l\u2019Etat pour d\u00e9velopper un \u00ab\u00a0cloud \u00e0 la fran\u00e7aise\u00a0\u00bb.Cloudwatt b\u00e9n\u00e9ficie d\u2019un financement total de 225 millions d\u2019euros de fonds propres. La r\u00e9partition du capital est de 66,6 % pour les partenaires industriels (44,4 % pour Orange et 22,2 % pour Thales) et de 33,3 % pour la Caisse des D\u00e9p\u00f4ts, qui intervient en son nom et pour le compte de l\u2019Etat, dans le cadre du Programme dInvestissements d\u2019Avenir. L\u2019investissement de France T\u00e9l\u00e9com-Orange s\u2019\u00e9l\u00e8ve \u00e0 100 millions d\u2019euros pour une participation de 44,4 %.<\/td>\n<\/tr>\n<tr>\n<td valign=\"top\" width=\"214\">5 &#8211; Nomination du Fonds Strat\u00e9gique d\u2019Investissement en qualit\u00e9 de nouvel administrateur<\/td>\n<td valign=\"top\" width=\"67\">\n<p align=\"center\">oui<\/p>\n<\/td>\n<td style=\"text-align: left;\" valign=\"top\" width=\"307\">Il appara\u00eet logique que le FSI, d\u00e9tenant la moiti\u00e9 du capital appartenant \u00e0 l\u2019\u00c9tat dans l\u2019entreprise France T\u00e9l\u00e9com SA, dispose d\u2019un si\u00e8ge au Conseil d\u2019Administration.<\/td>\n<\/tr>\n<tr>\n<td valign=\"top\" width=\"214\">6 &#8211; Autorisation \u00e0 conf\u00e9rer au Conseil d&rsquo;administration \u00e0 l&rsquo;effet d&rsquo;acheter ou de transf\u00e9rer des actions de la Soci\u00e9t\u00e9)<\/td>\n<td valign=\"top\" width=\"67\">\n<p align=\"center\">oui<\/p>\n<\/td>\n<td style=\"text-align: left;\" valign=\"top\" width=\"307\">Avec des r\u00e9serves, car si le principe de cette autorisation est n\u00e9cessaire pour que l\u2019entreprise puisse notamment honorer ses engagements vis-\u00e0-vis des personnels actionnaires, le niveau financier des permissions est excessif par rapport aux besoins actuellement identifiables.<\/td>\n<\/tr>\n<tr>\n<td valign=\"top\" width=\"214\"><b>r\u00e9solutions extraordinaires<\/b><\/td>\n<td valign=\"top\" width=\"67\"><b>notre vote<\/b><\/td>\n<td valign=\"top\" width=\"307\"><b>nos observations<\/b><\/td>\n<\/tr>\n<tr>\n<td valign=\"top\" width=\"214\">7 &#8211; Modification de la d\u00e9nomination sociale et modification corr\u00e9lative des articles 1 et 3 des statuts<\/td>\n<td valign=\"top\" width=\"67\">\n<p align=\"center\">choix libre<\/p>\n<\/td>\n<td style=\"text-align: left;\" valign=\"top\" width=\"307\">Il s\u2019agit de modifier, avec effet \u00e0 compter du 1er juillet 2013, la d\u00e9nomination sociale de la Soci\u00e9t\u00e9 pour adopter la d\u00e9nomination \u00ab\u00a0Orange\u00a0\u00bb.<\/p>\n<p style=\"text-align: left;\">Nous ne sommes pas particuli\u00e8rement favorables au changement de raison sociale. La Direction a refus\u00e9 \u00ab\u00a0Orange-France T\u00e9l\u00e9com\u00a0\u00bb<\/p>\n<p style=\"text-align: left;\">Nous demandons que tous les engagements pris par le PDG de l\u2019entreprise soient effectivement tenus, notamment que les obligations de l\u2019entreprise au regard du Code des Postes et T\u00e9l\u00e9communications soient respect\u00e9es, dont les obligations li\u00e9es au personnel fonctionnaire.<\/p>\n<\/td>\n<\/tr>\n<tr>\n<td valign=\"top\" width=\"214\">8 &#8211; Modification de l\u2019article 13 des statuts, suppression de dispositions caduques<\/td>\n<td valign=\"top\" width=\"67\">\n<p align=\"center\">oui<\/p>\n<\/td>\n<td style=\"text-align: left;\" valign=\"top\" width=\"307\">Il s\u2019agissait de dispositions exceptionnelles r\u00e9gissant la dur\u00e9e des mandats des administrateurs nomm\u00e9s par l\u2019assembl\u00e9e g\u00e9n\u00e9rale des actionnaires avant l\u2019AG de 2007.<\/td>\n<\/tr>\n<tr>\n<td valign=\"top\" width=\"214\">9 &#8211; Modification du point 2 de l\u2019article 13 des statuts, modalit\u00e9s de l\u2019\u00e9lection des administrateurs repr\u00e9sentant le personnel<\/td>\n<td valign=\"top\" width=\"67\">\n<p align=\"center\">oui<\/p>\n<\/td>\n<td style=\"text-align: left;\" valign=\"top\" width=\"307\">Outre la prise en compte de textes l\u00e9gislatifs ou r\u00e9glementaires qui s\u2019imposent \u00e0 nous, il s\u2019agit essentiellement de permettre l\u2019\u00e9lection des administrateurs repr\u00e9sentant le personnel au Conseil d\u2019Administration par voie \u00e9lectronique.<\/td>\n<\/tr>\n<tr>\n<td valign=\"top\" width=\"214\">10 &#8211; Modification du point 3 de l\u2019article 13 des statuts, modalit\u00e9s de l\u2019\u00e9lection de l\u2019administrateur repr\u00e9sentant les membres du personnel actionnaire<\/td>\n<td valign=\"top\" width=\"67\">\n<p align=\"center\">non<\/p>\n<\/td>\n<td style=\"text-align: left;\" valign=\"top\" width=\"307\">La Direction entend restreindre la possibilit\u00e9 de disposer d\u2019un administrateur repr\u00e9sentant les salari\u00e9s actionnaires en demandant \u00e0 ce que celui-ci dispose d\u00e9sormais d\u2019une majorit\u00e9 des voix pour son \u00e9lection par l\u2019Assembl\u00e9e G\u00e9n\u00e9rale.<\/td>\n<\/tr>\n<tr>\n<td valign=\"top\" width=\"214\">11 &#8211; D\u00e9l\u00e9gation de comp\u00e9tence au Conseil d&rsquo;administration \u00e0 l&rsquo;effet d&rsquo;\u00e9mettre des actions de la Soci\u00e9t\u00e9 et des valeurs mobili\u00e8res donnant acc\u00e8s \u00e0 des actions de la Soci\u00e9t\u00e9 ou de l\u2019une de ses filiales, avec maintien du droit pr\u00e9f\u00e9rentiel de souscription des actionnaires<\/td>\n<td valign=\"top\" width=\"67\">\n<p align=\"center\">non<\/p>\n<\/td>\n<td style=\"text-align: left;\" valign=\"top\" width=\"307\">Permet la manipulation d\u2019instruments financiers qui ne sont pas la vocation de l\u2019entreprise et qui opacifient sa gestion.Mais il est vrai que la Direction n\u2019a pas besoin de cette r\u00e9solution pour supprimer les droits de vote pr\u00e9f\u00e9rentiel. Thierry Breton lors de l\u2019augmentation de 15 milliards avait choisi un d\u00e9lai trop court pour permettre aux fonds de se r\u00e9unir pour r\u00e9pondre favorablement et d\u00e8s lors offrait aux banquiers de ramasser la mise en achetant des actions \u00e0 6 euros, liquidant la situation des salari\u00e9s actionnaires\u2026<\/td>\n<\/tr>\n<tr>\n<td valign=\"top\" width=\"214\">12 &#8211; D\u00e9l\u00e9gation de comp\u00e9tence au Conseil d&rsquo;administration \u00e0 l&rsquo;effet d&rsquo;\u00e9mettre des actions de la Soci\u00e9t\u00e9 et des valeurs mobili\u00e8res donnant acc\u00e8s \u00e0 des actions de la Soci\u00e9t\u00e9 ou de l\u2019une de ses filiales, avec suppression du droit pr\u00e9f\u00e9rentiel de souscription des actionnaires dans le cadre d\u2019une offre au public<\/td>\n<td valign=\"top\" width=\"67\">\n<p align=\"center\">non<\/p>\n<\/td>\n<td valign=\"top\" width=\"307\">idem r\u00e9so 11<\/td>\n<\/tr>\n<tr>\n<td valign=\"top\" width=\"214\">13 &#8211; D\u00e9l\u00e9gation de comp\u00e9tence au Conseil d\u2019administration, \u00e0 l&rsquo;effet d&rsquo;\u00e9mettre des actions de la Soci\u00e9t\u00e9 et des valeurs mobili\u00e8res donnant acc\u00e8s \u00e0 des actions de la Soci\u00e9t\u00e9 ou de l\u2019une de ses filiales, avec suppression du droit pr\u00e9f\u00e9rentiel de souscription des actionnaires, dans le cadre d&rsquo;une offre vis\u00e9e au II de l&rsquo;article L. 411-2 du Code mon\u00e9taire et financier<\/td>\n<td valign=\"top\" width=\"67\">\n<p align=\"center\">non<\/p>\n<\/td>\n<td valign=\"top\" width=\"307\">idem r\u00e9so 11<\/td>\n<\/tr>\n<tr>\n<td valign=\"top\" width=\"214\">14 &#8211; Autorisation au Conseil d&rsquo;administration \u00e0 l&rsquo;effet, en cas d\u2019augmentation de capital, d\u2019augmenter le nombre de titres \u00e0 \u00e9mettre<\/td>\n<td valign=\"top\" width=\"67\">\n<p align=\"center\">Non<\/p>\n<\/td>\n<td style=\"text-align: left;\" valign=\"top\" width=\"307\">Le Conseil d\u2019Administration dispose d\u00e9j\u00e0 de la capacit\u00e9 de d\u00e9cider seul, dans la limite de \u00a015% d\u2019une \u00e9mission initiale, comme c\u2019est pr\u00e9vu depuis l\u2019AG de 2011.La CFE-CGC\/UNSA pr\u00e9conise qu\u2019au-del\u00e0, la d\u00e9cision soit prise par une Assembl\u00e9e g\u00e9n\u00e9rale extraordinaire.<\/td>\n<\/tr>\n<tr>\n<td valign=\"top\" width=\"214\">15 &#8211; D\u00e9l\u00e9gation de comp\u00e9tence au Conseil d&rsquo;administration \u00e0 l&rsquo;effet d&rsquo;\u00e9mettre des actions et des valeurs mobili\u00e8res donnant acc\u00e8s \u00e0 des actions, avec suppression du droit pr\u00e9f\u00e9rentiel de souscription des actionnaires, en cas d&rsquo;offre publique d&rsquo;\u00e9change initi\u00e9e par la Soci\u00e9t\u00e9<\/td>\n<td valign=\"top\" width=\"67\">\n<p align=\"center\">non<\/p>\n<\/td>\n<td valign=\"top\" width=\"307\">idem r\u00e9so 11<\/td>\n<\/tr>\n<tr>\n<td valign=\"top\" width=\"214\">16 &#8211; D\u00e9l\u00e9gation de pouvoirs au Conseil d&rsquo;administration \u00e0 l&rsquo;effet d&rsquo;\u00e9mettre des actions et des valeurs mobili\u00e8res donnant acc\u00e8s \u00e0 des actions, avec suppression du droit pr\u00e9f\u00e9rentiel de souscription des actionnaires, en vue de r\u00e9mun\u00e9rer des apports en nature consentis \u00e0 la Soci\u00e9t\u00e9 et constitu\u00e9s de titres de capital ou de valeurs mobili\u00e8res donnant acc\u00e8s au capital)<\/td>\n<td valign=\"top\" width=\"67\">\n<p align=\"center\">non<\/p>\n<\/td>\n<td valign=\"top\" width=\"307\">idem r\u00e9so 11<\/td>\n<\/tr>\n<tr>\n<td valign=\"top\" width=\"214\">17 &#8211; D\u00e9l\u00e9gation de pouvoirs au Conseil d\u2019administration \u00e0 l\u2019effet d\u2019\u00e9mettre des actions r\u00e9serv\u00e9es aux personnes ayant sign\u00e9 un contrat de liquidit\u00e9 avec la Soci\u00e9t\u00e9 en leur qualit\u00e9 de titulaires d\u2019actions ou d\u2019options de souscription d\u2019actions de la soci\u00e9t\u00e9 Orange Holding S.A., ex. Orange S.A., avec suppression du droit pr\u00e9f\u00e9rentiel de souscription des actionnaires<\/td>\n<td valign=\"top\" width=\"67\">\n<p align=\"center\">oui<\/p>\n<\/td>\n<td style=\"text-align: left;\" valign=\"top\" width=\"307\">Tous les salari\u00e9s d\u2019Orange ont b\u00e9n\u00e9fici\u00e9 de la possibilit\u00e9 de souscrire \u00e0 une augmentation de capital d\u2019Orange France. Au moment de la fusion avec France T\u00e9l\u00e9com, ces droits doivent \u00eatre transf\u00e9r\u00e9s pour souscrire au capital de France T\u00e9l\u00e9com.<\/td>\n<\/tr>\n<tr>\n<td valign=\"top\" width=\"214\">18 &#8211; Limitation globale des autorisations<\/td>\n<td valign=\"top\" width=\"67\">\n<p align=\"center\">non<\/p>\n<\/td>\n<td style=\"text-align: left;\" valign=\"top\" width=\"307\">Il s\u2019agit de fixer \u00e0 3,5 milliards d&rsquo;euros le montant nominal maximum d&rsquo;augmentation de capital de la Soci\u00e9t\u00e9, imm\u00e9diate ou \u00e0 terme, susceptibles d\u2019\u00eatre r\u00e9alis\u00e9es en vertu des d\u00e9l\u00e9gations conf\u00e9r\u00e9es par les onzi\u00e8me \u00e0 dix-septi\u00e8me r\u00e9solutions soumises \u00e0 la pr\u00e9sente Assembl\u00e9e, \u00e9tant pr\u00e9cis\u00e9 qu\u2019\u00e0 ce montant nominal s\u2019ajoutera, \u00e9ventuellement, le montant nominal des actions \u00e0 \u00e9mettre pour pr\u00e9server conform\u00e9ment \u00e0 la loi les droits des titulaires de valeurs mobili\u00e8res donnant acc\u00e8s \u00e0 des actions.La limite propos\u00e9e pour laisser le Conseil d\u2019Administration agir sans recueillir le vote de l\u2019Assembl\u00e9e G\u00e9n\u00e9rale des actionnaires est exorbitante.<\/td>\n<\/tr>\n<tr>\n<td valign=\"top\" width=\"214\">19 &#8211; D\u00e9l\u00e9gation de comp\u00e9tence au Conseil d&rsquo;administration \u00e0 l&rsquo;effet d&rsquo;augmenter le capital de la Soci\u00e9t\u00e9 par incorporation de r\u00e9serves, b\u00e9n\u00e9fices ou primes<\/td>\n<td valign=\"top\" width=\"67\">\n<p align=\"center\">oui<\/p>\n<\/td>\n<td valign=\"top\" width=\"307\">Il s\u2019agit de laisser le CA d\u00e9cider d\u2019augmenter le capital social, en une ou plusieurs fois aux \u00e9poques et selon les modalit\u00e9s qu\u2019il d\u00e9terminera, par incorporation au capital de r\u00e9serves, b\u00e9n\u00e9fices ou primes, suivie de la cr\u00e9ation et de l\u2019attribution gratuite d&rsquo;actions ou de l\u2019\u00e9l\u00e9vation du nominal des actions existantes, ou de la combinaison de ces deux modalit\u00e9s, pour un montant maximum de 2 milliards d&rsquo;euros.De telles op\u00e9rations stabilisent et p\u00e9rennisent les fonds propres.<\/td>\n<\/tr>\n<tr>\n<td valign=\"top\" width=\"214\">20 &#8211; D\u00e9l\u00e9gation de comp\u00e9tence au Conseil d&rsquo;administration \u00e0 l&rsquo;effet de proc\u00e9der \u00e0 des augmentations de capital r\u00e9serv\u00e9es aux adh\u00e9rents de plans d&rsquo;\u00e9pargne entra\u00eenant la suppression du droit pr\u00e9f\u00e9rentiel de souscription des actionnaires<\/td>\n<td valign=\"top\" width=\"67\">\n<p align=\"center\">oui<\/p>\n<\/td>\n<td valign=\"top\" width=\"307\">Destin\u00e9 \u00e0 favoriser l\u2019actionnariat salari\u00e9, et limit\u00e9 \u00e0 400 millions d\u2019euros.N\u00e9anmoins, il faut rester vigilant\u00a0: rappelons au passage que la derni\u00e8re offre r\u00e9serv\u00e9e au personnel, Orange Success, s\u2019est sold\u00e9e par un fiasco. Suite \u00e0 la d\u00e9cision du Conseil d\u2019\u00c9tat qui a confirm\u00e9 nos analyses, il reste \u00e0 mettre en \u0153uvre le d\u00e9dommagement des personnels, que la Direction refuse d\u2019envisager\u00a0!!<\/td>\n<\/tr>\n<tr>\n<td valign=\"top\" width=\"214\">21 &#8211; Autorisation au CA de r\u00e9duire le capital par annulation d\u2019actions<\/td>\n<td valign=\"top\" width=\"67\">\n<p align=\"center\">non<\/p>\n<\/td>\n<td valign=\"top\" width=\"307\">Cette r\u00e9solution sert \u00e0 favoriser les dispositions de rachat du capital pour faire monter artificiellement le cours\u00a0: une\u00a0 dilapidation des ressources de l\u2019entreprise pour payer plus grassement les d\u00e9tenteurs de stock-options.<\/td>\n<\/tr>\n<tr>\n<td valign=\"top\" width=\"214\">22 &#8211; Pouvoirs pour formalit\u00e9s<\/td>\n<td valign=\"top\" width=\"67\">\n<p align=\"center\">oui<\/p>\n<\/td>\n<td valign=\"top\" width=\"307\">Il faut enregistrer les \u00e9v\u00e9nements l\u00e9gaux de l\u2019entreprise.<\/td>\n<\/tr>\n<\/tbody>\n<\/table>\n<h2 id=\"voteCS\">Le vote de vos repr\u00e9sentants dans les Conseils de Surveillance<\/h2>\n<p>Les actions France T\u00e9l\u00e9com d\u00e9tenues par le personnel du Groupe (4,63% du capital fin 2012) sont pour l\u2019essentiel log\u00e9es dans le fonds France T\u00e9l\u00e9com Actions du PEG. L\u2019expression des personnels actionnaires, notamment \u00e0 l\u2019occasion de l\u2019Assembl\u00e9e G\u00e9n\u00e9rale annuelle de France T\u00e9l\u00e9com, est donc port\u00e9e par le Conseil de Surveillance de ce fonds.<\/p>\n<h3>2012\u00a0: les personnels actionnaires proposent la baisse du dividende<\/h3>\n<p>En 2012, pour la premi\u00e8re fois dans l\u2019histoire de l\u2019entreprise,<a href=\"http:\/\/www.lesechos.fr\/06\/04\/2012\/LesEchos\/21161-116-ECH_les-actionnaires-salaries-d-orange-veulent-reduire-d-un-tiers-le-dividende.htm\"> les personnels actionnaires ont pu soumettre au vote de l\u2019AG une r\u00e9solution proposant le dividende \u00e0 1 \u20ac par action,<\/a> au lieu de 1,40 \u20ac propos\u00e9 par le Conseil d\u2019Administration. A la surprise des observateurs, cette r\u00e9solution <a href=\"https:\/\/www.adeas.org\/index.php\/laction-de-ladeas\/baisser-le-dividende-reste-une-priorite\/\">avait recueilli 15% des suffrages<\/a>, soit plus de 3 fois le poids des personnels actionnaires.<\/p>\n<h3>2013\u00a0: virage \u00e0 180 degr\u00e9s<\/h3>\n<p><a href=\"http:\/\/www.cfecgc-orange.org\/participation-interessement-et-actionnariat\/\">Le 4 mars 2013<\/a>, la Direction fait savoir aux organisations syndicales qu\u2019elle revient aux pratiques de l\u2019\u00e8re Lombard, contraires \u00e0 la Directive europ\u00e9enne <a href=\"http:\/\/eur-lex.europa.eu\/LexUriServ\/LexUriServ.do?uri=OJ:L:2007:184:0017:0024:FR:PDF\">2007\/36\/CE<\/a> (malheureusement toujours pas transcrite en droit fran\u00e7ais) et aux <a href=\"http:\/\/www.amf-france.org\/documents\/general\/9852_1.pdf\">recommandations de l\u2019AMF<\/a>, et qu\u2019elle donnera instruction aux repr\u00e9sentants de la Direction de prendre part \u00e0 tous les votes du Conseil de Surveillance, en particulier lors de la s\u00e9ance du 3 avril pr\u00e9parant l\u2019AG des actionnaires de France T\u00e9l\u00e9com.<\/p>\n<h3>R\u00e9solutions des personnels actionnaires enterr\u00e9es<\/h3>\n<p>Les 11 projets de r\u00e9solution propos\u00e9s par les repr\u00e9sentants du personnel actionnaire ont \u00e9t\u00e9 balay\u00e9s par le vote de la Direction, y compris les 3 r\u00e9solutions qui recueillaient la majorit\u00e9 voire l\u2019unanimit\u00e9 du c\u00f4t\u00e9 des organisations syndicales\u00a0:<\/p>\n<ul>\n<li><b>Suppression du versement du solde du dividende au titre de l\u2019exercice 2012<\/b>. Pour tenir compte de la baisse s\u00e9v\u00e8re du r\u00e9sultat net, les repr\u00e9sentants des personnels actionnaires souhaitaient proposer de s\u2019en tenir \u00e0 l\u2019acompte de 0,58 \u20ac vers\u00e9 en septembre 2012.<\/li>\n<li><b>Prime de fid\u00e9lit\u00e9 de 10% du dividende pour les actionnaires inscrits au nominatif<\/b> depuis plus de 24 mois et ne d\u00e9passant pas 0,5% du capital, afin de privil\u00e9gier les actionnaires stables au d\u00e9triment des sp\u00e9culateurs.<\/li>\n<li><b>Suppression du droit du Conseil d\u2019Administration \u00e0 d\u00e9cider du versement d\u2019un acompte sur dividende<\/b>, afin de rendre la main \u00e0 l\u2019AG des actionnaires pour le choix de l\u2019affectation du r\u00e9sultat. Une telle mesure rendrait notamment possible la suspension du versement de dividende si les r\u00e9sultats ne sont pas au rendez-vous.<\/li>\n<\/ul>\n<p><b>Au regard de l&rsquo;entrave constat\u00e9e sur le vote de ces r\u00e9solutions, la CFE-CGC\/UNSA se r\u00e9serve le droit de saisir les autorit\u00e9s judiciaires.<\/b><\/p>\n<p>La Direction s\u2019est \u00e9galement oppos\u00e9e aux 2 r\u00e9solutions visant \u00e0 prendre en compte les pr\u00e9conisations du Pr\u00e9sident de la R\u00e9publique concernant l\u2019encadrement de la r\u00e9mun\u00e9ration des dirigeants et leur soumission \u00e0 un avis consultatif de l\u2019AG des actionnaires.<\/p>\n<h3>Conseil de surveillance manipul\u00e9<\/h3>\n<p>Le Conseil de surveillance devait \u00e9galement s\u2019exprimer sur les 22 r\u00e9solutions propos\u00e9es par le Conseil d\u2019Administration de France T\u00e9l\u00e9com, que vous pouvez retrouver<a href=\"http:\/\/webe.emv3.com\/bp2s_cgt\/email\/documents\/FT_Avis_Convocation_FR.pdf\"> page 18 de l\u2019avis de convocation \u00e0 l\u2019AG<\/a>. En prenant part \u00e0 tous les votes, la Direction r\u00e9ussit \u00e0 faire croire \u00e0 l\u2019AG des actionnaires que les personnels ont valid\u00e9 toutes les r\u00e9solutions propos\u00e9es par le Conseil d\u2019Administration. En r\u00e9alit\u00e9, il lui suffit de s&rsquo;assurer du soutien d&rsquo;une seule organisation syndicale pour arriver \u00e0 ses fins. Il s\u2019en trouve malheureusement toujours une pour accepter la compromission. Cette ann\u00e9e, c\u2019est FO qui s\u2019y colle\u00a0!<\/p>\n<h3>Les petits arrangements entre amis continuent\u2026<\/h3>\n<p><a href=\"https:\/\/www.adeas.org\/index.php\/nos-analyses\/comment-une-os-devenue-non-representative-trahit-les-salaries-en-catimini\/\">Marc Maouche<\/a> a c\u00e9d\u00e9 sa place, le 25 Juillet 2012, \u00e0 Jean Luc Burgain, (FO), en tant qu\u2019administrateur repr\u00e9sentant des actionnaires salari\u00e9s.<\/p>\n<p>Leurs points communs\u00a0?<\/p>\n<ul>\n<li>Ils appartiennent tous les deux \u00e0 une association d\u2019actionnaires salari\u00e9s soi-disant ind\u00e9pendante de la Direction\u2026 mais financ\u00e9e par France T\u00e9l\u00e9com \u00e0 90%<\/li>\n<li>Ils sont les seuls \u00e0 voter toutes les r\u00e9solutions propos\u00e9es par le Conseil d\u2019administration de l\u2019entreprise au sein du Conseil de Surveillance<\/li>\n<li>Bien qu\u2019officiellement mandat\u00e9s par une organisation syndicale, ce sont les seuls qui encaissent \u00e0 titre personnel les jetons de pr\u00e9sences distribu\u00e9s aux membres du Conseil d\u2019Administration. Marc Maouche a ainsi per\u00e7u 95\u00a0000 euros au titre des exercices 2010 \u00e0 2012 inclus, Jean-Luc Burgain 21\u00a0000 euros pour la moiti\u00e9 de l\u2019exercice 2012 (<a href=\"http:\/\/www.orange.com\/fr\/content\/download\/12506\/259363\/version\/2\/file\/2012+Doc+de+reference.pdf\">document de r\u00e9f\u00e9rence 2012<\/a>, p. 276)<\/li>\n<\/ul>\n<h3>Questions \u00e9crites censur\u00e9es<\/h3>\n<p>Les repr\u00e9sentants du personnel avaient propos\u00e9 de soumettre 18 questions \u00e9crites, auxquelles la Direction de l\u2019entreprise est tenue de r\u00e9pondre lors de l\u2019Assembl\u00e9e G\u00e9n\u00e9rale. <b>Seules 7 questions, regroup\u00e9es en 4 th\u00e8mes, pourront finalement \u00eatre pos\u00e9es au nom des personnels actionnaires.<\/b> Pour obtenir ce r\u00e9sultat, la Direction n\u2019a pas pris part au vote, mais elle a manipul\u00e9 les r\u00e9sultats, consid\u00e9rant les abstentions comme des votes n\u00e9gatifs\u00a0!<\/p>\n<p>Les questions retenues\u00a0:<\/p>\n<ul>\n<li><b>Pr\u00e9sence du Groupe en Espagne<\/b>\u00a0: quel est le montant des investissements consentis pour l\u2019acquisition et le d\u00e9veloppement des activit\u00e9s, ainsi que leur contribution aux r\u00e9sultats du Groupe depuis l\u2019acquisition en mai 2005 de la soci\u00e9t\u00e9 Amena (par ann\u00e9e et en cumul\u00e9)\u00a0? Est-ce que ces op\u00e9rations ont \u00e9t\u00e9 profitables pour les actionnaires\u00a0?<\/li>\n<li><b>Pr\u00e9sence du Groupe \u00e0 l\u2019\u00e9tranger\u00a0: <\/b>liste, montant et r\u00e9sultats des cessions de filiales hors zone euro d\u2019un montant sup\u00e9rieur \u00e0 100 millions d\u2019euros qui ont eu lieu par le pass\u00e9\u00a0?<\/li>\n<li>Quel a \u00e9t\u00e9 le prix d\u2019acquisition de la <b>marque Orange<\/b> et quelle est sa dur\u00e9e d\u2019exploitation pr\u00e9visible\u00a0?<\/li>\n<li><b>Orange Success\u00a0<\/b>: Par une d\u00e9cision de novembre 2011, le Conseil d\u2019\u00c9tat a annul\u00e9 l\u2019arr\u00eat\u00e9 du Ministre de l\u2019\u00c9conomie, des Finances et de l\u2019Emploi dans le cadre de l\u2019offre r\u00e9serv\u00e9e au personnel du Groupe appel\u00e9e \u00ab\u00a0Orange Success 2007\u00a0\u00bb\u00a0: le pr\u00e9judice individuel est estim\u00e9, sur la base de 33\u00a0000 salari\u00e9s, \u00e0 un minimum de 1\u00a0000 euros par salari\u00e9 sur la base d\u2019une r\u00e9partition redress\u00e9e conform\u00e9ment \u00e0 la loi. En raison des r\u00e9sultats publi\u00e9s, il est fort probable qu\u2019en d\u00e9cembre 2013 la condition de performance fix\u00e9e dans le plan d\u2019attribution gratuite d\u2019actions \u00ab\u00a0Partageons\u00a0\u00bb ne sera pas atteinte. Les actions d\u00e9j\u00e0 acquises via le programme de rachat d\u2019actions pourraient-elles \u00eatre utilis\u00e9es comme un moyen de r\u00e9gler le pr\u00e9judice estim\u00e9 sur l\u2019op\u00e9ration \u00ab\u00a0Orange Success 2007\u00a0\u00bb\u00a0?<\/li>\n<\/ul>\n<h3>L\u2019ADEAS posera 3 questions \u00e9crites\u2026<\/h3>\n<p>Devenue actionnaire de l\u2019ensemble des op\u00e9rateurs de t\u00e9l\u00e9communications fran\u00e7ais, et donc de France T\u00e9l\u00e9com-Orange, l\u2019ADEAS posera, au nom des personnels actionnaires, les questions qu\u2019elle avait propos\u00e9es, avec la CFE-CGC\/UNSA, au Conseil de Surveillance.<\/p>\n<ul>\n<li>Quel est le montant de la retraite suppl\u00e9mentaire (ou retraite chapeau) dont b\u00e9n\u00e9ficie Monsieur Didier Lombard\u00a0? Quel montant lui a \u00e9t\u00e9 vers\u00e9 \u00e0 ce titre en 2011 et en 2012\u00a0?<\/li>\n<li>Monsieur Didier Lombard a \u00e9t\u00e9 mis en examen le 4 juillet 2012, apr\u00e8s avoir quitt\u00e9 l&rsquo;entreprise, mais au titre de sa mission de mandataire social de France T\u00e9l\u00e9com. Qui paie sa d\u00e9fense p\u00e9nale\u00a0? A quel titre et dans quel cadre juridique\u00a0? Quelle charge financi\u00e8re cela repr\u00e9sente-t-il pour l\u2019entreprise\u00a0?<\/li>\n<li>M\u00eame question concernant Messieurs Wenes et Barberot, \u00e9galement mis en examen dans le m\u00eame cadre.<\/li>\n<\/ul>\n<h3>\u2026 vous pouvez aussi poser les v\u00f4tres<\/h3>\n<p style=\"text-align: left;\">Jusqu\u2019au<b> mercredi 22 mai, minuit, heure de Paris<\/b>, chaque actionnaire peut adresser ses questions par lettre recommand\u00e9e avec avis de r\u00e9ception, au Pr\u00e9sident du Conseil d\u2019administration, 78, rue Olivier de Serres, 75505 Paris cedex 15, ou \u00e0 l\u2019adresse \u00e9lectronique suivante : <a title=\"blocked::mailto:assemblee.generale@orange.com\" href=\"mailto:assemblee.generale@orange.com\" target=\"_parent\">assemblee.generale@orange.com<\/a>, accompagn\u00e9es, pour les titulaires d\u2019actions d\u00e9tenues au porteur, d\u2019une attestation d\u2019inscription en compte d\u2019actionnaire.<\/p>\n","protected":false},"excerpt":{"rendered":"<p>Edit du 15 f\u00e9vrier 2017 : si vous arrivez ici depuis notre communication sur les \u00e9lections Cap&rsquo;Orange 2017, le chapitre \u00e0 lire concerne Le vote de vos repr\u00e9sentants dans les Conseils de Surveillance. Vous pouvez aussi consulter les liens ins\u00e9r\u00e9s dans ce chapitre vers d&rsquo;autres billets, tout aussi \u00e9clairants. &nbsp; L\u2019Assembl\u00e9e G\u00e9n\u00e9rale des actionnaires de [&hellip;]<\/p>\n","protected":false},"author":3,"featured_media":0,"comment_status":"open","ping_status":"closed","sticky":false,"template":"","format":"standard","meta":{"_monsterinsights_skip_tracking":false,"_monsterinsights_sitenote_active":false,"_monsterinsights_sitenote_note":"","_monsterinsights_sitenote_category":0,"footnotes":""},"categories":[28,25],"tags":[11,42,36,17],"class_list":["post-881","post","type-post","status-publish","format-standard","hentry","category-en-pratique","category-nos-analyses","tag-actionnariat-salarie","tag-assemblee-generale","tag-dividendes","tag-pratique"],"_links":{"self":[{"href":"https:\/\/www.adeas.org\/index.php\/wp-json\/wp\/v2\/posts\/881","targetHints":{"allow":["GET"]}}],"collection":[{"href":"https:\/\/www.adeas.org\/index.php\/wp-json\/wp\/v2\/posts"}],"about":[{"href":"https:\/\/www.adeas.org\/index.php\/wp-json\/wp\/v2\/types\/post"}],"author":[{"embeddable":true,"href":"https:\/\/www.adeas.org\/index.php\/wp-json\/wp\/v2\/users\/3"}],"replies":[{"embeddable":true,"href":"https:\/\/www.adeas.org\/index.php\/wp-json\/wp\/v2\/comments?post=881"}],"version-history":[{"count":21,"href":"https:\/\/www.adeas.org\/index.php\/wp-json\/wp\/v2\/posts\/881\/revisions"}],"predecessor-version":[{"id":1683,"href":"https:\/\/www.adeas.org\/index.php\/wp-json\/wp\/v2\/posts\/881\/revisions\/1683"}],"wp:attachment":[{"href":"https:\/\/www.adeas.org\/index.php\/wp-json\/wp\/v2\/media?parent=881"}],"wp:term":[{"taxonomy":"category","embeddable":true,"href":"https:\/\/www.adeas.org\/index.php\/wp-json\/wp\/v2\/categories?post=881"},{"taxonomy":"post_tag","embeddable":true,"href":"https:\/\/www.adeas.org\/index.php\/wp-json\/wp\/v2\/tags?post=881"}],"curies":[{"name":"wp","href":"https:\/\/api.w.org\/{rel}","templated":true}]}}