{"id":867,"date":"2013-03-28T17:40:56","date_gmt":"2013-03-28T16:40:56","guid":{"rendered":"http:\/\/www.adeas.org\/?p=867"},"modified":"2016-04-11T19:51:42","modified_gmt":"2016-04-11T17:51:42","slug":"gouvernance-des-fonds-du-peg-la-direction-veut-elle-museler-les-personnels-actionnaires","status":"publish","type":"post","link":"https:\/\/www.adeas.org\/index.php\/laction-de-ladeas\/gouvernance-des-fonds-du-peg-la-direction-veut-elle-museler-les-personnels-actionnaires\/","title":{"rendered":"Gouvernance des fonds du PEG : la Direction veut-elle museler les personnels actionnaires ?"},"content":{"rendered":"<p>Depuis plusieurs ann\u00e9es, la CFE-CGC\/UNSA et l&rsquo;ADEAS se battent pour que les recommandations de l&rsquo;<a href=\"http:\/\/www.amf-france.org\/\">AMF<\/a> (Autorit\u00e9 des March\u00e9s Financiers) soient respect\u00e9es dans la gouvernance des fonds du Plan d&rsquo;Epargne Groupe, et en particulier le fonds FTSA rassemblant les actions France T\u00e9l\u00e9com d\u00e9tenues par le personnel de l&rsquo;entreprise.<\/p>\n<p>Les <a href=\"http:\/\/www.amf-france.org\/documents\/general\/9852_1.pdf\">recommandations de l&rsquo;AMF<\/a> visent particulier \u00e0 prendre en compte les droits des salari\u00e9s actionnaires tels que d\u00e9finis par les directives europ\u00e9ennes de 2007 (actuellement non transcrites en droit fran\u00e7ais), et \u00e0 pr\u00e9venir tout conflit d&rsquo;int\u00e9r\u00eat dans la gouvernance des fonds. Il s&rsquo;agit notamment de permettre aux salari\u00e9s actionnaires de proposer des r\u00e9solutions au vote de l&rsquo;Assembl\u00e9e G\u00e9n\u00e9rale des actionnaires de France T\u00e9l\u00e9com.<\/p>\n<p><a href=\"https:\/\/www.adeas.org\/index.php\/laction-de-ladeas\/apres-3-ans-de-bataille-la-voix-des-personnels-actionnaires-sera-entendue-a-lassemblee-generale-de-france-telecom\/\">En 2012, la Direction de France T\u00e9l\u00e9com s&rsquo;y \u00e9tait conform\u00e9e<\/a>, en ne prenant pas part aux votes concernant le choix du Pr\u00e9sident du Conseil de Surveillance, et la proposition d&rsquo;une r\u00e9solution \u00e0 l\u2019Assembl\u00e9e G\u00e9n\u00e9rale des actionnaires.<\/p>\n<p>Mais en 2013, la Direction envisage de revenir en arri\u00e8re sur ce point, comme l&rsquo;indique <a href=\"http:\/\/www.cfecgc-orange.org\/images\/stories\/documents\/ParticipationInteressementActionnariat\/Actionnariat_salarie.pdf\">ce courrier de Monsieur Mettling<\/a><\/p>\n<p>La Direction en effet s&rsquo;arque-boute sur une seule modalit\u00e9 de prise en compte des recommandations de l&rsquo;AMF : l&rsquo;\u00e9lection directe des repr\u00e9sentants dans les fonds par les porteurs de parts, qu&rsquo;elle souhaite mettre en oeuvre en dehors du cadre l\u00e9gal de la n\u00e9gociation avec les repr\u00e9sentants du personnel. Les organisations syndicales ont unanimement refus\u00e9 un tel proc\u00e9d\u00e9.<\/p>\n<p>La CFE-CGCUNSA n&rsquo;entend pas laisser la Direction de l&rsquo;entreprise enfreindre le droit l\u00e9gitime des actionnaires salari\u00e9s, et prendra toutes les mesures judiciaires n\u00e9cessaires s&rsquo;il n&rsquo;est pas respect\u00e9 lors de la pr\u00e9paration de l&rsquo;Assembl\u00e9e G\u00e9n\u00e9rale de 2013.<\/p>\n<p><a href=\"http:\/\/www.cfecgc-orange.org\/images\/stories\/documents\/ParticipationInteressementActionnariat\/2013_-_Courriera_B-METTLING_-_Conseils-de-Surveillance-des-fonds__20_mars_2013_.pdf\"><strong>T\u00e9l\u00e9charger la r\u00e9ponse de la CFE-CGC\/UNSA au courrier de B. Mettling<\/strong><\/a><\/p>\n","protected":false},"excerpt":{"rendered":"<p>Depuis plusieurs ann\u00e9es, la CFE-CGC\/UNSA et l&rsquo;ADEAS se battent pour que les recommandations de l&rsquo;AMF (Autorit\u00e9 des March\u00e9s Financiers) soient respect\u00e9es dans la gouvernance des fonds du Plan d&rsquo;Epargne Groupe, et en particulier le fonds FTSA rassemblant les actions France T\u00e9l\u00e9com d\u00e9tenues par le personnel de l&rsquo;entreprise. Les recommandations de l&rsquo;AMF visent particulier \u00e0 prendre [&hellip;]<\/p>\n","protected":false},"author":3,"featured_media":0,"comment_status":"open","ping_status":"closed","sticky":false,"template":"","format":"standard","meta":{"_monsterinsights_skip_tracking":false,"_monsterinsights_sitenote_active":false,"_monsterinsights_sitenote_note":"","_monsterinsights_sitenote_category":0,"footnotes":""},"categories":[3],"tags":[11,42,48,15],"class_list":["post-867","post","type-post","status-publish","format-standard","hentry","category-laction-de-ladeas","tag-actionnariat-salarie","tag-assemblee-generale","tag-gouvernance","tag-legislation"],"_links":{"self":[{"href":"https:\/\/www.adeas.org\/index.php\/wp-json\/wp\/v2\/posts\/867","targetHints":{"allow":["GET"]}}],"collection":[{"href":"https:\/\/www.adeas.org\/index.php\/wp-json\/wp\/v2\/posts"}],"about":[{"href":"https:\/\/www.adeas.org\/index.php\/wp-json\/wp\/v2\/types\/post"}],"author":[{"embeddable":true,"href":"https:\/\/www.adeas.org\/index.php\/wp-json\/wp\/v2\/users\/3"}],"replies":[{"embeddable":true,"href":"https:\/\/www.adeas.org\/index.php\/wp-json\/wp\/v2\/comments?post=867"}],"version-history":[{"count":3,"href":"https:\/\/www.adeas.org\/index.php\/wp-json\/wp\/v2\/posts\/867\/revisions"}],"predecessor-version":[{"id":1405,"href":"https:\/\/www.adeas.org\/index.php\/wp-json\/wp\/v2\/posts\/867\/revisions\/1405"}],"wp:attachment":[{"href":"https:\/\/www.adeas.org\/index.php\/wp-json\/wp\/v2\/media?parent=867"}],"wp:term":[{"taxonomy":"category","embeddable":true,"href":"https:\/\/www.adeas.org\/index.php\/wp-json\/wp\/v2\/categories?post=867"},{"taxonomy":"post_tag","embeddable":true,"href":"https:\/\/www.adeas.org\/index.php\/wp-json\/wp\/v2\/tags?post=867"}],"curies":[{"name":"wp","href":"https:\/\/api.w.org\/{rel}","templated":true}]}}