{"id":831,"date":"2012-10-31T10:18:29","date_gmt":"2012-10-31T09:18:29","guid":{"rendered":"http:\/\/www.adeas.org\/?p=831"},"modified":"2012-10-31T10:32:15","modified_gmt":"2012-10-31T09:32:15","slug":"resultats-orange-victime-des-baisses-tarifaires-des-mobiles","status":"publish","type":"post","link":"https:\/\/www.adeas.org\/index.php\/revue-de-web\/resultats-orange-victime-des-baisses-tarifaires-des-mobiles\/","title":{"rendered":"R\u00e9sultats : Orange victime des baisses tarifaires des mobiles"},"content":{"rendered":"<blockquote><p>Sur le march\u00e9 fran\u00e7ais, le chiffre d\u2019affaires de l\u2019op\u00e9rateur s\u2019\u00e9l\u00e8ve \u00e0 5,3 milliards d\u2019euros sur le trimestre (-5,4 %) et 16,1 milliards depuis le d\u00e9but de l\u2019ann\u00e9e (-4,8 %). Le r\u00e9sultat net (Ebitda) s\u2019\u00e9l\u00e8ve \u00e0 3,6 milliards (-7,3 %). La marge baisse \u00e0 33,9 % contre 35,3 % un an plus t\u00f4t. Les investissements affichent une l\u00e9g\u00e8re hausse \u00e0 11,5 % du chiffre d\u2019affaires (+0,2 point). Mais la tr\u00e9sorerie diminue de pr\u00e8s de 10 % \u00e0 2,4 milliards.<\/p>\n<p>La tendance \u00e0 la baisse devrait se poursuivre en 2013, toujours suite \u00e0 la pression tarifaire induite par l\u2019arriv\u00e9e de Free Mobile, mais aussi par la situation \u00e9conomique et les mesures de r\u00e9gulation. Mais le groupe esp\u00e8re un retour de croissance du cash flow en 2014.<\/p>\n<p><em>\u00ab\u00a0Nous agirons dans le respect de notre contrat social et sans rel\u00e2cher nos investissements dans le d\u00e9ploiement des r\u00e9seaux tr\u00e8s haut d\u00e9bit, fibre et 4G, notamment en France o\u00f9 nous confirmons notre plan de d\u00e9ploiement FTTH de 2 milliards d\u2019euros sur la p\u00e9riode 2010-2015\u00a0\u00bb<\/em>, pr\u00e9cise <strong>St\u00e9phane Richard<\/strong>, PDG de France T\u00e9l\u00e9com, qui annonce un ajustement du dividende de 0,80 euro par action pour 2012 et 2013 afin de pr\u00e9server la solidit\u00e9 financi\u00e8re du groupe.<\/p>\n<p>Ce dont l\u2019union syndicale de l\u2019entreprise (CFE-CGC\/UNSA) et l\u2019ADEAS (association des salari\u00e9s \u00e9pargnant) se f\u00e9licite. Elle rappelle que <em>\u00ab\u00a0ces r\u00e9sultats en baisse sont le r\u00e9sultat de la politique dict\u00e9e par les actionnaires principaux que sont l\u2019\u00c9tat et le FSI qui ont exig\u00e9 pendant de nombreuses ann\u00e9es des dividendes d\u00e9raisonnables emp\u00eachant l\u2019investissement, mais aussi des d\u00e9cisions abracadabrantesques du r\u00e9gulateur qui a d\u00e9truit massivement de la valeur et de l\u2019emploi en France\u00a0\u00bb<\/em>.<\/p><\/blockquote>\n<p>Extrait de <a href=\"http:\/\/www.silicon.fr\/orange-resultats-2012-3e-trimestre-80085.html\">Silicon.fr du 25 octobre 2012<\/a>. Vous pouvez lire l&rsquo;article complet sur le site du support.<\/p>\n","protected":false},"excerpt":{"rendered":"<p>Sur le march\u00e9 fran\u00e7ais, le chiffre d\u2019affaires de l\u2019op\u00e9rateur s\u2019\u00e9l\u00e8ve \u00e0 5,3 milliards d\u2019euros sur le trimestre (-5,4 %) et 16,1 milliards depuis le d\u00e9but de l\u2019ann\u00e9e (-4,8 %). Le r\u00e9sultat net (Ebitda) s\u2019\u00e9l\u00e8ve \u00e0 3,6 milliards (-7,3 %). La marge baisse \u00e0 33,9 % contre 35,3 % un an plus t\u00f4t. Les investissements affichent [&hellip;]<\/p>\n","protected":false},"author":3,"featured_media":0,"comment_status":"open","ping_status":"closed","sticky":false,"template":"","format":"standard","meta":{"_monsterinsights_skip_tracking":false,"_monsterinsights_sitenote_active":false,"_monsterinsights_sitenote_note":"","_monsterinsights_sitenote_category":0,"footnotes":""},"categories":[8],"tags":[36,27],"class_list":["post-831","post","type-post","status-publish","format-standard","hentry","category-revue-de-web","tag-dividendes","tag-resultats"],"_links":{"self":[{"href":"https:\/\/www.adeas.org\/index.php\/wp-json\/wp\/v2\/posts\/831","targetHints":{"allow":["GET"]}}],"collection":[{"href":"https:\/\/www.adeas.org\/index.php\/wp-json\/wp\/v2\/posts"}],"about":[{"href":"https:\/\/www.adeas.org\/index.php\/wp-json\/wp\/v2\/types\/post"}],"author":[{"embeddable":true,"href":"https:\/\/www.adeas.org\/index.php\/wp-json\/wp\/v2\/users\/3"}],"replies":[{"embeddable":true,"href":"https:\/\/www.adeas.org\/index.php\/wp-json\/wp\/v2\/comments?post=831"}],"version-history":[{"count":3,"href":"https:\/\/www.adeas.org\/index.php\/wp-json\/wp\/v2\/posts\/831\/revisions"}],"predecessor-version":[{"id":833,"href":"https:\/\/www.adeas.org\/index.php\/wp-json\/wp\/v2\/posts\/831\/revisions\/833"}],"wp:attachment":[{"href":"https:\/\/www.adeas.org\/index.php\/wp-json\/wp\/v2\/media?parent=831"}],"wp:term":[{"taxonomy":"category","embeddable":true,"href":"https:\/\/www.adeas.org\/index.php\/wp-json\/wp\/v2\/categories?post=831"},{"taxonomy":"post_tag","embeddable":true,"href":"https:\/\/www.adeas.org\/index.php\/wp-json\/wp\/v2\/tags?post=831"}],"curies":[{"name":"wp","href":"https:\/\/api.w.org\/{rel}","templated":true}]}}