{"id":824,"date":"2012-10-25T12:18:01","date_gmt":"2012-10-25T10:18:01","guid":{"rendered":"http:\/\/www.adeas.org\/?p=824"},"modified":"2012-10-25T12:29:29","modified_gmt":"2012-10-25T10:29:29","slug":"france-telecom-resultats-financiers-t3-2012","status":"publish","type":"post","link":"https:\/\/www.adeas.org\/index.php\/communique-de-presse\/france-telecom-resultats-financiers-t3-2012\/","title":{"rendered":"France T\u00e9l\u00e9com &#8211; R\u00e9sultats financiers T3 2012"},"content":{"rendered":"<h1>\nL\u2019ADEAS et la CFE-CGC\/UNSA se f\u00e9licitent<br \/>\nde la baisse massive du dividende\u00a0!<\/h1>\n<p>La pr\u00e9sentation des comptes du T3 2012 d\u00e9montre que France T\u00e9l\u00e9com \u2013 Orange peine \u00e0 retrouver le chemin de la croissance\u00a0:<\/p>\n<ul>\n<li>nouvelle baisse du chiffre d\u2019affaire net,<\/li>\n<li>d\u00e9gradation de la marge op\u00e9rationnelle, imputable pour partie aux nouvelles taxes impos\u00e9es par l\u2019\u00c9tat,<\/li>\n<li>un montant d\u2019investissement au plus bas depuis 10 ans,<\/li>\n<li>un r\u00e9sultat net englouti par le versement de l\u2019acompte sur dividende exig\u00e9 par l\u2019\u00c9tat.<\/li>\n<\/ul>\n<p>Ces r\u00e9sultats en baisse sont la cons\u00e9quence de la politique dict\u00e9e par les actionnaires principaux, \u00a0l\u2019\u00c9tat et le FSI, qui ont exig\u00e9 pendant de nombreuses ann\u00e9es des dividendes d\u00e9raisonnables emp\u00eachant l\u2019investissement, mais aussi les d\u00e9cisions abracadabrantesques du r\u00e9gulateur qui a d\u00e9truit massivement de la valeur et de l\u2019emploi en France.<\/p>\n<p>La CFE-CGC\/UNSA et l\u2019ADEAS proposent depuis plusieurs ann\u00e9es de desserrer l\u2019\u00e9tau des dividendes impos\u00e9 par des actionnaires impr\u00e9voyants, et ne peuvent que se f\u00e9liciter d\u2019une baisse du dividende \u00e0 0,80 \u20ac par action (au lieu de 1,40) d\u00e8s l\u2019exercice 2012.<\/p>\n<p>Mais France T\u00e9l\u00e9com y a \u00e9t\u00e9 contraint par la baisse de son cash flow, son niveau d\u2019endettement qui est reparti \u00e0 la hausse, et l\u2019explosion des nouvelles charges fiscales et taxes diverses. L\u2019entreprise ne retrouve donc pas les marges de man\u0153uvre dont elle aurait besoin pour \u00e0 la fois investir dans les r\u00e9seaux de nouvelle g\u00e9n\u00e9ration comme le lui demande le Minist\u00e8re du Redressement Productif, et soutenir une politique d\u2019embauche suffisamment dynamique.<\/p>\n<p><strong>T\u00e9l\u00e9charger le texte complet du communiqu\u00e9 en pdf :<\/strong> <a href=\"https:\/\/www.adeas.org\/wp-content\/uploads\/2012\/10\/CdP-CFE-CGC-UNSA-FTO-R\u00e9sultats-financiers-T32012-25-octobre-2012.pdf\"><br \/>\nCdP CFE-CGC-UNSA FTO &#8211; R\u00e9sultats financiers T32012- 25 octobre 2012<\/a><\/p>\n","protected":false},"excerpt":{"rendered":"<p>L\u2019ADEAS et la CFE-CGC\/UNSA se f\u00e9licitent de la baisse massive du dividende\u00a0! La pr\u00e9sentation des comptes du T3 2012 d\u00e9montre que France T\u00e9l\u00e9com \u2013 Orange peine \u00e0 retrouver le chemin de la croissance\u00a0: nouvelle baisse du chiffre d\u2019affaire net, d\u00e9gradation de la marge op\u00e9rationnelle, imputable pour partie aux nouvelles taxes impos\u00e9es par l\u2019\u00c9tat, un montant [&hellip;]<\/p>\n","protected":false},"author":3,"featured_media":0,"comment_status":"open","ping_status":"closed","sticky":false,"template":"","format":"standard","meta":{"_monsterinsights_skip_tracking":false,"_monsterinsights_sitenote_active":false,"_monsterinsights_sitenote_note":"","_monsterinsights_sitenote_category":0,"footnotes":""},"categories":[19,25],"tags":[36,23,30,27],"class_list":["post-824","post","type-post","status-publish","format-standard","hentry","category-communique-de-presse","category-nos-analyses","tag-dividendes","tag-etat","tag-europe","tag-resultats"],"_links":{"self":[{"href":"https:\/\/www.adeas.org\/index.php\/wp-json\/wp\/v2\/posts\/824","targetHints":{"allow":["GET"]}}],"collection":[{"href":"https:\/\/www.adeas.org\/index.php\/wp-json\/wp\/v2\/posts"}],"about":[{"href":"https:\/\/www.adeas.org\/index.php\/wp-json\/wp\/v2\/types\/post"}],"author":[{"embeddable":true,"href":"https:\/\/www.adeas.org\/index.php\/wp-json\/wp\/v2\/users\/3"}],"replies":[{"embeddable":true,"href":"https:\/\/www.adeas.org\/index.php\/wp-json\/wp\/v2\/comments?post=824"}],"version-history":[{"count":5,"href":"https:\/\/www.adeas.org\/index.php\/wp-json\/wp\/v2\/posts\/824\/revisions"}],"predecessor-version":[{"id":830,"href":"https:\/\/www.adeas.org\/index.php\/wp-json\/wp\/v2\/posts\/824\/revisions\/830"}],"wp:attachment":[{"href":"https:\/\/www.adeas.org\/index.php\/wp-json\/wp\/v2\/media?parent=824"}],"wp:term":[{"taxonomy":"category","embeddable":true,"href":"https:\/\/www.adeas.org\/index.php\/wp-json\/wp\/v2\/categories?post=824"},{"taxonomy":"post_tag","embeddable":true,"href":"https:\/\/www.adeas.org\/index.php\/wp-json\/wp\/v2\/tags?post=824"}],"curies":[{"name":"wp","href":"https:\/\/api.w.org\/{rel}","templated":true}]}}