{"id":755,"date":"2012-06-19T19:56:54","date_gmt":"2012-06-19T17:56:54","guid":{"rendered":"http:\/\/www.adeas.org\/?p=755"},"modified":"2012-06-19T19:56:54","modified_gmt":"2012-06-19T17:56:54","slug":"nouvelle-taxe-sur-les-dividendes","status":"publish","type":"post","link":"https:\/\/www.adeas.org\/index.php\/laction-de-ladeas\/nouvelle-taxe-sur-les-dividendes\/","title":{"rendered":"Nouvelle taxe sur les dividendes"},"content":{"rendered":"<h2>L&rsquo;ADEAS et la CFE-CGC\/UNSA demandent \u00e0 l\u2019\u00c9tat d\u2019arr\u00eater de prendre France T\u00e9l\u00e9com pour une vache \u00e0 lait.<\/h2>\n<p>Le gouvernement vient d\u2019annoncer la <a href=\"http:\/\/www.lemonde.fr\/economie\/article\/2012\/06\/19\/les-entreprises-versant-des-dividendes-aux-actionnaires-seraient-taxees-des-cet-ete_1720834_3234.html#xtor=EPR-32280229-%5BNL_Titresdujour%5D-20120619-%5Btitres%5D\">mise en place d\u2019une taxe de 3% sur les dividende<\/a>.<\/p>\n<p>Si l\u2019intention est louable, qui vise \u00e0 favoriser le r\u00e9investissement des b\u00e9n\u00e9fices au sein des entreprises, et \u00e0 d\u00e9courager les montages financiers \u00e0 effet de levier, force est de constater que l\u2019\u00c9tat ne s\u2019applique pas \u00e0 lui-m\u00eame les principes qu\u2019il entend faire appliquer.<\/p>\n<p>En tant que premier actionnaire de France T\u00e9l\u00e9com, (avec le FSI \u00e0 hauteur de 27%), l\u2019\u00c9tat fran\u00e7ais per\u00e7oit pr\u00e8s d\u20191 milliard d\u2019euros de dividende. L\u2019introduction d\u2019une taxe sur le dividende lui permettra de toucher au moins 100 millions d\u2019euros de plus\u2026 et ce seront au final les personnels qui subiront cette nouvelle taxe\u00a0!<\/p>\n<p>&nbsp;<\/p>\n<p>T\u00e9l\u00e9charger le communiqu\u00e9 en pdf : <a href=\"http:\/\/www.cfecgc-orange.org\/images\/stories\/documents\/communiques_de_presse\/CDP2012\/CdP_CFE-CGC-UNSA-FTO_Taxe_sur_les_dividendes_19juin2012.pdf\"><img decoding=\"async\" src=\"http:\/\/www.cfecgc-orange.org\/plugins\/editors\/jce\/tiny_mce\/plugins\/filemanager\/img\/ext\/pdf_small.gif\" alt=\"pdf\" \/>\u00a0CdP_CFE-CGC-UNSA-FTO_Taxe_sur_les_dividendes_19juin2012.pdf<\/a><\/p>\n","protected":false},"excerpt":{"rendered":"<p>L&rsquo;ADEAS et la CFE-CGC\/UNSA demandent \u00e0 l\u2019\u00c9tat d\u2019arr\u00eater de prendre France T\u00e9l\u00e9com pour une vache \u00e0 lait. Le gouvernement vient d\u2019annoncer la mise en place d\u2019une taxe de 3% sur les dividende. Si l\u2019intention est louable, qui vise \u00e0 favoriser le r\u00e9investissement des b\u00e9n\u00e9fices au sein des entreprises, et \u00e0 d\u00e9courager les montages financiers \u00e0 [&hellip;]<\/p>\n","protected":false},"author":3,"featured_media":0,"comment_status":"open","ping_status":"closed","sticky":false,"template":"","format":"standard","meta":{"_monsterinsights_skip_tracking":false,"_monsterinsights_sitenote_active":false,"_monsterinsights_sitenote_note":"","_monsterinsights_sitenote_category":0,"footnotes":""},"categories":[19,3],"tags":[36,23,47,15],"class_list":["post-755","post","type-post","status-publish","format-standard","hentry","category-communique-de-presse","category-laction-de-ladeas","tag-dividendes","tag-etat","tag-fiscalite","tag-legislation"],"_links":{"self":[{"href":"https:\/\/www.adeas.org\/index.php\/wp-json\/wp\/v2\/posts\/755","targetHints":{"allow":["GET"]}}],"collection":[{"href":"https:\/\/www.adeas.org\/index.php\/wp-json\/wp\/v2\/posts"}],"about":[{"href":"https:\/\/www.adeas.org\/index.php\/wp-json\/wp\/v2\/types\/post"}],"author":[{"embeddable":true,"href":"https:\/\/www.adeas.org\/index.php\/wp-json\/wp\/v2\/users\/3"}],"replies":[{"embeddable":true,"href":"https:\/\/www.adeas.org\/index.php\/wp-json\/wp\/v2\/comments?post=755"}],"version-history":[{"count":2,"href":"https:\/\/www.adeas.org\/index.php\/wp-json\/wp\/v2\/posts\/755\/revisions"}],"predecessor-version":[{"id":757,"href":"https:\/\/www.adeas.org\/index.php\/wp-json\/wp\/v2\/posts\/755\/revisions\/757"}],"wp:attachment":[{"href":"https:\/\/www.adeas.org\/index.php\/wp-json\/wp\/v2\/media?parent=755"}],"wp:term":[{"taxonomy":"category","embeddable":true,"href":"https:\/\/www.adeas.org\/index.php\/wp-json\/wp\/v2\/categories?post=755"},{"taxonomy":"post_tag","embeddable":true,"href":"https:\/\/www.adeas.org\/index.php\/wp-json\/wp\/v2\/tags?post=755"}],"curies":[{"name":"wp","href":"https:\/\/api.w.org\/{rel}","templated":true}]}}