{"id":741,"date":"2012-06-04T08:10:48","date_gmt":"2012-06-04T06:10:48","guid":{"rendered":"http:\/\/www.adeas.org\/?p=741"},"modified":"2012-06-02T16:21:43","modified_gmt":"2012-06-02T14:21:43","slug":"les-salaries-actionnaires-de-reference","status":"publish","type":"post","link":"https:\/\/www.adeas.org\/index.php\/laction-de-ladeas\/les-salaries-actionnaires-de-reference\/","title":{"rendered":"Les salari\u00e9s, actionnaires de r\u00e9f\u00e9rence"},"content":{"rendered":"<p>Extrait d&rsquo;un article paru dans <a href=\"http:\/\/www.usinenouvelle.com\/article\/les-salaries-actionnaires-de-reference.N175216\">L&rsquo;Usine Nouvelle<\/a> (texte int\u00e9gral r\u00e9serv\u00e9 aux abonn\u00e9s) :<\/p>\n<blockquote><p>Quel meilleur moyen pour r\u00e9concilier capital et travail que de faire de ses salari\u00e9s ses actionnaires ? En plus de doter ceux-ci de nouveaux pouvoirs, cette formule inaugure une autre forme de gouvernance.<\/p>\n<p>[&#8230;]<\/p>\n<p>\u00ab Le salari\u00e9 actionnaire n&rsquo;est pas un sp\u00e9culateur qui cherche \u00e0 tout prix \u00e0 faire une plus-value en c\u00e9dant ses titres au plus offrant. Il ne veut pas ob\u00e9rer l&rsquo;avenir de l&rsquo;entreprise pour des r\u00e9sultats financiers \u00e0 court terme \u00bb, estime <strong>Patrice Brunet, pr\u00e9sident de l&rsquo;Adeas<\/strong>, l&rsquo;association qui regroupe les salari\u00e9s actionnaires d&rsquo;Orange. De m\u00eame, selon Laurence Coin d&rsquo;Arkema : \u00ab Les salari\u00e9s constituent un actionnariat fiable. Ils conservent leurs actions plus de cinq ans. \u00bb<\/p>\n<p>[&#8230;]<\/p>\n<p>La contrepartie de leur risque, c&rsquo;est un pouvoir sur la gouvernance des entreprises. \u00catre actionnaire donne des droits aux salari\u00e9s qui sont propri\u00e9taires d&rsquo;une partie de l&rsquo;entreprise et ont donc voix au chapitre. Pour soutenir ou contester le management, d&rsquo;autant que \u00ab ce sont des actionnaires qui connaissent l&rsquo;entreprise de l&rsquo;int\u00e9rieur \u00bb, remarque Philippe Lepinay, le pr\u00e9sident de la F\u00e9d\u00e9ration des associations d&rsquo;actionnaires salari\u00e9s. Ce droit a longtemps \u00e9t\u00e9 th\u00e9orique, les associations d&rsquo;actionnaires salari\u00e9s ayant \u00ab des affinit\u00e9s \u00e9lectives avec les directions, pour ne pas dire plus \u00bb, comme l&rsquo;explique un expert. Deux affaires r\u00e9centes t\u00e9moignent d&rsquo;un changement. La premi\u00e8re chez Renault : le 3 mai, quatre salari\u00e9s actionnaires ont port\u00e9 plainte pour abus de bien social afin d&rsquo;\u00e9lucider l&rsquo;origine des fonds qui ont servi \u00e0 g\u00e9rer l&rsquo;affaire des faux-espions de 2011. <strong>La seconde chez Orange<\/strong> o\u00f9, si l&rsquo;action n&rsquo;est pas judiciaire, la critique n&rsquo;en est pas moins radicale. Elle porte sur la politique de dividendes de l&rsquo;entreprise : les salari\u00e9s proposent un dividende de 1 euro contre celui de la direction \u00e0 1,40 euro, estimant que le r\u00e9sultat doit \u00eatre investi en R et D pour les technologies d&rsquo;avenir. La prochaine assembl\u00e9e g\u00e9n\u00e9rale des actionnaires de l&rsquo;op\u00e9rateur se prononcera le 5 juin sur cette r\u00e9solution. \u00ab C&rsquo;est une premi\u00e8re \u00bb, se f\u00e9licite Patrice Brunet. Qu&rsquo;ils gagnent ou pas, les salari\u00e9s actionnaires auront pu faire entendre leurs voix et obliger les uns et les autres \u00e0 prendre parti. Ces deux cas pourraient faire \u00e9cole, estime Xavier Hollandts. Et ce, sur deux sujets qui, dans un contexte de mod\u00e9ration salariale, posent question : le montant des dividendes et les r\u00e9mun\u00e9rations des dirigeants. La r\u00e9volution silencieuse pourrait s&rsquo;av\u00e9rer p\u00e9taradante&#8230;<\/p><\/blockquote>\n","protected":false},"excerpt":{"rendered":"<p>Extrait d&rsquo;un article paru dans L&rsquo;Usine Nouvelle (texte int\u00e9gral r\u00e9serv\u00e9 aux abonn\u00e9s) : Quel meilleur moyen pour r\u00e9concilier capital et travail que de faire de ses salari\u00e9s ses actionnaires ? En plus de doter ceux-ci de nouveaux pouvoirs, cette formule inaugure une autre forme de gouvernance. [&#8230;] \u00ab Le salari\u00e9 actionnaire n&rsquo;est pas un sp\u00e9culateur [&hellip;]<\/p>\n","protected":false},"author":3,"featured_media":0,"comment_status":"open","ping_status":"closed","sticky":false,"template":"","format":"standard","meta":{"_monsterinsights_skip_tracking":false,"_monsterinsights_sitenote_active":false,"_monsterinsights_sitenote_note":"","_monsterinsights_sitenote_category":0,"footnotes":""},"categories":[3,8],"tags":[11,42,36,48],"class_list":["post-741","post","type-post","status-publish","format-standard","hentry","category-laction-de-ladeas","category-revue-de-web","tag-actionnariat-salarie","tag-assemblee-generale","tag-dividendes","tag-gouvernance"],"_links":{"self":[{"href":"https:\/\/www.adeas.org\/index.php\/wp-json\/wp\/v2\/posts\/741","targetHints":{"allow":["GET"]}}],"collection":[{"href":"https:\/\/www.adeas.org\/index.php\/wp-json\/wp\/v2\/posts"}],"about":[{"href":"https:\/\/www.adeas.org\/index.php\/wp-json\/wp\/v2\/types\/post"}],"author":[{"embeddable":true,"href":"https:\/\/www.adeas.org\/index.php\/wp-json\/wp\/v2\/users\/3"}],"replies":[{"embeddable":true,"href":"https:\/\/www.adeas.org\/index.php\/wp-json\/wp\/v2\/comments?post=741"}],"version-history":[{"count":5,"href":"https:\/\/www.adeas.org\/index.php\/wp-json\/wp\/v2\/posts\/741\/revisions"}],"predecessor-version":[{"id":745,"href":"https:\/\/www.adeas.org\/index.php\/wp-json\/wp\/v2\/posts\/741\/revisions\/745"}],"wp:attachment":[{"href":"https:\/\/www.adeas.org\/index.php\/wp-json\/wp\/v2\/media?parent=741"}],"wp:term":[{"taxonomy":"category","embeddable":true,"href":"https:\/\/www.adeas.org\/index.php\/wp-json\/wp\/v2\/categories?post=741"},{"taxonomy":"post_tag","embeddable":true,"href":"https:\/\/www.adeas.org\/index.php\/wp-json\/wp\/v2\/tags?post=741"}],"curies":[{"name":"wp","href":"https:\/\/api.w.org\/{rel}","templated":true}]}}