{"id":737,"date":"2012-06-02T16:08:36","date_gmt":"2012-06-02T14:08:36","guid":{"rendered":"http:\/\/www.adeas.org\/?p=737"},"modified":"2012-06-02T16:08:51","modified_gmt":"2012-06-02T14:08:51","slug":"ladeas-et-la-cfe-cgcunsa-demandent-a-tous-les-actionnaires-de-voter-pour-le-dividende-a-1-euro","status":"publish","type":"post","link":"https:\/\/www.adeas.org\/index.php\/laction-de-ladeas\/ladeas-et-la-cfe-cgcunsa-demandent-a-tous-les-actionnaires-de-voter-pour-le-dividende-a-1-euro\/","title":{"rendered":"L&rsquo;ADEAS et la CFE-CGC\/UNSA demandent \u00e0 tous les actionnaires de voter pour le dividende \u00e0 1 euro."},"content":{"rendered":"<p>Le 5 juin prochain, pour la premi\u00e8re fois dans l\u2019histoire d\u2019une entreprise cot\u00e9e au CAC40, les actionnaires auront la possibilit\u00e9 de voter pour une r\u00e9solution pr\u00e9sent\u00e9e par les repr\u00e9sentants des salari\u00e9s actionnaires de l\u2019entreprise sur le montant du dividende.<\/p>\n<p>Dans le contexte \u00e9conomique actuel de l\u2019entreprise, voter pour le dividende \u00e0 1 euro constitue la seule alternative raisonnable pour donner \u00e0 France T\u00e9l\u00e9com les moyens financiers d\u2019affronter les enjeux imm\u00e9diats auxquels elle doit faire face, et pour pr\u00e9server l\u2019emploi sur le moyen terme, alors que les op\u00e9rateurs de t\u00e9l\u00e9communications fran\u00e7ais en ont d\u00e9j\u00e0 d\u00e9truit plus de 32\u00a0000 en 12 ans.<\/p>\n<ul>\n<li>T\u00e9l\u00e9charger le texte complet du communiqu\u00e9 en pdf :<a href=\"http:\/\/www.cfecgc-orange.org\/images\/stories\/documents\/communiques_de_presse\/CDP2012\/CdP_CGE-CGC-UNSA_Pour_le_dividende__un_euro_2juin2012.pdf\"><br \/>\n<img decoding=\"async\" src=\"http:\/\/www.cfecgc-orange.org\/plugins\/editors\/jce\/tiny_mce\/plugins\/filemanager\/img\/ext\/pdf_small.gif\" alt=\"pdf\" width=\"auto\" height=\"auto\" \/>\u00a0CdP_CGE-CGC-UNSA_Pour_le_dividende_\u00e0_un_euro_2juin2012.pdf<\/a><\/li>\n<\/ul>\n<ul>\n<li>T\u00e9l\u00e9charger le document explicatif destin\u00e9 aux actionnaires :<br \/>\n<a href=\"http:\/\/www.cfecgc-orange.org\/images\/stories\/documents\/communiques_de_presse\/CDP2012\/Votez_pour_le_dividendea_1euro.pdf\"><img decoding=\"async\" src=\"http:\/\/www.cfecgc-orange.org\/plugins\/editors\/jce\/tiny_mce\/plugins\/filemanager\/img\/ext\/pdf_small.gif\" alt=\"pdf\" width=\"auto\" height=\"auto\" \/>\u00a0Votez_pour_le_dividende \u00e0_1euro.pdf<\/a><\/li>\n<\/ul>\n","protected":false},"excerpt":{"rendered":"<p>Le 5 juin prochain, pour la premi\u00e8re fois dans l\u2019histoire d\u2019une entreprise cot\u00e9e au CAC40, les actionnaires auront la possibilit\u00e9 de voter pour une r\u00e9solution pr\u00e9sent\u00e9e par les repr\u00e9sentants des salari\u00e9s actionnaires de l\u2019entreprise sur le montant du dividende. Dans le contexte \u00e9conomique actuel de l\u2019entreprise, voter pour le dividende \u00e0 1 euro constitue la [&hellip;]<\/p>\n","protected":false},"author":3,"featured_media":0,"comment_status":"open","ping_status":"closed","sticky":false,"template":"","format":"standard","meta":{"_monsterinsights_skip_tracking":false,"_monsterinsights_sitenote_active":false,"_monsterinsights_sitenote_note":"","_monsterinsights_sitenote_category":0,"footnotes":""},"categories":[19,3],"tags":[11,42,36,23],"class_list":["post-737","post","type-post","status-publish","format-standard","hentry","category-communique-de-presse","category-laction-de-ladeas","tag-actionnariat-salarie","tag-assemblee-generale","tag-dividendes","tag-etat"],"_links":{"self":[{"href":"https:\/\/www.adeas.org\/index.php\/wp-json\/wp\/v2\/posts\/737","targetHints":{"allow":["GET"]}}],"collection":[{"href":"https:\/\/www.adeas.org\/index.php\/wp-json\/wp\/v2\/posts"}],"about":[{"href":"https:\/\/www.adeas.org\/index.php\/wp-json\/wp\/v2\/types\/post"}],"author":[{"embeddable":true,"href":"https:\/\/www.adeas.org\/index.php\/wp-json\/wp\/v2\/users\/3"}],"replies":[{"embeddable":true,"href":"https:\/\/www.adeas.org\/index.php\/wp-json\/wp\/v2\/comments?post=737"}],"version-history":[{"count":3,"href":"https:\/\/www.adeas.org\/index.php\/wp-json\/wp\/v2\/posts\/737\/revisions"}],"predecessor-version":[{"id":740,"href":"https:\/\/www.adeas.org\/index.php\/wp-json\/wp\/v2\/posts\/737\/revisions\/740"}],"wp:attachment":[{"href":"https:\/\/www.adeas.org\/index.php\/wp-json\/wp\/v2\/media?parent=737"}],"wp:term":[{"taxonomy":"category","embeddable":true,"href":"https:\/\/www.adeas.org\/index.php\/wp-json\/wp\/v2\/categories?post=737"},{"taxonomy":"post_tag","embeddable":true,"href":"https:\/\/www.adeas.org\/index.php\/wp-json\/wp\/v2\/tags?post=737"}],"curies":[{"name":"wp","href":"https:\/\/api.w.org\/{rel}","templated":true}]}}