{"id":683,"date":"2012-03-21T11:55:59","date_gmt":"2012-03-21T10:55:59","guid":{"rendered":"http:\/\/www.adeas.org\/?p=683"},"modified":"2012-03-21T11:55:59","modified_gmt":"2012-03-21T10:55:59","slug":"orange-des-indemnites-pour-30-000-actionnaires","status":"publish","type":"post","link":"https:\/\/www.adeas.org\/index.php\/laction-de-ladeas\/orange-des-indemnites-pour-30-000-actionnaires\/","title":{"rendered":"Orange : des indemnit\u00e9s pour 30 000 actionnaires ?"},"content":{"rendered":"<p>Dans Le Monde du 20 mars :<\/p>\n<blockquote><p>Mardi 20 mars devait se tenir une audience au tribunal de grande instance de Paris, \u00e0 la suite de l&rsquo;assignation en r\u00e9f\u00e9r\u00e9 \u00ab\u00a0d&rsquo;heure \u00e0 heure\u00a0\u00bb (une proc\u00e9dure d&rsquo;urgence) par le syndicat CFE-CGC de France T\u00e9l\u00e9com et de deux soci\u00e9t\u00e9s financi\u00e8res, Amundi (gestionnaire d&rsquo;un des fonds communs de placement de l&rsquo;op\u00e9rateur de t\u00e9l\u00e9coms) et Caceis Bank (d\u00e9positaire des titres de ce fonds).<\/p>\n<p>L&rsquo;affaire est tr\u00e8s technique, mais embarrassante pour la direction d&rsquo;Orange et pour l&rsquo;Etat, qui poss\u00e8de encore 27 % du capital de l&rsquo;ex-monopole via le Fonds strat\u00e9gique d&rsquo;investissement (13,5 %) et l&rsquo;Agence des participations de l&rsquo;Etat (13,5 %).<\/p>\n<p>[&#8230;]<\/p>\n<p><strong>L&rsquo;ARBITRAGE DE BERCY D\u00c9NONC\u00c9<\/strong><\/p>\n<p>Comme l&rsquo;op\u00e9ration [Orange Success] est sursouscrite (il y a eu deux fois plus de demandes que d&rsquo;offres), Bercy doit arbitrer, et privil\u00e9gie nettement, dans l&rsquo;attribution des actions, la formule \u00ab\u00a0multiple garanti\u00a0\u00bb. \u00ab\u00a0<em>M\u00eame les salari\u00e9s qui demandaient surtout de la formule classique se sont retrouv\u00e9s avec des titres \u00e0 c\u00e9der le 2 avril 2012&Prime;<\/em>, assure S\u00e9bastien Crozier, \u00e9lu CFE-CGC\/UNSA de France T\u00e9l\u00e9com. \u00ab\u00a0<em> L&rsquo;esprit de la loi de 1986, qui encourageait l&rsquo;actionnariat stable dans les entreprises, n&rsquo;a pas \u00e9t\u00e9 respect\u00e9<\/em>\u00ab\u00a0, selon l&rsquo;avocat du syndicat, Me Jean-Marc Fedida.<\/p><\/blockquote>\n<blockquote><p>[&#8230;]<\/p>\n<p>[La CFE-CGC\/UNSA] esp\u00e8re qu&rsquo;il pourra \u00eatre propos\u00e9 aux salari\u00e9s qui le souhaitaient de resouscrire \u00e0 l&rsquo;offre classique. A minima, elle demande qu&rsquo;ils soient indemnis\u00e9s &#8211; au moins 800 euros pour chacun des 30 000 salari\u00e9s, le nombre de personnes ayant souscrit aux deux offres, classique et multiple, avance M. Crozier -, affirmant que l&rsquo;offre \u00ab\u00a0multiple\u00a0\u00bb est moins r\u00e9mun\u00e9ratrice pour eux que pour les banques. La direction de France T\u00e9l\u00e9com ne commente pas.<\/p><\/blockquote>\n<p>Ceux qui sont abonn\u00e9s au Monde peuvent <a href=\"http:\/\/abonnes.lemonde.fr\/economie\/article\/2012\/03\/20\/orange-des-indemnites-pour-30-000-actionnaires_1672691_3234.html\">acc\u00e9der \u00e0 l&rsquo;article complet<\/a>, \u00e9galement visible dans l&rsquo;\u00e9dition papier dat\u00e9e du 21 mars.<\/p>\n<p>Nous ne manquerons pas e vous tenir au courant des suites de cette \u00e9pineuse affaire.<\/p>\n","protected":false},"excerpt":{"rendered":"<p>Dans Le Monde du 20 mars : Mardi 20 mars devait se tenir une audience au tribunal de grande instance de Paris, \u00e0 la suite de l&rsquo;assignation en r\u00e9f\u00e9r\u00e9 \u00ab\u00a0d&rsquo;heure \u00e0 heure\u00a0\u00bb (une proc\u00e9dure d&rsquo;urgence) par le syndicat CFE-CGC de France T\u00e9l\u00e9com et de deux soci\u00e9t\u00e9s financi\u00e8res, Amundi (gestionnaire d&rsquo;un des fonds communs de placement [&hellip;]<\/p>\n","protected":false},"author":3,"featured_media":0,"comment_status":"open","ping_status":"closed","sticky":false,"template":"","format":"standard","meta":{"_monsterinsights_skip_tracking":false,"_monsterinsights_sitenote_active":false,"_monsterinsights_sitenote_note":"","_monsterinsights_sitenote_category":0,"footnotes":""},"categories":[3,8],"tags":[11,12,13],"class_list":["post-683","post","type-post","status-publish","format-standard","hentry","category-laction-de-ladeas","category-revue-de-web","tag-actionnariat-salarie","tag-offre-reservee-au-personnel","tag-procedure"],"_links":{"self":[{"href":"https:\/\/www.adeas.org\/index.php\/wp-json\/wp\/v2\/posts\/683","targetHints":{"allow":["GET"]}}],"collection":[{"href":"https:\/\/www.adeas.org\/index.php\/wp-json\/wp\/v2\/posts"}],"about":[{"href":"https:\/\/www.adeas.org\/index.php\/wp-json\/wp\/v2\/types\/post"}],"author":[{"embeddable":true,"href":"https:\/\/www.adeas.org\/index.php\/wp-json\/wp\/v2\/users\/3"}],"replies":[{"embeddable":true,"href":"https:\/\/www.adeas.org\/index.php\/wp-json\/wp\/v2\/comments?post=683"}],"version-history":[{"count":1,"href":"https:\/\/www.adeas.org\/index.php\/wp-json\/wp\/v2\/posts\/683\/revisions"}],"predecessor-version":[{"id":684,"href":"https:\/\/www.adeas.org\/index.php\/wp-json\/wp\/v2\/posts\/683\/revisions\/684"}],"wp:attachment":[{"href":"https:\/\/www.adeas.org\/index.php\/wp-json\/wp\/v2\/media?parent=683"}],"wp:term":[{"taxonomy":"category","embeddable":true,"href":"https:\/\/www.adeas.org\/index.php\/wp-json\/wp\/v2\/categories?post=683"},{"taxonomy":"post_tag","embeddable":true,"href":"https:\/\/www.adeas.org\/index.php\/wp-json\/wp\/v2\/tags?post=683"}],"curies":[{"name":"wp","href":"https:\/\/api.w.org\/{rel}","templated":true}]}}