{"id":629,"date":"2012-01-13T12:12:56","date_gmt":"2012-01-13T11:12:56","guid":{"rendered":"http:\/\/www.adeas.org\/?p=629"},"modified":"2012-01-13T12:12:56","modified_gmt":"2012-01-13T11:12:56","slug":"france-telecom-letat-doit-choisir-entre-dividende-et-investissements","status":"publish","type":"post","link":"https:\/\/www.adeas.org\/index.php\/revue-de-web\/france-telecom-letat-doit-choisir-entre-dividende-et-investissements\/","title":{"rendered":"France T\u00e9l\u00e9com : L&rsquo;Etat doit choisir entre dividende et investissements"},"content":{"rendered":"<p>Commen\u00e7ons l&rsquo;ann\u00e9e par un mini-quizz. Qui donc a dit :<\/p>\n<blockquote><p>\u00ab\u00a0Si l&rsquo;Etat, qui est le principal actionnaire de France T\u00e9l\u00e9com, souhaite que cet op\u00e9rateur maintienne ses investissements \u00e0 un haut niveau, il peut accepter une baisse du dividende: il a clairement un choix \u00e0 faire. Ce serait un signal important\u00a0\u00bb<\/p><\/blockquote>\n<p>Si vous pensez que c&rsquo;est l&rsquo;ADEAS ou la CFE-CGC\/UNSA, vous n&rsquo;avez pas tort : <a href=\"https:\/\/www.adeas.org\/index.php\/revue-de-presse\/un-management-devoye-de-lentreprise\/\">nous r\u00e9clamons la baisse du dividende depuis 2009<\/a>, et un balayage du tag \u00ab\u00a0<a href=\"https:\/\/www.adeas.org\/index.php\/tag\/dividendes\/\">dividendes<\/a>\u00a0\u00bb sur ce blog vous permettra de v\u00e9rifier que nous avons longuement insist\u00e9 sur ce th\u00e8me au fil des ann\u00e9es.<\/p>\n<p>Mais en ce d\u00e9but d&rsquo;ann\u00e9e 2012, c&rsquo;est&#8230; Jean-Ludovic Silicani, Pr\u00e9sident de l&rsquo;ARCEP, l&rsquo;autorit\u00e9 de r\u00e9gulation des t\u00e9l\u00e9coms en France, qui a \u00e9nonc\u00e9 cette petite phrase dans un entretien publi\u00e9 dans <a href=\"http:\/\/www.lesechos.fr\/entreprises-secteurs\/tech-medias\/actu\/0201836675980-jean-ludovic-silicani-arcep-free-mobile-change-la-donne-273993.php\">Les \u00c9chos<\/a>, et repris par <a href=\"http:\/\/fr.reuters.com\/article\/frEuroRpt\/idFRL6E8CC0T720120112\">Reuters<\/a>.<\/p>\n<p>2012 ann\u00e9e de la raison ? Nous formulons tous nos v\u0153ux pour que ce soit le cas, et vous souhaitons \u00e0 tous une belle et bonne ann\u00e9e.<\/p>\n","protected":false},"excerpt":{"rendered":"<p>Commen\u00e7ons l&rsquo;ann\u00e9e par un mini-quizz. Qui donc a dit : \u00ab\u00a0Si l&rsquo;Etat, qui est le principal actionnaire de France T\u00e9l\u00e9com, souhaite que cet op\u00e9rateur maintienne ses investissements \u00e0 un haut niveau, il peut accepter une baisse du dividende: il a clairement un choix \u00e0 faire. Ce serait un signal important\u00a0\u00bb Si vous pensez que c&rsquo;est [&hellip;]<\/p>\n","protected":false},"author":3,"featured_media":0,"comment_status":"open","ping_status":"closed","sticky":false,"template":"","format":"standard","meta":{"_monsterinsights_skip_tracking":false,"_monsterinsights_sitenote_active":false,"_monsterinsights_sitenote_note":"","_monsterinsights_sitenote_category":0,"footnotes":""},"categories":[25,8],"tags":[36,23],"class_list":["post-629","post","type-post","status-publish","format-standard","hentry","category-nos-analyses","category-revue-de-web","tag-dividendes","tag-etat"],"_links":{"self":[{"href":"https:\/\/www.adeas.org\/index.php\/wp-json\/wp\/v2\/posts\/629","targetHints":{"allow":["GET"]}}],"collection":[{"href":"https:\/\/www.adeas.org\/index.php\/wp-json\/wp\/v2\/posts"}],"about":[{"href":"https:\/\/www.adeas.org\/index.php\/wp-json\/wp\/v2\/types\/post"}],"author":[{"embeddable":true,"href":"https:\/\/www.adeas.org\/index.php\/wp-json\/wp\/v2\/users\/3"}],"replies":[{"embeddable":true,"href":"https:\/\/www.adeas.org\/index.php\/wp-json\/wp\/v2\/comments?post=629"}],"version-history":[{"count":2,"href":"https:\/\/www.adeas.org\/index.php\/wp-json\/wp\/v2\/posts\/629\/revisions"}],"predecessor-version":[{"id":631,"href":"https:\/\/www.adeas.org\/index.php\/wp-json\/wp\/v2\/posts\/629\/revisions\/631"}],"wp:attachment":[{"href":"https:\/\/www.adeas.org\/index.php\/wp-json\/wp\/v2\/media?parent=629"}],"wp:term":[{"taxonomy":"category","embeddable":true,"href":"https:\/\/www.adeas.org\/index.php\/wp-json\/wp\/v2\/categories?post=629"},{"taxonomy":"post_tag","embeddable":true,"href":"https:\/\/www.adeas.org\/index.php\/wp-json\/wp\/v2\/tags?post=629"}],"curies":[{"name":"wp","href":"https:\/\/api.w.org\/{rel}","templated":true}]}}