{"id":568,"date":"2011-08-01T15:05:40","date_gmt":"2011-08-01T13:05:40","guid":{"rendered":"http:\/\/www.adeas.org\/?p=568"},"modified":"2011-08-01T15:05:40","modified_gmt":"2011-08-01T13:05:40","slug":"gouvernance-des-fonds-la-voix-des-personnels-sera-t-elle-prise-en-compte","status":"publish","type":"post","link":"https:\/\/www.adeas.org\/index.php\/laction-de-ladeas\/gouvernance-des-fonds-la-voix-des-personnels-sera-t-elle-prise-en-compte\/","title":{"rendered":"Gouvernance des fonds : la voix des personnels sera-t-elle prise en compte ?"},"content":{"rendered":"<p>Le 24 juin dernier, la CFE-CGC\/UNSA a \u00e9crit \u00e0 St\u00e9phane Richard pour lui demander une r\u00e9union d&rsquo;urgence du Conseil de Surveillance, afin de mettre la gouvernance des fonds en conformit\u00e9 avec les recommandations de l&rsquo;AMF, et donner la majorit\u00e9 des voix aux repr\u00e9sentants du personnel actionnaire. (relire \u00e0 ce sujet<a href=\"https:\/\/www.adeas.org\/index.php\/laction-de-ladeas\/ag_7-juin-2011-vous-pouvez-voter-jusquau-6\/\"> notre article sur le vote en Assembl\u00e9e G\u00e9n\u00e9rale<\/a>)<\/p>\n<p>Bruno Mettling vient de r\u00e9pondre \u00e0 ce courrier. La r\u00e9ponse ne laisse pas augurer d&rsquo;une vraie volont\u00e9 de la Direction pour faire changer les choses.<\/p>\n<p>La CFE-CGC\/UNSA et l&rsquo;ADEAS se battront pour que la gouvernance des fonds France T\u00e9l\u00e9com Actions permette une expression r\u00e9elle de la volont\u00e9 des personnels, notamment en ce qui concerne les votes en Assembl\u00e9e G\u00e9n\u00e9rale.<\/p>\n<ul>\n<li>Le courrier de la CFE-CGC\/UNSA \u00e0 St\u00e9phane Richard : <a href=\"https:\/\/www.adeas.org\/wp-content\/uploads\/2011\/08\/Courrier-S.Richard_Gouvernance-des-fonds-d%C3%A9pargne-salariale.pdf\">Courrier S.Richard_Gouvernance des fonds d&rsquo;\u00e9pargne salariale<\/a><\/li>\n<li>La r\u00e9ponse de Bruno Mettling : <a href=\"https:\/\/www.adeas.org\/wp-content\/uploads\/2011\/08\/R%C3%A9ponse-CGC-gouvernance-des-fonds-d%C3%A9pargne-salariale-2.pdf\">R\u00e9ponse CGC &#8211; gouvernance des fonds d&rsquo;\u00e9pargne salariale (2)<\/a><\/li>\n<\/ul>\n<p>&nbsp;<\/p>\n","protected":false},"excerpt":{"rendered":"<p>Le 24 juin dernier, la CFE-CGC\/UNSA a \u00e9crit \u00e0 St\u00e9phane Richard pour lui demander une r\u00e9union d&rsquo;urgence du Conseil de Surveillance, afin de mettre la gouvernance des fonds en conformit\u00e9 avec les recommandations de l&rsquo;AMF, et donner la majorit\u00e9 des voix aux repr\u00e9sentants du personnel actionnaire. (relire \u00e0 ce sujet notre article sur le vote [&hellip;]<\/p>\n","protected":false},"author":3,"featured_media":0,"comment_status":"open","ping_status":"closed","sticky":false,"template":"","format":"standard","meta":{"_monsterinsights_skip_tracking":false,"_monsterinsights_sitenote_active":false,"_monsterinsights_sitenote_note":"","_monsterinsights_sitenote_category":0,"footnotes":""},"categories":[3],"tags":[11,42,48,43],"class_list":["post-568","post","type-post","status-publish","format-standard","hentry","category-laction-de-ladeas","tag-actionnariat-salarie","tag-assemblee-generale","tag-gouvernance","tag-vote"],"_links":{"self":[{"href":"https:\/\/www.adeas.org\/index.php\/wp-json\/wp\/v2\/posts\/568","targetHints":{"allow":["GET"]}}],"collection":[{"href":"https:\/\/www.adeas.org\/index.php\/wp-json\/wp\/v2\/posts"}],"about":[{"href":"https:\/\/www.adeas.org\/index.php\/wp-json\/wp\/v2\/types\/post"}],"author":[{"embeddable":true,"href":"https:\/\/www.adeas.org\/index.php\/wp-json\/wp\/v2\/users\/3"}],"replies":[{"embeddable":true,"href":"https:\/\/www.adeas.org\/index.php\/wp-json\/wp\/v2\/comments?post=568"}],"version-history":[{"count":2,"href":"https:\/\/www.adeas.org\/index.php\/wp-json\/wp\/v2\/posts\/568\/revisions"}],"predecessor-version":[{"id":572,"href":"https:\/\/www.adeas.org\/index.php\/wp-json\/wp\/v2\/posts\/568\/revisions\/572"}],"wp:attachment":[{"href":"https:\/\/www.adeas.org\/index.php\/wp-json\/wp\/v2\/media?parent=568"}],"wp:term":[{"taxonomy":"category","embeddable":true,"href":"https:\/\/www.adeas.org\/index.php\/wp-json\/wp\/v2\/categories?post=568"},{"taxonomy":"post_tag","embeddable":true,"href":"https:\/\/www.adeas.org\/index.php\/wp-json\/wp\/v2\/tags?post=568"}],"curies":[{"name":"wp","href":"https:\/\/api.w.org\/{rel}","templated":true}]}}