{"id":534,"date":"2011-06-07T20:53:27","date_gmt":"2011-06-07T18:53:27","guid":{"rendered":"http:\/\/www.adeas.org\/?p=534"},"modified":"2011-06-07T20:53:27","modified_gmt":"2011-06-07T18:53:27","slug":"declaration-de-revenus-2010-retraite-supplementaire-et-abondement-perco-doivent-etre-declares","status":"publish","type":"post","link":"https:\/\/www.adeas.org\/index.php\/en-pratique\/declaration-de-revenus-2010-retraite-supplementaire-et-abondement-perco-doivent-etre-declares\/","title":{"rendered":"D\u00e9claration de revenus 2010 : retraite suppl\u00e9mentaire et abondement PERCO doivent \u00eatre d\u00e9clar\u00e9s"},"content":{"rendered":"<h2>Pourquoi faut-il d\u00e9clarer ces sommes ?<\/h2>\n<p>La fiscalit\u00e9 fran\u00e7aise permet de d\u00e9duire de l&rsquo;imp\u00f4t sur le revenu les sommes cotis\u00e9es dans un plan de retraite suppl\u00e9mentaire. Cette d\u00e9duction est toutefois limit\u00e9e \u00e0 un plafond, <a href=\"http:\/\/doc.impots.gouv.fr\/aida\/brochures_ir2011\/\">calcul\u00e9 en fonction des revenus<\/a>.<\/p>\n<p>Les cotisations de retraite suppl\u00e9mentaire vers\u00e9e par l&rsquo;entreprise aux cadres G, mais aussi l&rsquo;abondement pay\u00e9 par l&rsquo;entreprise pour les versements r\u00e9alis\u00e9s dans le PERCO s&rsquo;imputent sur ce plafond de d\u00e9duction.<\/p>\n<h2>Si vous avez b\u00e9n\u00e9fici\u00e9 en 2010 d&rsquo;un abondement de l&rsquo;entreprise pour versement sur le PERCO, vous devez le d\u00e9clarer<\/h2>\n<h3>Quel montant d\u00e9clarer et o\u00f9 le trouver ?<\/h3>\n<p>Le montant de l&rsquo;abondement \u00e0 d\u00e9clarer est le montant net, apr\u00e8s d\u00e9duction de la CSG et la CRDS.<\/p>\n<p>Pour le retrouver, se connecter sur <a href=\"https:\/\/www.amundi-ee.com\/part\/home\">Amundi<\/a>. Dans la rubrique \u00ab\u00a0consulter votre \u00e9pargne\u00a0\u00bb, choisir \u00ab\u00a0historique des op\u00e9rations\u00a0\u00bb, et rechercher la ou les op\u00e9rations de 2010 de type \u00ab\u00a0abondement\u00a0\u00bb. La petite loupe permet de lire le d\u00e9tail de l&rsquo;op\u00e9ration, et d&rsquo;identifier le montant de l&rsquo;<strong>abondement net<\/strong>.<\/p>\n<p><strong>O\u00f9 le mentionner ? <\/strong><\/p>\n<p>L&rsquo;abondement net per\u00e7u en 2010 est \u00e0 inscrire en page 4 de la d\u00e9claration de revenus, en rubrique 6 \u00ab\u00a0charges d\u00e9ductibles\u00a0\u00bb, \u00e0 la ligne 6QS, libell\u00e9e <em>Cotisations aux r\u00e9gimes obligatoires d&rsquo;entreprise de retraite suppl\u00e9mentaire ou aux contrats \u00ab\u00a0Madelin\u00a0\u00bb et versements PERCO en 2010<\/em>.<\/p>\n<p>Contrairement au libell\u00e9 de la ligne, c&rsquo;est bien l&rsquo;abondement PERCO qui est \u00e0 inscrire, additionn\u00e9e le cas \u00e9ch\u00e9ant des cotisations de retraite suppl\u00e9mentaire vers\u00e9es par l&rsquo;entreprise si vous en b\u00e9n\u00e9ficiez.<\/p>\n<h2>Notre commentaire<\/h2>\n<p>Il est\u00a0 regrettable que cette information n&rsquo;ait \u00e9t\u00e9 publi\u00e9e sur anoo, et de mani\u00e8re partielle, apr\u00e8s la\u00a0 date limite de d\u00e9claration sur papier.<\/p>\n<p>Pour ceux qui ont d\u00e9clar\u00e9 par internet, il est en principe possible de corriger sa d\u00e9claration jusqu&rsquo;\u00e0 la date limite figurant sur la d\u00e9claration de chacun.<\/p>\n<p>Surtout, la complexification de la r\u00e9mun\u00e9ration, de plus en plus variable, fractionn\u00e9e, et diff\u00e9r\u00e9e, s&rsquo;accompagne \u00e9galement d&rsquo;une fiscalit\u00e9 tr\u00e8s complexe, qui la rend difficile \u00e0 g\u00e9rer par les salari\u00e9s. Si d&rsquo;un c\u00f4t\u00e9 la d\u00e9claration pr\u00e9-remplie et par internet est un r\u00e9el progr\u00e8s, il faut lire en d\u00e9tail la notice d&rsquo;accompagnement pour ne pas se tromper dans ce que l&rsquo;on doit d\u00e9clarer, ce qui constitue une r\u00e9gression.<\/p>\n","protected":false},"excerpt":{"rendered":"<p>Pourquoi faut-il d\u00e9clarer ces sommes ? La fiscalit\u00e9 fran\u00e7aise permet de d\u00e9duire de l&rsquo;imp\u00f4t sur le revenu les sommes cotis\u00e9es dans un plan de retraite suppl\u00e9mentaire. Cette d\u00e9duction est toutefois limit\u00e9e \u00e0 un plafond, calcul\u00e9 en fonction des revenus. Les cotisations de retraite suppl\u00e9mentaire vers\u00e9e par l&rsquo;entreprise aux cadres G, mais aussi l&rsquo;abondement pay\u00e9 par [&hellip;]<\/p>\n","protected":false},"author":3,"featured_media":0,"comment_status":"open","ping_status":"closed","sticky":false,"template":"","format":"standard","meta":{"_monsterinsights_skip_tracking":false,"_monsterinsights_sitenote_active":false,"_monsterinsights_sitenote_note":"","_monsterinsights_sitenote_category":0,"footnotes":""},"categories":[28],"tags":[40,47,39,17],"class_list":["post-534","post","type-post","status-publish","format-standard","hentry","category-en-pratique","tag-abondement","tag-fiscalite","tag-perco","tag-pratique"],"_links":{"self":[{"href":"https:\/\/www.adeas.org\/index.php\/wp-json\/wp\/v2\/posts\/534","targetHints":{"allow":["GET"]}}],"collection":[{"href":"https:\/\/www.adeas.org\/index.php\/wp-json\/wp\/v2\/posts"}],"about":[{"href":"https:\/\/www.adeas.org\/index.php\/wp-json\/wp\/v2\/types\/post"}],"author":[{"embeddable":true,"href":"https:\/\/www.adeas.org\/index.php\/wp-json\/wp\/v2\/users\/3"}],"replies":[{"embeddable":true,"href":"https:\/\/www.adeas.org\/index.php\/wp-json\/wp\/v2\/comments?post=534"}],"version-history":[{"count":7,"href":"https:\/\/www.adeas.org\/index.php\/wp-json\/wp\/v2\/posts\/534\/revisions"}],"predecessor-version":[{"id":541,"href":"https:\/\/www.adeas.org\/index.php\/wp-json\/wp\/v2\/posts\/534\/revisions\/541"}],"wp:attachment":[{"href":"https:\/\/www.adeas.org\/index.php\/wp-json\/wp\/v2\/media?parent=534"}],"wp:term":[{"taxonomy":"category","embeddable":true,"href":"https:\/\/www.adeas.org\/index.php\/wp-json\/wp\/v2\/categories?post=534"},{"taxonomy":"post_tag","embeddable":true,"href":"https:\/\/www.adeas.org\/index.php\/wp-json\/wp\/v2\/tags?post=534"}],"curies":[{"name":"wp","href":"https:\/\/api.w.org\/{rel}","templated":true}]}}