{"id":477,"date":"2011-04-13T15:24:53","date_gmt":"2011-04-13T13:24:53","guid":{"rendered":"http:\/\/www.adeas.org\/?p=477"},"modified":"2011-04-13T15:24:53","modified_gmt":"2011-04-13T13:24:53","slug":"bientot-une-prime-de-1000-euros-pour-les-salaries","status":"publish","type":"post","link":"https:\/\/www.adeas.org\/index.php\/revue-de-web\/bientot-une-prime-de-1000-euros-pour-les-salaries\/","title":{"rendered":"Bient\u00f4t une prime de 1000 euros pour les salari\u00e9s?"},"content":{"rendered":"<p>C&rsquo;est ce que semble annoncer le Ministre du budget, dans une d\u00e9claration reprise par<a href=\"http:\/\/lexpansion.lexpress.fr\/economie\/bientot-une-prime-de-1000-euros-pour-les-salaries_252302.html?xtor=EPR-237\"> L&rsquo;Expansion<\/a> :<\/p>\n<blockquote><p>Le ministre fran\u00e7ais du Budget Fran\u00e7ois Baroin a \u00e9voqu\u00e9 mercredi 13  avril la cr\u00e9ation prochaine d&rsquo;un m\u00e9canisme pour pousser les entreprises \u00e0  lier le versement de dividendes \u00e0 celui d&rsquo;une prime exceptionnelle pour  leurs salari\u00e9s d&rsquo;un montant d'\u00a0\u00bbau moins 1.000 euros\u00a0\u00bb. Le ministre,  interview\u00e9 sur Europe 1, n&rsquo;a pas pr\u00e9cis\u00e9 comment sa proposition pourrait  \u00eatre concr\u00e8tement mise en \u0153uvre. Il a indiqu\u00e9 qu&rsquo;elle sera incluse  dans un collectif budg\u00e9taire en juin.<\/p><\/blockquote>\n<p>Pourquoi pas ? Cela sans doute irait dans le sens d&rsquo;un meilleur partage du profit, tel qu&rsquo;\u00e9voqu\u00e9 par le Pr\u00e9sident de la R\u00e9publique (la CFE-CGC\/UNSA l&rsquo;a rappel\u00e9 dans un r\u00e9cent <a href=\"http:\/\/www.cfecgc-orange.org\/images\/stories\/documents\/communiques_de_presse\/Lettre_CFE-CGC-UNSA-FTO_CLagarde_21mars2011.pdf\">courrier adress\u00e9 \u00e0 Madame Lagarde<\/a>).<\/p>\n<p>Mais comme le note judicieusement un lecteur dans les commentaires de l&rsquo;article<a href=\"http:\/\/lexpansion.lexpress.fr\/economie\/bientot-une-prime-de-1000-euros-pour-les-salaries_252302.html?xtor=EPR-237\"><\/a>, ce type de r\u00e9mun\u00e9ration est par essence variable d&rsquo;une ann\u00e9e sur l&rsquo;autre, et peut \u00e0 tout moment \u00eatre supprim\u00e9e, ce qui n&rsquo;est pas le cas d&rsquo;une augmentation de salaire. Et l&rsquo;on assiste ces derni\u00e8res ann\u00e9es \u00e0 une \u00ab\u00a0variabilisation\u00a0\u00bb de plus en plus marqu\u00e9e de la r\u00e9mun\u00e9ration des personnels, y compris ceux qui ont peu de prise sur la strat\u00e9gie ou l&rsquo;activit\u00e9 op\u00e9rationnelle de l&rsquo;entreprise : on les associe donc de plus en plus au risque sans les associer aux d\u00e9cisions. Sans compter qu&rsquo;une part de ces r\u00e9mun\u00e9rations variables ne sont pas prises en compte dans les cotisations retraites, ce qui d\u00e9gradera d&rsquo;autant les r\u00e9gimes par r\u00e9partition d\u00e9j\u00e0 tr\u00e8s fortement menac\u00e9s.<\/p>\n","protected":false},"excerpt":{"rendered":"<p>C&rsquo;est ce que semble annoncer le Ministre du budget, dans une d\u00e9claration reprise par L&rsquo;Expansion : Le ministre fran\u00e7ais du Budget Fran\u00e7ois Baroin a \u00e9voqu\u00e9 mercredi 13 avril la cr\u00e9ation prochaine d&rsquo;un m\u00e9canisme pour pousser les entreprises \u00e0 lier le versement de dividendes \u00e0 celui d&rsquo;une prime exceptionnelle pour leurs salari\u00e9s d&rsquo;un montant d&rsquo;\u00a0\u00bbau moins [&hellip;]<\/p>\n","protected":false},"author":3,"featured_media":0,"comment_status":"open","ping_status":"closed","sticky":false,"template":"","format":"standard","meta":{"_monsterinsights_skip_tracking":false,"_monsterinsights_sitenote_active":false,"_monsterinsights_sitenote_note":"","_monsterinsights_sitenote_category":0,"footnotes":""},"categories":[25,8],"tags":[36,23,34,27],"class_list":["post-477","post","type-post","status-publish","format-standard","hentry","category-nos-analyses","category-revue-de-web","tag-dividendes","tag-etat","tag-remuneration","tag-resultats"],"_links":{"self":[{"href":"https:\/\/www.adeas.org\/index.php\/wp-json\/wp\/v2\/posts\/477","targetHints":{"allow":["GET"]}}],"collection":[{"href":"https:\/\/www.adeas.org\/index.php\/wp-json\/wp\/v2\/posts"}],"about":[{"href":"https:\/\/www.adeas.org\/index.php\/wp-json\/wp\/v2\/types\/post"}],"author":[{"embeddable":true,"href":"https:\/\/www.adeas.org\/index.php\/wp-json\/wp\/v2\/users\/3"}],"replies":[{"embeddable":true,"href":"https:\/\/www.adeas.org\/index.php\/wp-json\/wp\/v2\/comments?post=477"}],"version-history":[{"count":1,"href":"https:\/\/www.adeas.org\/index.php\/wp-json\/wp\/v2\/posts\/477\/revisions"}],"predecessor-version":[{"id":478,"href":"https:\/\/www.adeas.org\/index.php\/wp-json\/wp\/v2\/posts\/477\/revisions\/478"}],"wp:attachment":[{"href":"https:\/\/www.adeas.org\/index.php\/wp-json\/wp\/v2\/media?parent=477"}],"wp:term":[{"taxonomy":"category","embeddable":true,"href":"https:\/\/www.adeas.org\/index.php\/wp-json\/wp\/v2\/categories?post=477"},{"taxonomy":"post_tag","embeddable":true,"href":"https:\/\/www.adeas.org\/index.php\/wp-json\/wp\/v2\/tags?post=477"}],"curies":[{"name":"wp","href":"https:\/\/api.w.org\/{rel}","templated":true}]}}