{"id":4139,"date":"2024-10-18T15:32:59","date_gmt":"2024-10-18T13:32:59","guid":{"rendered":"https:\/\/www.adeas.org\/?p=4139"},"modified":"2024-10-18T15:39:32","modified_gmt":"2024-10-18T13:39:32","slug":"election-du-conseil-de-surveillance-orange-actions-donnez-de-la-voix-a-vos-actions","status":"publish","type":"post","link":"https:\/\/www.adeas.org\/index.php\/laction-de-ladeas\/election-du-conseil-de-surveillance-orange-actions-donnez-de-la-voix-a-vos-actions\/","title":{"rendered":"\u00c9lection du Conseil de surveillance Orange Actions : donnez de la voix \u00e0 vos actions !"},"content":{"rendered":"\n<h2 class=\"wp-block-heading\">Vote \u00e9lectronique &#8211; 1 seul tour&nbsp;: mardi 19 novembre 9h au jeudi 21 novembre 14h<\/h2>\n\n\n\n<figure class=\"wp-block-image size-full\"><img loading=\"lazy\" decoding=\"async\" width=\"716\" height=\"207\" src=\"https:\/\/www.adeas.org\/wp-content\/uploads\/2024\/10\/Tetiere-profession-de-foi.png\" alt=\"\" class=\"wp-image-4140\" srcset=\"https:\/\/www.adeas.org\/wp-content\/uploads\/2024\/10\/Tetiere-profession-de-foi.png 716w, https:\/\/www.adeas.org\/wp-content\/uploads\/2024\/10\/Tetiere-profession-de-foi-500x145.png 500w\" sizes=\"auto, (max-width: 716px) 100vw, 716px\" \/><\/figure>\n\n\n\n<p><\/p>\n\n\n\n<p>Les personnels actionnaires sont le 2\u1d49 actionnaire d&rsquo;Orange, juste apr\u00e8s l&rsquo;\u00c9tat.<br \/><br \/>En donnant la majorit\u00e9 absolue \u00e0 la CFE-CGC Orange et \u00e0 l&rsquo;ADEAS au Conseil de Surveillance, vous permettrez l\u2019\u00e9laboration de propositions strat\u00e9giques alternatives pour prot\u00e9ger l\u2019avenir du Groupe et renforcer la souverainet\u00e9 technologique fran\u00e7aise.<br \/><br \/>Retrouvez nos propositions pour d\u00e9velopper l\u2019actionnariat salari\u00e9 et la liste de nos candidats dans notre profession de foi.<\/p>\n\n\n\n<h2 class=\"wp-block-heading\">Au sommaire<\/h2>\n\n\n\n<ul class=\"wp-block-list\">\n<li><a href=\"https:\/\/www.cfecgc-orange.org\/2024100114549\/actionnariat-orange-actions-2024\/retrouver-une-strategie-porteuse-d-avenir-pour-toutes-et-tous.html\">Retrouver une strat\u00e9gie porteuse d\u2019avenir pour toutes et tous.<\/a><\/li>\n\n\n\n<li><a href=\"https:\/\/www.cfecgc-orange.org\/2024100114548\/actionnariat-orange-actions-2024\/la-cfe-cgc-orange-et-l-adeas-plaident-pour-un-dividende-a-0-50-maximum.html\">La CFE-CGC Orange et l\u2019ADEAS plaident pour un dividende \u00e0 0,50\u20ac maximum.<\/a><\/li>\n\n\n\n<li><a href=\"https:\/\/www.cfecgc-orange.org\/2024100114547\/actionnariat-orange-actions-2024\/la-nouvelle-direction-veut-prendre-la-main-sur-le-fonds-orange-actions.html\">La nouvelle Direction veut prendre la main sur le fonds Orange Actions.<\/a><\/li>\n\n\n\n<li><a href=\"https:\/\/www.cfecgc-orange.org\/2024100114546\/actionnariat-orange-actions-2024\/7-propositions-pour-developper-l-actionnariat-salaries.html\">7 propositions pour d\u00e9velopper l\u2019actionnariat salari\u00e9s<\/a><\/li>\n\n\n\n<li><a href=\"https:\/\/www.cfecgc-orange.org\/2024100114545\/actionnariat-orange-actions-2024\/votre-conseil-de-surveillance-orange-actions.html\">Votre Conseil de surveillance Orange Actions<\/a><\/li>\n\n\n\n<li><a href=\"https:\/\/www.cfecgc-orange.org\/2024100114544\/actionnariat-orange-actions-2024\/17-ans-d-actions-en-faveur-de-l-actionnariat-salaries-d-orange.html\">17 ans d\u2019actions en faveur de l\u2019actionnariat salari\u00e9s d\u2019Orange\u2026<\/a><\/li>\n\n\n\n<li><a href=\"https:\/\/www.cfecgc-orange.org\/2024100114543\/actionnariat-orange-actions-2024\/nos-candidats.html\">Nos candidats<\/a><\/li>\n<\/ul>\n\n\n\n<p>T\u00e9l\u00e9charger la profession de foi en pdf : <a href=\"https:\/\/www.cfecgc-orange.org\/documents\/tracts-publications\/profession_de_foi_elections_cs_oa_2024_def_2024-09-30.pdf\"><img decoding=\"async\" src=\"https:\/\/www.cfecgc-orange.org\/media\/jce\/icons\/pdf.png\" alt=\"pdf\"\/>profession_de_foi_elections_cs_oa_2024<\/a><\/p>\n\n\n<div class=\"_df_book df-lite\" id=\"df_4136\"  _slug=\"4136\" data-title=\"profession-de-foi-_-election-conseil-de-surveillance-orange-actions\" wpoptions=\"true\" thumb=\"https:\/\/www.adeas.org\/wp-content\/uploads\/2024\/10\/Vignette-profession-de-foi.png\" thumbtype=\"\" ><\/div><script class=\"df-shortcode-script\" nowprocket type=\"application\/javascript\">window.option_df_4136 = {\"outline\":[],\"autoEnableOutline\":\"false\",\"autoEnableThumbnail\":\"false\",\"overwritePDFOutline\":\"false\",\"direction\":\"1\",\"pageSize\":\"0\",\"source\":\"https:\\\/\\\/www.adeas.org\\\/wp-content\\\/uploads\\\/2024\\\/10\\\/Profession-de-foi_Elections-CS-OA-2024_def_2024-09-30.pdf\",\"wpOptions\":\"true\"}; if(window.DFLIP && window.DFLIP.parseBooks){window.DFLIP.parseBooks();}<\/script>\n\n\n<p><\/p>\n","protected":false},"excerpt":{"rendered":"<p>Vote \u00e9lectronique &#8211; 1 seul tour&nbsp;: mardi 19 novembre 9h au jeudi 21 novembre 14h Les personnels actionnaires sont le 2\u1d49 actionnaire d&rsquo;Orange, juste apr\u00e8s l&rsquo;\u00c9tat. En donnant la majorit\u00e9 absolue \u00e0 la CFE-CGC Orange et \u00e0 l&rsquo;ADEAS au Conseil de Surveillance, vous permettrez l\u2019\u00e9laboration de propositions strat\u00e9giques alternatives pour prot\u00e9ger l\u2019avenir du Groupe et [&hellip;]<\/p>\n","protected":false},"author":1,"featured_media":0,"comment_status":"open","ping_status":"closed","sticky":false,"template":"","format":"standard","meta":{"_monsterinsights_skip_tracking":false,"_monsterinsights_sitenote_active":false,"_monsterinsights_sitenote_note":"","_monsterinsights_sitenote_category":0,"footnotes":""},"categories":[3],"tags":[11,55,45],"class_list":["post-4139","post","type-post","status-publish","format-standard","hentry","category-laction-de-ladeas","tag-actionnariat-salarie","tag-election","tag-peg"],"_links":{"self":[{"href":"https:\/\/www.adeas.org\/index.php\/wp-json\/wp\/v2\/posts\/4139","targetHints":{"allow":["GET"]}}],"collection":[{"href":"https:\/\/www.adeas.org\/index.php\/wp-json\/wp\/v2\/posts"}],"about":[{"href":"https:\/\/www.adeas.org\/index.php\/wp-json\/wp\/v2\/types\/post"}],"author":[{"embeddable":true,"href":"https:\/\/www.adeas.org\/index.php\/wp-json\/wp\/v2\/users\/1"}],"replies":[{"embeddable":true,"href":"https:\/\/www.adeas.org\/index.php\/wp-json\/wp\/v2\/comments?post=4139"}],"version-history":[{"count":3,"href":"https:\/\/www.adeas.org\/index.php\/wp-json\/wp\/v2\/posts\/4139\/revisions"}],"predecessor-version":[{"id":4144,"href":"https:\/\/www.adeas.org\/index.php\/wp-json\/wp\/v2\/posts\/4139\/revisions\/4144"}],"wp:attachment":[{"href":"https:\/\/www.adeas.org\/index.php\/wp-json\/wp\/v2\/media?parent=4139"}],"wp:term":[{"taxonomy":"category","embeddable":true,"href":"https:\/\/www.adeas.org\/index.php\/wp-json\/wp\/v2\/categories?post=4139"},{"taxonomy":"post_tag","embeddable":true,"href":"https:\/\/www.adeas.org\/index.php\/wp-json\/wp\/v2\/tags?post=4139"}],"curies":[{"name":"wp","href":"https:\/\/api.w.org\/{rel}","templated":true}]}}