{"id":4103,"date":"2024-09-02T11:06:51","date_gmt":"2024-09-02T09:06:51","guid":{"rendered":"https:\/\/www.adeas.org\/?p=4103"},"modified":"2024-09-02T11:06:52","modified_gmt":"2024-09-02T09:06:52","slug":"lettre-de-lepargne-et-de-lactionnariat-salaries-4-2024-peg-solocal-actions-ex-pages-jaunes-anatomie-dune-chute","status":"publish","type":"post","link":"https:\/\/www.adeas.org\/index.php\/en-pratique\/lettre-de-lepargne-et-de-lactionnariat-salaries-4-2024-peg-solocal-actions-ex-pages-jaunes-anatomie-dune-chute\/","title":{"rendered":"Lettre de l&rsquo;Epargne et de l&rsquo;Actionnariat salari\u00e9s #4\/2024 : PEG Solocal Actions (ex Pages Jaunes) &#8211; Anatomie d\u2019une chute"},"content":{"rendered":"\n<figure class=\"wp-block-image size-full\"><img loading=\"lazy\" decoding=\"async\" width=\"541\" height=\"145\" src=\"https:\/\/www.adeas.org\/wp-content\/uploads\/2024\/09\/Tetiere-LEA-4-2024_Solocal_web.png\" alt=\"\" class=\"wp-image-4104\" srcset=\"https:\/\/www.adeas.org\/wp-content\/uploads\/2024\/09\/Tetiere-LEA-4-2024_Solocal_web.png 541w, https:\/\/www.adeas.org\/wp-content\/uploads\/2024\/09\/Tetiere-LEA-4-2024_Solocal_web-500x134.png 500w\" sizes=\"auto, (max-width: 541px) 100vw, 541px\" \/><\/figure>\n\n\n\n<p>Le 7 juin 2024, le Conseil de surveillance du FCPE (Fonds Commun de Placement d\u2019Entreprise) Solocal Actions a d\u00e9cid\u00e9 \u00e0 l\u2019unanimit\u00e9 la fusion-absorption du fonds Solocal Actions dans le FCPE Evolutis du PEG Orange&nbsp;: \u00e0 date l\u2019action ne cote plus que 0,06 \u20ac, et le plan de restructuration annonc\u00e9 en avril 2024 pr\u00e9voit une dilution massive pour les actionnaires actuels qui, \u00e0 l\u2019issue de l\u2019op\u00e9ration, d\u00e9tiendront moins de 1% du capital de Solocal.<\/p>\n\n\n\n<p>L\u2019op\u00e9ration a \u00e9t\u00e9 agr\u00e9\u00e9e par l&rsquo;Autorit\u00e9 des March\u00e9s Financiers (AMF) le 24 juillet 2024 et sera r\u00e9alis\u00e9e le 30 septembre 2024. Lorsqu\u2019elle sera termin\u00e9e, le fonds Solocal Actions dispara\u00eetra du PEG Orange et vos avoirs dans ce FCPE seront transf\u00e9r\u00e9s dans le FCPE Evolutis (compos\u00e9 d\u2019actions et d\u2019obligations).<\/p>\n\n\n\n<h2 class=\"wp-block-heading\">Au sommaire de la lettre :<\/h2>\n\n\n\n<ul class=\"wp-block-list\">\n<li><a href=\"https:\/\/www.cfecgc-orange.org\/2024090214476\/participation-interessement-et-actionnariat\/pages-jaunes-solocal-une-entreprise-rentable-empoisonnee-par-un-lbo.html\">Pages Jaunes \/ Solocal : Une entreprise rentable empoisonn\u00e9e par un LBO<\/a><\/li>\n\n\n\n<li><a href=\"https:\/\/www.cfecgc-orange.org\/2024090214475\/participation-interessement-et-actionnariat\/fcpe-pages-jaunes-solocal-actions-l-affaire-commencait-bien-pour-les-personnels-por-teurs-de-parts-mais-elle-tourne-mal.html\">FCPE Pages Jaunes \/ Solocal Actions : L\u2019affaire commen\u00e7ait bien pour les personnels por-teurs de parts, mais elle tourne mal<\/a><\/li>\n\n\n\n<li><a href=\"https:\/\/www.cfecgc-orange.org\/2024090214474\/participation-interessement-et-actionnariat\/fusion-solocal-actions-dans-evolutis-en-pratique.html\">Fusion Solocal Actions dans Evolutis : en pratique<\/a><\/li>\n<\/ul>\n\n\n\n<p>La lettre en pdf : <a href=\"https:\/\/www.cfecgc-orange.org\/documents\/themes\/participation-interessement-et-actionnariat\/lea_4_2024_-_fusion_fonds_solocal_actions_consolidation.pdf\">lea_4_2024_-_fusion_fonds_solocal_actions_consolidation.pdf<\/a><\/p>\n","protected":false},"excerpt":{"rendered":"<p>Le 7 juin 2024, le Conseil de surveillance du FCPE (Fonds Commun de Placement d\u2019Entreprise) Solocal Actions a d\u00e9cid\u00e9 \u00e0 l\u2019unanimit\u00e9 la fusion-absorption du fonds Solocal Actions dans le FCPE Evolutis du PEG Orange&nbsp;: \u00e0 date l\u2019action ne cote plus que 0,06 \u20ac, et le plan de restructuration annonc\u00e9 en avril 2024 pr\u00e9voit une dilution [&hellip;]<\/p>\n","protected":false},"author":1,"featured_media":0,"comment_status":"open","ping_status":"closed","sticky":false,"template":"","format":"standard","meta":{"_monsterinsights_skip_tracking":false,"_monsterinsights_sitenote_active":false,"_monsterinsights_sitenote_note":"","_monsterinsights_sitenote_category":0,"footnotes":""},"categories":[28,41],"tags":[22,45],"class_list":["post-4103","post","type-post","status-publish","format-standard","hentry","category-en-pratique","category-lettre-epargne-actionnariat-salaries","tag-actionnariat","tag-peg"],"_links":{"self":[{"href":"https:\/\/www.adeas.org\/index.php\/wp-json\/wp\/v2\/posts\/4103","targetHints":{"allow":["GET"]}}],"collection":[{"href":"https:\/\/www.adeas.org\/index.php\/wp-json\/wp\/v2\/posts"}],"about":[{"href":"https:\/\/www.adeas.org\/index.php\/wp-json\/wp\/v2\/types\/post"}],"author":[{"embeddable":true,"href":"https:\/\/www.adeas.org\/index.php\/wp-json\/wp\/v2\/users\/1"}],"replies":[{"embeddable":true,"href":"https:\/\/www.adeas.org\/index.php\/wp-json\/wp\/v2\/comments?post=4103"}],"version-history":[{"count":1,"href":"https:\/\/www.adeas.org\/index.php\/wp-json\/wp\/v2\/posts\/4103\/revisions"}],"predecessor-version":[{"id":4105,"href":"https:\/\/www.adeas.org\/index.php\/wp-json\/wp\/v2\/posts\/4103\/revisions\/4105"}],"wp:attachment":[{"href":"https:\/\/www.adeas.org\/index.php\/wp-json\/wp\/v2\/media?parent=4103"}],"wp:term":[{"taxonomy":"category","embeddable":true,"href":"https:\/\/www.adeas.org\/index.php\/wp-json\/wp\/v2\/categories?post=4103"},{"taxonomy":"post_tag","embeddable":true,"href":"https:\/\/www.adeas.org\/index.php\/wp-json\/wp\/v2\/tags?post=4103"}],"curies":[{"name":"wp","href":"https:\/\/api.w.org\/{rel}","templated":true}]}}