{"id":4046,"date":"2024-05-31T10:46:42","date_gmt":"2024-05-31T08:46:42","guid":{"rendered":"https:\/\/www.adeas.org\/?p=4046"},"modified":"2024-05-31T10:48:34","modified_gmt":"2024-05-31T08:48:34","slug":"riyad-manseri-les-representants-des-salaries-au-conseil-dadministration-en-france-des-administrateurs-comme-les-autres","status":"publish","type":"post","link":"https:\/\/www.adeas.org\/index.php\/laction-de-ladeas\/riyad-manseri-les-representants-des-salaries-au-conseil-dadministration-en-france-des-administrateurs-comme-les-autres\/","title":{"rendered":"Riyad Manseri &#8211; Les repr\u00e9sentants des salari\u00e9s au conseil d\u2019administration en France : des administrateurs comme les autres ?"},"content":{"rendered":"<div class=\"video-container\"><iframe loading=\"lazy\" src=\"https:\/\/player.vod2.infomaniak.com\/embed\/1jhvl2uqoz9zq\" width=\"720\" height=\"360\" frameborder=\"0\" allowfullscreen=\"allowfullscreen\"><\/iframe><\/div>\n<p>Chaque ann\u00e9e, le jour de l&rsquo;AG des actionnaires d&rsquo;Orange, l&rsquo;ADEAS organise un d\u00e9jeuner-conf\u00e9rence avec des invit\u00e9s externes, pour faire le point sur un sujet en lien avec l&rsquo;AG.<\/p>\n<p>Riyad Manseri nous a pr\u00e9sent\u00e9 les principaux r\u00e9sultats de sa th\u00e8se : \u00ab\u00a0Les repr\u00e9sentants des salari\u00e9s au conseil d\u2019administration en France : des administrateurs comme les autres ?\u00a0\u00bb<\/p>\n<p>Les r\u00e9sultats de son enqu\u00eate posent des questions int\u00e9ressantes, qui nous invitent \u00e0 la r\u00e9flexion et \u00e0 l&rsquo;action pour\u00a0mieux faire reconna\u00eetre les administrateurs salari\u00e9s.<br \/>\nIl reste encore du chemin \u00e0 parcourir pour qu&rsquo;ils puissent vraiment jouer leur r\u00f4le de \u00ab\u00a0voix des personnels\u00a0\u00bb au Conseil d&rsquo;administration, et y soient reconnus comme pleinement l\u00e9gitimes.<\/p>\n","protected":false},"excerpt":{"rendered":"<p>Chaque ann\u00e9e, le jour de l&rsquo;AG des actionnaires d&rsquo;Orange, l&rsquo;ADEAS organise un d\u00e9jeuner-conf\u00e9rence avec des invit\u00e9s externes, pour faire le point sur un sujet en lien avec l&rsquo;AG. Riyad Manseri nous a pr\u00e9sent\u00e9 les principaux r\u00e9sultats de sa th\u00e8se : \u00ab\u00a0Les repr\u00e9sentants des salari\u00e9s au conseil d\u2019administration en France : des administrateurs comme les autres [&hellip;]<\/p>\n","protected":false},"author":1,"featured_media":0,"comment_status":"open","ping_status":"closed","sticky":false,"template":"","format":"standard","meta":{"_monsterinsights_skip_tracking":false,"_monsterinsights_sitenote_active":false,"_monsterinsights_sitenote_note":"","_monsterinsights_sitenote_category":0,"footnotes":""},"categories":[3],"tags":[42,61,48],"class_list":["post-4046","post","type-post","status-publish","format-standard","hentry","category-laction-de-ladeas","tag-assemblee-generale","tag-conseil-dadministration","tag-gouvernance"],"_links":{"self":[{"href":"https:\/\/www.adeas.org\/index.php\/wp-json\/wp\/v2\/posts\/4046","targetHints":{"allow":["GET"]}}],"collection":[{"href":"https:\/\/www.adeas.org\/index.php\/wp-json\/wp\/v2\/posts"}],"about":[{"href":"https:\/\/www.adeas.org\/index.php\/wp-json\/wp\/v2\/types\/post"}],"author":[{"embeddable":true,"href":"https:\/\/www.adeas.org\/index.php\/wp-json\/wp\/v2\/users\/1"}],"replies":[{"embeddable":true,"href":"https:\/\/www.adeas.org\/index.php\/wp-json\/wp\/v2\/comments?post=4046"}],"version-history":[{"count":2,"href":"https:\/\/www.adeas.org\/index.php\/wp-json\/wp\/v2\/posts\/4046\/revisions"}],"predecessor-version":[{"id":4048,"href":"https:\/\/www.adeas.org\/index.php\/wp-json\/wp\/v2\/posts\/4046\/revisions\/4048"}],"wp:attachment":[{"href":"https:\/\/www.adeas.org\/index.php\/wp-json\/wp\/v2\/media?parent=4046"}],"wp:term":[{"taxonomy":"category","embeddable":true,"href":"https:\/\/www.adeas.org\/index.php\/wp-json\/wp\/v2\/categories?post=4046"},{"taxonomy":"post_tag","embeddable":true,"href":"https:\/\/www.adeas.org\/index.php\/wp-json\/wp\/v2\/tags?post=4046"}],"curies":[{"name":"wp","href":"https:\/\/api.w.org\/{rel}","templated":true}]}}