{"id":4034,"date":"2024-05-17T11:04:46","date_gmt":"2024-05-17T09:04:46","guid":{"rendered":"https:\/\/www.adeas.org\/?p=4034"},"modified":"2024-05-17T11:04:47","modified_gmt":"2024-05-17T09:04:47","slug":"la-cfe-cgc-orange-demande-la-negociation-dun-avenant-a-laccord-percol","status":"publish","type":"post","link":"https:\/\/www.adeas.org\/index.php\/en-pratique\/la-cfe-cgc-orange-demande-la-negociation-dun-avenant-a-laccord-percol\/","title":{"rendered":"La CFE-CGC Orange demande la n\u00e9gociation d&rsquo;un avenant \u00e0 l&rsquo;accord PERCOL"},"content":{"rendered":"\n<figure class=\"wp-block-image size-full\"><img loading=\"lazy\" decoding=\"async\" width=\"640\" height=\"427\" src=\"https:\/\/www.adeas.org\/wp-content\/uploads\/2022\/03\/money-2696219_640.jpg\" alt=\"\" class=\"wp-image-3411\" srcset=\"https:\/\/www.adeas.org\/wp-content\/uploads\/2022\/03\/money-2696219_640.jpg 640w, https:\/\/www.adeas.org\/wp-content\/uploads\/2022\/03\/money-2696219_640-500x334.jpg 500w\" sizes=\"auto, (max-width: 640px) 100vw, 640px\" \/><\/figure>\n\n\n\n<p>Pour permettre le maintien du label ISR (Investissement Socialement Responsable) pour le fonds mon\u00e9taire du PERCOL, Amundi pr\u00e9conise la mise en \u0153uvre du label <a href=\"http:\/\/www.ci-es.org\/\">CIES<\/a> (Comit\u00e9 Intersyndical de l&rsquo;Epargne Salariale). L&rsquo;obtention de ce label n\u00e9cessite que le Conseil de surveillance des fonds du PERCOL soit compos\u00e9 au 2\/3 de repr\u00e9sentants des personnels porteurs de parts.<\/p>\n\n\n\n<p>L&rsquo;actuel Conseil de surveillance du PERCOL est compos\u00e9 12 repr\u00e9sentants, 6 pour les personnels porteurs de parts, 6 pour la Direction. Pour modifier sa composition, et donner la majorit\u00e9 des 2\/3 aux repr\u00e9sentants des porteurs de parts (\u00e0 qui appartiennent in fine les fonds d\u00e9tenus dans le PERCOL), il est n\u00e9cessaire de n\u00e9gocier un avenant \u00e0 l&rsquo;actuel accord PERCOL.<\/p>\n\n\n\n<p>La CFE-CGC Orange a donc demand\u00e9 l&rsquo;ouverture d&rsquo;une n\u00e9gociation le 29 avril dernier.<\/p>\n\n\n\n<p>Vous pouvez <a href=\"https:\/\/www.cfecgc-orange.org\/documents\/themes\/participation-interessement-et-actionnariat\/avenant_a_laccord_percol_ps_04_01_2024-04-29_.pdf\">t\u00e9l\u00e9charger le courrier<\/a>, ainsi que <a href=\"https:\/\/www.cfecgc-orange.org\/documents\/themes\/participation-interessement-et-actionnariat\/orange-monetaire19-03-24_v2.pdf\">le document d&rsquo;Amund<\/a>i pr\u00e9conisant le label CIES sur le site de la CFE-CGC Orange.<\/p>\n","protected":false},"excerpt":{"rendered":"<p>Pour permettre le maintien du label ISR (Investissement Socialement Responsable) pour le fonds mon\u00e9taire du PERCOL, Amundi pr\u00e9conise la mise en \u0153uvre du label CIES (Comit\u00e9 Intersyndical de l&rsquo;Epargne Salariale). L&rsquo;obtention de ce label n\u00e9cessite que le Conseil de surveillance des fonds du PERCOL soit compos\u00e9 au 2\/3 de repr\u00e9sentants des personnels porteurs de parts. [&hellip;]<\/p>\n","protected":false},"author":1,"featured_media":0,"comment_status":"open","ping_status":"closed","sticky":false,"template":"","format":"standard","meta":{"_monsterinsights_skip_tracking":false,"_monsterinsights_sitenote_active":false,"_monsterinsights_sitenote_note":"","_monsterinsights_sitenote_category":0,"footnotes":""},"categories":[28],"tags":[86,95,81],"class_list":["post-4034","post","type-post","status-publish","format-standard","hentry","category-en-pratique","tag-epargne-retraite-2","tag-isg","tag-percol"],"_links":{"self":[{"href":"https:\/\/www.adeas.org\/index.php\/wp-json\/wp\/v2\/posts\/4034","targetHints":{"allow":["GET"]}}],"collection":[{"href":"https:\/\/www.adeas.org\/index.php\/wp-json\/wp\/v2\/posts"}],"about":[{"href":"https:\/\/www.adeas.org\/index.php\/wp-json\/wp\/v2\/types\/post"}],"author":[{"embeddable":true,"href":"https:\/\/www.adeas.org\/index.php\/wp-json\/wp\/v2\/users\/1"}],"replies":[{"embeddable":true,"href":"https:\/\/www.adeas.org\/index.php\/wp-json\/wp\/v2\/comments?post=4034"}],"version-history":[{"count":1,"href":"https:\/\/www.adeas.org\/index.php\/wp-json\/wp\/v2\/posts\/4034\/revisions"}],"predecessor-version":[{"id":4035,"href":"https:\/\/www.adeas.org\/index.php\/wp-json\/wp\/v2\/posts\/4034\/revisions\/4035"}],"wp:attachment":[{"href":"https:\/\/www.adeas.org\/index.php\/wp-json\/wp\/v2\/media?parent=4034"}],"wp:term":[{"taxonomy":"category","embeddable":true,"href":"https:\/\/www.adeas.org\/index.php\/wp-json\/wp\/v2\/categories?post=4034"},{"taxonomy":"post_tag","embeddable":true,"href":"https:\/\/www.adeas.org\/index.php\/wp-json\/wp\/v2\/tags?post=4034"}],"curies":[{"name":"wp","href":"https:\/\/api.w.org\/{rel}","templated":true}]}}