{"id":3978,"date":"2024-02-17T00:11:33","date_gmt":"2024-02-16T23:11:33","guid":{"rendered":"https:\/\/www.adeas.org\/?p=3978"},"modified":"2024-06-13T14:41:23","modified_gmt":"2024-06-13T12:41:23","slug":"interessement-et-participation-2024-la-claque","status":"publish","type":"post","link":"https:\/\/www.adeas.org\/index.php\/lettre-epargne-actionnariat-salaries\/interessement-et-participation-2024-la-claque\/","title":{"rendered":"Lettre de l&rsquo;\u00c9pargne et de l&rsquo;Actionnariat Salari\u00e9s #2\/2024 &#8211; Int\u00e9ressement et participation 2024 : la claque !"},"content":{"rendered":"\n<figure class=\"wp-block-image size-full\"><img loading=\"lazy\" decoding=\"async\" width=\"549\" height=\"150\" src=\"https:\/\/www.adeas.org\/wp-content\/uploads\/2024\/02\/Banniere_Tract-LEA-2-2024.jpg\" alt=\"\" class=\"wp-image-3979\" srcset=\"https:\/\/www.adeas.org\/wp-content\/uploads\/2024\/02\/Banniere_Tract-LEA-2-2024.jpg 549w, https:\/\/www.adeas.org\/wp-content\/uploads\/2024\/02\/Banniere_Tract-LEA-2-2024-500x137.jpg 500w\" sizes=\"auto, (max-width: 549px) 100vw, 549px\" \/><\/figure>\n\n\n\n<p>L\u2019int\u00e9ressement et la participation vers\u00e9s aux personnels au titre de l\u2019exercice \u00e9coul\u00e9 sont communiqu\u00e9s \u00e0 l\u2019occasion de la <a href=\"https:\/\/gallery.orange.com\/_h\/uLp820\">publication des r\u00e9sultats annuels<\/a>. &nbsp;<\/p>\n\n\n\n<h2 class=\"wp-block-heading\">Les r\u00e9sultats de la France sont pr\u00e9occupants\u2026<\/h2>\n\n\n\n<p>En d\u00e9pit des annonces triomphantes aux march\u00e9s, les r\u00e9sultats de la France sont pr\u00e9occupants. Le chiffre d\u2019affaires est en baisse de 1,4%, plomb\u00e9 par des pertes de part de march\u00e9s (en particulier sur le fixe) que les augmentations tarifaires intervenues courant 2023 ne compensent pas, tandis que le CA wholesale (services aux op\u00e9rateurs) poursuit son recul (- 8,5%).<\/p>\n\n\n\n<p>Rien d\u2019\u00e9tonnant donc \u00e0 ce que l\u2019EBITDAal France (la marge) recule de 3,6%, bien que la France soit la plus forte contributrice \u00e0 la baisse des investissements (eCapex = -344m\u20ac),&nbsp; \u00ab&nbsp;le d\u00e9ploiement des r\u00e9seaux Fibre y \u00e9tant quasiment termin\u00e9&nbsp;\u00bb, dixit la Direction. Les co\u00fbts de l\u2019\u00e9nergie, en forte hausse en 2023, clouent le cercueil.<\/p>\n\n\n\n<h2 class=\"wp-block-heading\">\u2026 et se r\u00e9percutent directement sur l\u2019int\u00e9ressement et la participation, en baisse de 10%&nbsp;!<\/h2>\n\n\n\n<p>Jusqu\u2019\u00e0 pr\u00e9sent, la baisse des effectifs et l\u2019augmentation de la sous-traitance (dont les personnels ne touchent pas l\u2019int\u00e9ressement et la participation vers\u00e9s par Orange) permettaient de sauvegarder les montants individuels per\u00e7us, bien que les enveloppes globales distribu\u00e9es au titre de l\u2019int\u00e9ressement et de la participation soient en baisse depuis maintenant 10 ans. Il n\u2019en est rien cette ann\u00e9e&nbsp;: <strong>tout le monde perd en moyenne 10%, <\/strong>sauf les deux premiers niveaux de salaires, qui perdront entre 7 et 9%, sauvegard\u00e9s par les planchers de versement d\u00e9finis dans l\u2019accord de participation Groupe.<\/p>\n\n\n\n<p>La baisse des enveloppes de participation et d\u2019int\u00e9ressement au fil des ans am\u00e9liorent la pr\u00e9sentation des r\u00e9sultats en all\u00e9geant chaque ann\u00e9e un peu plus les charges de personnel\u2026 au d\u00e9triment de la r\u00e9tribution vers\u00e9e \u00e0 celles et ceux qui produisent.<\/p>\n\n\n\n<h2 class=\"wp-block-heading\">Les personnels ne sont pas une variable d\u2019ajustement.<\/h2>\n\n\n\n<p>Leur engagement est indispensable pour redresser la situation dans laquelle les dirigeants ont fourvoy\u00e9 l\u2019entreprise.<a href=\"https:\/\/www.cfecgc-orange.org\/2024021613977\/participation-interessement-et-actionnariat\/la-cfe-cgc-orange-demande-un-interessement-supplementaire-au-titre-des-resultats-2023.html\"><strong> La CFE-CGC Orange et l&rsquo;ADEAS r\u00e9clament donc un int\u00e9ressement suppl\u00e9mentaire&nbsp;pour compenser cette perte<\/strong> <strong>s\u00e8che<\/strong><\/a>, tandis qu\u2019en parall\u00e8le la n\u00e9gociation annuelle sur les salaires ne s\u2019annonce pas g\u00e9n\u00e9reuse. Les \u00ab&nbsp;remerciements chaleureux&nbsp;\u00bb de la Directrice G\u00e9n\u00e9rale pour notre \u00ab&nbsp;professionnalisme et engagement de tous les instants&nbsp;\u00bb ne suffiront pas, dans cette ann\u00e9e \u00ab&nbsp;olympique&nbsp;\u00bb o\u00f9 de nombreux efforts suppl\u00e9mentaires seront demand\u00e9s aux \u00e9quipes, ni pour maintenir l\u2019engagement des collaborateurs, ni pour leur permettre de faire face \u00e0 l\u2019inflation, toujours sensible sur les loyers, l\u2019\u00e9nergie et l\u2019alimentation.<\/p>\n\n\n\n<figure class=\"wp-block-image size-full\"><img loading=\"lazy\" decoding=\"async\" width=\"723\" height=\"309\" src=\"https:\/\/www.adeas.org\/wp-content\/uploads\/2024\/02\/Tableau-interessement-participation-2024.jpg\" alt=\"\" class=\"wp-image-3980\" srcset=\"https:\/\/www.adeas.org\/wp-content\/uploads\/2024\/02\/Tableau-interessement-participation-2024.jpg 723w, https:\/\/www.adeas.org\/wp-content\/uploads\/2024\/02\/Tableau-interessement-participation-2024-500x214.jpg 500w\" sizes=\"auto, (max-width: 723px) 100vw, 723px\" \/><\/figure>\n\n\n\n<h3 class=\"wp-block-heading\">La participation dans le Groupe Orange<\/h3>\n\n\n\n<p><a href=\"https:\/\/www.service-public.fr\/particuliers\/vosdroits\/F2141\">La participation est obligatoire dans les entreprises de 50 salari\u00e9s et +<\/a>. L\u2019accord Groupe Orange am\u00e9liore le calcul l\u00e9gal&nbsp;: la participation est \u00e9gale \u00e0 4 % du R\u00e9sultat d&rsquo;Exploitation (normes fran\u00e7aises). Toutes les soci\u00e9t\u00e9s adh\u00e9rentes \u00e0 l\u2019accord alimentent la R\u00e9serve Sp\u00e9ciale de Participation (RSP), r\u00e9partie entre les personnels ayant minimum 3 mois d\u2019anciennet\u00e9 sur l&rsquo;exercice au titre duquel la participation est distribu\u00e9e (l\u2019exercice 2023 pour ce qui est vers\u00e9 en 2024), selon &nbsp;les r\u00e8gles suivantes&nbsp;:<\/p>\n\n\n\n<ul class=\"wp-block-list\">\n<li>80% proportionnellement au salaire brut annuel&nbsp;;<\/li>\n\n\n\n<li>20% selon la dur\u00e9e de pr\u00e9sence au cours de l\u2019exercice, sans impact du temps partiel (y compris le TPS) ou des absences. Seules les p\u00e9riodes de suspension du contrat travail ou du lien statutaire donnent lieu \u00e0 un abattement proportionnel \u00e0 leur dur\u00e9e.<\/li>\n<\/ul>\n\n\n\n<p>\u00c0 niveau de salaire et dur\u00e9e de pr\u00e9sence \u00e9quivalents, tout collaborateur du Groupe en France touche le m\u00eame montant de participation, quels que soient les r\u00e9sultats de la soci\u00e9t\u00e9 \u00e0 laquelle il appartient.<\/p>\n\n\n\n<h3 class=\"wp-block-heading\">L\u2019int\u00e9ressement chez Orange SA<\/h3>\n\n\n\n<p><strong>Tous les personnels d\u2019Orange SA,<\/strong> d\u00e8s qu&rsquo;ils ont 3 mois d&rsquo;anciennet\u00e9, touchent l\u2019int\u00e9ressement. Son montant global est calcul\u00e9 sur la base de 3 indicateurs, associ\u00e9s chacun \u00e0 un objectif d\u00e9fini chaque ann\u00e9e par avenant \u00e0 l\u2019accord d\u2019int\u00e9ressement. Pour l\u2019exercice 2023, la masse d\u2019int\u00e9ressement repr\u00e9sente 4,08% de la masse salariale (elle peut atteindre 5,2% si les objectifs sont d\u00e9pass\u00e9s). Elle est r\u00e9partie entre les personnels&nbsp; selon 3 crit\u00e8res&nbsp;:<\/p>\n\n\n\n<ul class=\"wp-block-list\">\n<li>30% proportionnellement au salaire brut annuel&nbsp;;<\/li>\n\n\n\n<li>50% proportionnellement \u00e0 la pr\u00e9sence dans l\u2019entreprise pendant l\u2019exercice. Le temps partiel et les absences pour maladie sont d\u00e9compt\u00e9s&nbsp;;<\/li>\n\n\n\n<li>20% en fonction de la dur\u00e9e d\u2019appartenance \u00e0 l\u2019entreprise pendant l\u2019exercice, soit la dur\u00e9e pendant laquelle le collaborateur a un contrat de travail avec l\u2019entreprise.<\/li>\n<\/ul>\n\n\n\n<p><em>Vous pouvez retrouver notre analyse de l\u2019accord triennal d\u2019int\u00e9ressement 2021-2023 dans la <\/em><a href=\"https:\/\/www.cfecgc-orange.org\/2022012711388\/participation-interessement-et-actionnariat\/lettre-de-l-epargne-et-de-l-actionnariat-salaries-1-2022-orientations-strategiques-bilan-de-l-orp-together-2021-interessement-orange-sa.html\">Lettre \u00c9pargne &amp; Actionnariat salari\u00e9s #1\/2022<\/a><em>.<\/em><\/p>\n\n\n\n<h3 class=\"wp-block-heading\">Calendrier de versement<\/h3>\n\n\n\n<figure class=\"wp-block-table\"><table><tbody><tr><td><em>&nbsp;<\/em><\/td><td>Choix de placement<\/td><td>Paie ou investissement<\/td><\/tr><tr><td>Participation <em>(tous les personnels maison m\u00e8re et filiales France d\u00e9tenues \u00e0 + de 50%)<\/em><\/td><td>8 au 25 mars<\/td><td>Avec la paie d\u2019avril<\/td><\/tr><tr><td>Int\u00e9ressement <em>(Orange SA)<\/em><\/td><td>4 au 23 avril<\/td><td>Avec la paie de mai<\/td><\/tr><\/tbody><\/table><figcaption class=\"wp-element-caption\"><em>Vous recevez un mail d\u2019Amundi chaque fois que vous avez un choix \u00e0 formuler.<\/em><\/figcaption><\/figure>\n\n\n\n<h2 class=\"wp-block-heading\">Abondements employeur pour versement dans le PEG ou le PER COL&nbsp;: pas un centime de plus&nbsp;!<\/h2>\n\n\n\n<p>Seul l\u2019abondement PER COL fait l\u2019objet d\u2019une n\u00e9gociation\u2026 r\u00e9duite \u00e0 sa plus simple expression cette ann\u00e9e&nbsp;: la Direction refuse toute augmentation de l\u2019abondement, arguant qu\u2019il a augment\u00e9 de 200\u20ac l\u2019an dernier (ce qui ne comblait m\u00eame pas l\u2019inflation, le montant n\u2019ayant pas boug\u00e9 depuis 2019). Sur l\u2019abondement PEG, o\u00f9 il n\u2019y a aucune n\u00e9gociation, elle refuse d\u2019aligner les montants sur l\u2019abondement PER COL. Seules les tranches de placement ont \u00e9t\u00e9 harmonis\u00e9es entre les deux grilles.<\/p>\n\n\n\n<h3 class=\"wp-block-heading\"><em>Abondements vers\u00e9s en 2024<\/em><\/h3>\n\n\n\n<figure class=\"wp-block-image size-full\"><img loading=\"lazy\" decoding=\"async\" width=\"724\" height=\"291\" src=\"https:\/\/www.adeas.org\/wp-content\/uploads\/2024\/02\/Tableau-abondements-2024.jpg\" alt=\"\" class=\"wp-image-3981\" srcset=\"https:\/\/www.adeas.org\/wp-content\/uploads\/2024\/02\/Tableau-abondements-2024.jpg 724w, https:\/\/www.adeas.org\/wp-content\/uploads\/2024\/02\/Tableau-abondements-2024-500x201.jpg 500w\" sizes=\"auto, (max-width: 724px) 100vw, 724px\" \/><\/figure>\n\n\n\n<hr class=\"wp-block-separator has-alpha-channel-opacity\"\/>\n\n\n\n<p><strong>T\u00e9l\u00e9charger le tract en format pdf :&nbsp;<a href=\"https:\/\/www.cfecgc-orange.org\/documents\/themes\/participation-interessement-et-actionnariat\/lea_2_2024_-_interessement_et_participation_v2.pdf\">lea_2_2024_-_interessement_et_participation_v2.pdf<\/a><\/strong><\/p>\n","protected":false},"excerpt":{"rendered":"<p>L\u2019int\u00e9ressement et la participation vers\u00e9s aux personnels au titre de l\u2019exercice \u00e9coul\u00e9 sont communiqu\u00e9s \u00e0 l\u2019occasion de la publication des r\u00e9sultats annuels. &nbsp; Les r\u00e9sultats de la France sont pr\u00e9occupants\u2026 En d\u00e9pit des annonces triomphantes aux march\u00e9s, les r\u00e9sultats de la France sont pr\u00e9occupants. Le chiffre d\u2019affaires est en baisse de 1,4%, plomb\u00e9 par des [&hellip;]<\/p>\n","protected":false},"author":1,"featured_media":0,"comment_status":"open","ping_status":"closed","sticky":false,"template":"","format":"standard","meta":{"_monsterinsights_skip_tracking":false,"_monsterinsights_sitenote_active":false,"_monsterinsights_sitenote_note":"","_monsterinsights_sitenote_category":0,"footnotes":""},"categories":[41],"tags":[40,38,14],"class_list":["post-3978","post","type-post","status-publish","format-standard","hentry","category-lettre-epargne-actionnariat-salaries","tag-abondement","tag-interessement","tag-participation"],"_links":{"self":[{"href":"https:\/\/www.adeas.org\/index.php\/wp-json\/wp\/v2\/posts\/3978","targetHints":{"allow":["GET"]}}],"collection":[{"href":"https:\/\/www.adeas.org\/index.php\/wp-json\/wp\/v2\/posts"}],"about":[{"href":"https:\/\/www.adeas.org\/index.php\/wp-json\/wp\/v2\/types\/post"}],"author":[{"embeddable":true,"href":"https:\/\/www.adeas.org\/index.php\/wp-json\/wp\/v2\/users\/1"}],"replies":[{"embeddable":true,"href":"https:\/\/www.adeas.org\/index.php\/wp-json\/wp\/v2\/comments?post=3978"}],"version-history":[{"count":6,"href":"https:\/\/www.adeas.org\/index.php\/wp-json\/wp\/v2\/posts\/3978\/revisions"}],"predecessor-version":[{"id":4056,"href":"https:\/\/www.adeas.org\/index.php\/wp-json\/wp\/v2\/posts\/3978\/revisions\/4056"}],"wp:attachment":[{"href":"https:\/\/www.adeas.org\/index.php\/wp-json\/wp\/v2\/media?parent=3978"}],"wp:term":[{"taxonomy":"category","embeddable":true,"href":"https:\/\/www.adeas.org\/index.php\/wp-json\/wp\/v2\/categories?post=3978"},{"taxonomy":"post_tag","embeddable":true,"href":"https:\/\/www.adeas.org\/index.php\/wp-json\/wp\/v2\/tags?post=3978"}],"curies":[{"name":"wp","href":"https:\/\/api.w.org\/{rel}","templated":true}]}}