{"id":3962,"date":"2024-02-01T21:54:08","date_gmt":"2024-02-01T20:54:08","guid":{"rendered":"https:\/\/www.adeas.org\/?p=3962"},"modified":"2024-02-07T14:17:40","modified_gmt":"2024-02-07T13:17:40","slug":"des-representants-integres-et-independants","status":"publish","type":"post","link":"https:\/\/www.adeas.org\/index.php\/en-pratique\/des-representants-integres-et-independants\/","title":{"rendered":"Des repr\u00e9sentants int\u00e8gres et ind\u00e9pendants"},"content":{"rendered":"\n<p>D\u00e8s la premi\u00e8re fois qu&rsquo;elle a pr\u00e9sent\u00e9 des candidats au poste d&rsquo;administrateur repr\u00e9sentant les personnels d&rsquo;Orange au Conseil d&rsquo;administration, la CFE-CGC Orange s&rsquo;est engag\u00e9e publiquement \u00e0 ce que les jetons de pr\u00e9sence de leurs administrateurs soient directement vers\u00e9s \u00e0 leur organisation syndicale.<\/p>\n\n\n\n<ul class=\"wp-block-list\">\n<li>T\u00e9l\u00e9charger le document en format tract pdf sur une seule page : <a href=\"https:\/\/www.cfecgc-orange.org\/documents\/tracts-publications\/tract_jetons_de_presence.pdf\">tract_jetons_de_presence.pdf<\/a><\/li>\n<\/ul>\n\n\n\n<div data-wp-interactive=\"core\/file\" class=\"wp-block-file\"><object data-wp-bind--hidden=\"!state.hasPdfPreview\" hidden class=\"wp-block-file__embed\" data=\"https:\/\/www.adeas.org\/wp-content\/uploads\/2024\/02\/Carrousel-election-AdSa-jetons-de-presence-1.pdf\" type=\"application\/pdf\" style=\"width:100%;height:600px\" aria-label=\"Contenu embarqu\u00e9 Carrousel-election-AdSa-jetons-de-presence-1.\"><\/object><a id=\"wp-block-file--media-4df9a7b8-de9f-4678-a9a4-ad18d3d14d85\" href=\"https:\/\/www.adeas.org\/wp-content\/uploads\/2024\/02\/Carrousel-election-AdSa-jetons-de-presence-1.pdf\">Carrousel-election-AdSa-jetons-de-presence-1<\/a><a href=\"https:\/\/www.adeas.org\/wp-content\/uploads\/2024\/02\/Carrousel-election-AdSa-jetons-de-presence-1.pdf\" class=\"wp-block-file__button wp-element-button\" download aria-describedby=\"wp-block-file--media-4df9a7b8-de9f-4678-a9a4-ad18d3d14d85\">T\u00e9l\u00e9charger<\/a><\/div>\n\n\n\n<p>Aucun administrateur CFE-CGC Orange (H\u00e9l\u00e8ne Marcy, S\u00e9bastien Crozier, Laurence Dalboussi\u00e8re, Thierry Chatelier) n&rsquo;a jamais touch\u00e9 personnellement les jetons de pr\u00e9sence attribu\u00e9s \u00e0 tous les administrateurs d&rsquo;Orange. <\/p>\n\n\n\n<p>C&rsquo;est v\u00e9rifiable dans le Document d&rsquo;enregistrement universel (DEU, pr\u00e9c\u00e9demment appel\u00e9 Document de r\u00e9f\u00e9rence ou DDR) publi\u00e9 chaque ann\u00e9e par Orange, et accessible au public <a href=\"https:\/\/gallery.orange.com\/finance?v=57dc8e58-8f6d-4635-9877-6bcd0a0731cc#l=row&amp;lang=fr\">dans la m\u00e9diath\u00e8que financi\u00e8re<\/a>. Les administrateurs CFE-CGC Orange sont concern\u00e9s par les documents publi\u00e9s \u00e0 l&rsquo;occasion des Assembl\u00e9es g\u00e9n\u00e9rales des actionnaires \u00e0 partir de 2017 (donc \u00e0 partir du DDR 2016). Les informations sont publi\u00e9es dans la rubrique \u00ab\u00a0R\u00e9mun\u00e9ration des mandataires sociaux non dirigeants\u00a0\u00bb.<\/p>\n","protected":false},"excerpt":{"rendered":"<p>D\u00e8s la premi\u00e8re fois qu&rsquo;elle a pr\u00e9sent\u00e9 des candidats au poste d&rsquo;administrateur repr\u00e9sentant les personnels d&rsquo;Orange au Conseil d&rsquo;administration, la CFE-CGC Orange s&rsquo;est engag\u00e9e publiquement \u00e0 ce que les jetons de pr\u00e9sence de leurs administrateurs soient directement vers\u00e9s \u00e0 leur organisation syndicale. Aucun administrateur CFE-CGC Orange (H\u00e9l\u00e8ne Marcy, S\u00e9bastien Crozier, Laurence Dalboussi\u00e8re, Thierry Chatelier) n&rsquo;a [&hellip;]<\/p>\n","protected":false},"author":1,"featured_media":0,"comment_status":"open","ping_status":"closed","sticky":false,"template":"","format":"standard","meta":{"_monsterinsights_skip_tracking":false,"_monsterinsights_sitenote_active":false,"_monsterinsights_sitenote_note":"","_monsterinsights_sitenote_category":0,"footnotes":""},"categories":[28],"tags":[11,61,55],"class_list":["post-3962","post","type-post","status-publish","format-standard","hentry","category-en-pratique","tag-actionnariat-salarie","tag-conseil-dadministration","tag-election"],"_links":{"self":[{"href":"https:\/\/www.adeas.org\/index.php\/wp-json\/wp\/v2\/posts\/3962","targetHints":{"allow":["GET"]}}],"collection":[{"href":"https:\/\/www.adeas.org\/index.php\/wp-json\/wp\/v2\/posts"}],"about":[{"href":"https:\/\/www.adeas.org\/index.php\/wp-json\/wp\/v2\/types\/post"}],"author":[{"embeddable":true,"href":"https:\/\/www.adeas.org\/index.php\/wp-json\/wp\/v2\/users\/1"}],"replies":[{"embeddable":true,"href":"https:\/\/www.adeas.org\/index.php\/wp-json\/wp\/v2\/comments?post=3962"}],"version-history":[{"count":3,"href":"https:\/\/www.adeas.org\/index.php\/wp-json\/wp\/v2\/posts\/3962\/revisions"}],"predecessor-version":[{"id":3976,"href":"https:\/\/www.adeas.org\/index.php\/wp-json\/wp\/v2\/posts\/3962\/revisions\/3976"}],"wp:attachment":[{"href":"https:\/\/www.adeas.org\/index.php\/wp-json\/wp\/v2\/media?parent=3962"}],"wp:term":[{"taxonomy":"category","embeddable":true,"href":"https:\/\/www.adeas.org\/index.php\/wp-json\/wp\/v2\/categories?post=3962"},{"taxonomy":"post_tag","embeddable":true,"href":"https:\/\/www.adeas.org\/index.php\/wp-json\/wp\/v2\/tags?post=3962"}],"curies":[{"name":"wp","href":"https:\/\/api.w.org\/{rel}","templated":true}]}}