{"id":3820,"date":"2023-07-10T14:26:52","date_gmt":"2023-07-10T12:26:52","guid":{"rendered":"https:\/\/www.adeas.org\/?p=3820"},"modified":"2023-07-10T14:33:13","modified_gmt":"2023-07-10T12:33:13","slug":"ameliorer-lengagement-rse-des-entreprises-via-lepargne-et-lactionnariat-salaries","status":"publish","type":"post","link":"https:\/\/www.adeas.org\/index.php\/laction-de-ladeas\/ameliorer-lengagement-rse-des-entreprises-via-lepargne-et-lactionnariat-salaries\/","title":{"rendered":"Am\u00e9liorer l&rsquo;engagement RSE des entreprises via l&rsquo;\u00e9pargne et l&rsquo;actionnariat salari\u00e9s"},"content":{"rendered":"\n<p><div class=\"video-container\">\n\t<iframe loading=\"lazy\" src=\"https:\/\/tv.cfecgc-orange.org\/embed\/834\/?title=1&amp;auteur=1&amp;\" class=\"wmvid\" allowfullscreen=\"allowfullscreen\" width=\"432\" height=\"243\"><\/iframe>\n<\/div><\/p>\n\n\n\n<p>Chaque ann\u00e9e, le jour de l&rsquo;AG des actionnaires d&rsquo;Orange, l&rsquo;ADEAS organise un d\u00e9jeuner-conf\u00e9rence avec des invit\u00e9s externes, pour faire le point sur un sujet en lien avec l&rsquo;\u00e9pargne et l&rsquo;actionnariat salari\u00e9s.<br \/><br \/>Cette ann\u00e9e, nous avons accueilli :<\/p>\n\n\n\n<ul class=\"wp-block-list\">\n<li>L\u00e9o Garnier et Meriem Menjra de <a href=\"https:\/\/riftapp.fr\/\" target=\"_blank\" rel=\"noreferrer noopener\">Rift <\/a>\/ <a href=\"https:\/\/fr.lita.co\/fr\">Lita.co<\/a>,&nbsp;<\/li>\n\n\n\n<li>Agathe Masson, Julie Sansoucy et Aurore Mathieu de <a href=\"https:\/\/reclaimfinance.org\/site\/\" target=\"_blank\" rel=\"noreferrer noopener\">Reclaim Finance<\/a><\/li>\n<\/ul>\n\n\n\n<p>pour parler d&rsquo;investissement responsable et durable.<br \/><br \/>Dans cette vid\u00e9o, vous trouverez des \u00e9l\u00e9ments de r\u00e9ponse aux questions suivantes :&nbsp;<\/p>\n\n\n\n<ul class=\"wp-block-list\">\n<li>En quoi l&rsquo;\u00e9pargne et les placements financiers sont-ils clefs pour activer la transition environnementale ?<\/li>\n\n\n\n<li>Comment susciter des politiques d\u2019investissement plus transparentes et vertueuses sur les plans sociaux et environnementaux dans l\u2019\u00e9pargne salariale ?<\/li>\n\n\n\n<li>Les actionnaires salari\u00e9s peuvent-ils influencer la politique sociale et environnementale de leur propre entreprise ?<\/li>\n<\/ul>\n\n\n\n<p>L&rsquo;ADEAS et la CFE-CGC Orange s&rsquo;engagent \u00e0 faire en sorte que ces diff\u00e9rents leviers soient actionn\u00e9s, de sorte que l&rsquo;\u00e9pargne et l&rsquo;actionnariat salari\u00e9s chez Orange puissent mieux r\u00e9pondre \u00e0 vos attentes sur ce plan.<\/p>\n\n\n\n<p>\u00c0 suivre donc&#8230;<\/p>\n\n\n\n<p class=\"has-luminous-vivid-amber-background-color has-background\"><em>Envie de participer \u00e0 ce d\u00e9jeuner l&rsquo;an prochain ? <a href=\"https:\/\/www.adeas.org\/index.php\/adherer\/\" data-type=\"URL\" data-id=\"https:\/\/www.adeas.org\/index.php\/adherer\/\">Adh\u00e9rez \u00e0 l&rsquo;ADEAS <\/a>et vous recevrez l&rsquo;invitation.<\/em>\u00a0<\/p>\n","protected":false},"excerpt":{"rendered":"<p>Chaque ann\u00e9e, le jour de l&rsquo;AG des actionnaires d&rsquo;Orange, l&rsquo;ADEAS organise un d\u00e9jeuner-conf\u00e9rence avec des invit\u00e9s externes, pour faire le point sur un sujet en lien avec l&rsquo;\u00e9pargne et l&rsquo;actionnariat salari\u00e9s. Cette ann\u00e9e, nous avons accueilli : pour parler d&rsquo;investissement responsable et durable. Dans cette vid\u00e9o, vous trouverez des \u00e9l\u00e9ments de r\u00e9ponse aux questions suivantes [&hellip;]<\/p>\n","protected":false},"author":1,"featured_media":0,"comment_status":"open","ping_status":"closed","sticky":false,"template":"","format":"standard","meta":{"_monsterinsights_skip_tracking":false,"_monsterinsights_sitenote_active":false,"_monsterinsights_sitenote_note":"","_monsterinsights_sitenote_category":0,"footnotes":""},"categories":[3],"tags":[11,42,54,77],"class_list":["post-3820","post","type-post","status-publish","format-standard","hentry","category-laction-de-ladeas","tag-actionnariat-salarie","tag-assemblee-generale","tag-epargne-salariale","tag-rse"],"_links":{"self":[{"href":"https:\/\/www.adeas.org\/index.php\/wp-json\/wp\/v2\/posts\/3820","targetHints":{"allow":["GET"]}}],"collection":[{"href":"https:\/\/www.adeas.org\/index.php\/wp-json\/wp\/v2\/posts"}],"about":[{"href":"https:\/\/www.adeas.org\/index.php\/wp-json\/wp\/v2\/types\/post"}],"author":[{"embeddable":true,"href":"https:\/\/www.adeas.org\/index.php\/wp-json\/wp\/v2\/users\/1"}],"replies":[{"embeddable":true,"href":"https:\/\/www.adeas.org\/index.php\/wp-json\/wp\/v2\/comments?post=3820"}],"version-history":[{"count":2,"href":"https:\/\/www.adeas.org\/index.php\/wp-json\/wp\/v2\/posts\/3820\/revisions"}],"predecessor-version":[{"id":3823,"href":"https:\/\/www.adeas.org\/index.php\/wp-json\/wp\/v2\/posts\/3820\/revisions\/3823"}],"wp:attachment":[{"href":"https:\/\/www.adeas.org\/index.php\/wp-json\/wp\/v2\/media?parent=3820"}],"wp:term":[{"taxonomy":"category","embeddable":true,"href":"https:\/\/www.adeas.org\/index.php\/wp-json\/wp\/v2\/categories?post=3820"},{"taxonomy":"post_tag","embeddable":true,"href":"https:\/\/www.adeas.org\/index.php\/wp-json\/wp\/v2\/tags?post=3820"}],"curies":[{"name":"wp","href":"https:\/\/api.w.org\/{rel}","templated":true}]}}