{"id":3748,"date":"2023-04-12T19:26:51","date_gmt":"2023-04-12T17:26:51","guid":{"rendered":"https:\/\/www.adeas.org\/?p=3748"},"modified":"2023-04-12T19:26:52","modified_gmt":"2023-04-12T17:26:52","slug":"interessement-participation-abondements-employeur-nicolas-triki-vous-dit-tout","status":"publish","type":"post","link":"https:\/\/www.adeas.org\/index.php\/en-pratique\/interessement-participation-abondements-employeur-nicolas-triki-vous-dit-tout\/","title":{"rendered":"Int\u00e9ressement, participation, abondements employeur : Nicolas Triki vous dit tout !"},"content":{"rendered":"<div class=\"video-container\">\n\t<iframe loading=\"lazy\" src=\"https:\/\/tv.cfecgc-orange.org\/embed\/809\/?title=1&amp;auteur=1&amp;\" allowfullscreen=\"allowfullscreen\" width=\"640\" height=\"360\"><\/iframe>\n<\/div>\n\n\n<p>Le mois dernier, Nicolas Triki \u00e9tait l&rsquo;invit\u00e9 de Christophe NDI dans la CDZ pour parler d&rsquo;\u00e9pargne salariale chez Orange : participation, int\u00e9ressement, abondements de l&#8217;employeur. Il en profite pour r\u00e9pondre \u00e0 vos questions.<br \/><br \/>Il vous reste un choix \u00e0 faire pour percevoir ou placer votre int\u00e9ressement avant le 23 avril 2023.&nbsp;<\/p>\n\n\n\n<p>Les montants d&rsquo;abondement pr\u00e9sent\u00e9s :<\/p>\n\n\n\n<ul class=\"wp-block-list\">\n<li>sont valables pour les salari\u00e9s d&rsquo;Orange SA et des filiales adh\u00e9rentes \u00e0 l&rsquo;accord PERCOL<\/li>\n\n\n\n<li>sont ceux d&rsquo;Orange SA pour les versements dans le PEG (mais sont souvent dupliqu\u00e9s dans les filiales)<\/li>\n<\/ul>\n\n\n\n<p>Vous pouvez retrouver <a href=\"2023022012820\/participation-interessement-et-actionnariat\/participation-et-interessement-baisse-de-l-enveloppe-globale-faible-hausse-des-versements-individuels.html\" target=\"_blank\" rel=\"noreferrer noopener\">notre tract d\u00e9di\u00e9<\/a>, avec des informations compl\u00e8tes pour Orange SA. L&rsquo;int\u00e9ressement dans les filiales sera d\u00e9taill\u00e9e dans notre prochaine <a href=\"key-lettre-epargne.html\">Lettre de l&rsquo;\u00c9pargne et de l&rsquo;Actionnariat salari\u00e9s<\/a>.<br \/>Pour ne pas manquer la date butoir pour exprimer vos choix, pistez les mails d&rsquo;Amundi !<\/p>\n","protected":false},"excerpt":{"rendered":"<p>Le mois dernier, Nicolas Triki \u00e9tait l&rsquo;invit\u00e9 de Christophe NDI dans la CDZ pour parler d&rsquo;\u00e9pargne salariale chez Orange : participation, int\u00e9ressement, abondements de l&#8217;employeur. Il en profite pour r\u00e9pondre \u00e0 vos questions. Il vous reste un choix \u00e0 faire pour percevoir ou placer votre int\u00e9ressement avant le 23 avril 2023.&nbsp; Les montants d&rsquo;abondement pr\u00e9sent\u00e9s [&hellip;]<\/p>\n","protected":false},"author":1,"featured_media":0,"comment_status":"open","ping_status":"closed","sticky":false,"template":"","format":"standard","meta":{"_monsterinsights_skip_tracking":false,"_monsterinsights_sitenote_active":false,"_monsterinsights_sitenote_note":"","_monsterinsights_sitenote_category":0,"footnotes":""},"categories":[28],"tags":[40,54,38,14],"class_list":["post-3748","post","type-post","status-publish","format-standard","hentry","category-en-pratique","tag-abondement","tag-epargne-salariale","tag-interessement","tag-participation"],"_links":{"self":[{"href":"https:\/\/www.adeas.org\/index.php\/wp-json\/wp\/v2\/posts\/3748","targetHints":{"allow":["GET"]}}],"collection":[{"href":"https:\/\/www.adeas.org\/index.php\/wp-json\/wp\/v2\/posts"}],"about":[{"href":"https:\/\/www.adeas.org\/index.php\/wp-json\/wp\/v2\/types\/post"}],"author":[{"embeddable":true,"href":"https:\/\/www.adeas.org\/index.php\/wp-json\/wp\/v2\/users\/1"}],"replies":[{"embeddable":true,"href":"https:\/\/www.adeas.org\/index.php\/wp-json\/wp\/v2\/comments?post=3748"}],"version-history":[{"count":1,"href":"https:\/\/www.adeas.org\/index.php\/wp-json\/wp\/v2\/posts\/3748\/revisions"}],"predecessor-version":[{"id":3749,"href":"https:\/\/www.adeas.org\/index.php\/wp-json\/wp\/v2\/posts\/3748\/revisions\/3749"}],"wp:attachment":[{"href":"https:\/\/www.adeas.org\/index.php\/wp-json\/wp\/v2\/media?parent=3748"}],"wp:term":[{"taxonomy":"category","embeddable":true,"href":"https:\/\/www.adeas.org\/index.php\/wp-json\/wp\/v2\/categories?post=3748"},{"taxonomy":"post_tag","embeddable":true,"href":"https:\/\/www.adeas.org\/index.php\/wp-json\/wp\/v2\/tags?post=3748"}],"curies":[{"name":"wp","href":"https:\/\/api.w.org\/{rel}","templated":true}]}}