{"id":3611,"date":"2022-10-19T12:58:21","date_gmt":"2022-10-19T10:58:21","guid":{"rendered":"https:\/\/www.adeas.org\/?p=3611"},"modified":"2022-10-19T12:58:22","modified_gmt":"2022-10-19T10:58:22","slug":"transition-environnementale-dans-le-numerique-pourquoi-comment-echange-avec-jean-marc-jancovici","status":"publish","type":"post","link":"https:\/\/www.adeas.org\/index.php\/revue-de-web\/transition-environnementale-dans-le-numerique-pourquoi-comment-echange-avec-jean-marc-jancovici\/","title":{"rendered":"Transition environnementale dans le num\u00e9rique : Pourquoi ? Comment ? Echange avec Jean-Marc Jancovici"},"content":{"rendered":"<div class=\"video-container\">\n\t<iframe loading=\"lazy\" src=\"https:\/\/tv.cfecgc-orange.org\/embed\/775\/?title=1&amp;auteur=1&amp;pauteur=1&amp;\" allowfullscreen=\"allowfullscreen\" width=\"640\" height=\"360\"><\/iframe><p><\/p>\n<p><a href=\"https:\/\/tv.cfecgc-orange.org\/Seminaire-CFE-CGC-Orange-des-10-11-octobre-2022-Transition-environnementale-dans-le-numerique-Pourquoi-Comment-Echange_v775.html\">S\u00e9minaire CFE-CGC Orange des 10 &amp; 11 octobre 2022 &#8211; Transition environnementale dans le num\u00e9rique : Pourquoi ? Comment ? Echange avec Jean-Marc Jancovici<\/a><\/p>\n<\/div>\n\n\n<p>Le 11 octobre 2022, la CFE-CGC Orange a re\u00e7u Jean-Marc Jancovici, Associ\u00e9 fondateur de <a href=\"http:\/\/www.carbone4.com\/\">Carbone 4<\/a>, Fondateur et pr\u00e9sident de <a href=\"http:\/\/www.theshiftproject.org\/fr\">The Shift Project<\/a>, pour un \u00e9change, tr\u00e8s nourri, sur la transition environnementale dans le num\u00e9rique.<\/p>\n\n\n\n<p>Comme cette transition nous concerne toutes et tous, y\/c les personnels actionnaires, qui devront y consentir et autant que possible soutenir de telles actions, nous vous partageons ici l&rsquo;int\u00e9grale de cette conf\u00e9rence.<\/p>\n\n\n\n<p>Vous pouvez aussi lire : <\/p>\n\n\n\n<figure class=\"wp-block-image is-resized\"><a href=\"https:\/\/www.dargaud.com\/bd\/le-monde-sans-fin-miracle-energetique-et-derive-climatique-bda5378080\"><img loading=\"lazy\" decoding=\"async\" src=\"https:\/\/www.cfecgc-orange.org\/documents\/images\/cit\/rse\/le-monde-sans-fin-le-monde-sans-fin-miracle-energetique-et-derive-climatique.jpg\" alt=\"le monde sans fin le monde sans fin miracle energetique et derive climatique\" width=\"325\" height=\"395\"\/><\/a><\/figure>\n\n\n\n<figure class=\"wp-block-image\"><a href=\"https:\/\/www.odilejacob.fr\/catalogue\/sciences-humaines\/economie-et-finance\/climat-crises_9782738154262.php\"><img decoding=\"async\" src=\"https:\/\/www.cfecgc-orange.org\/documents\/images\/cit\/rse\/ptef.jpg\" alt=\"Le plan de transformation de l'\u00e9conomie fran\u00e7aise\"\/><\/a><\/figure>\n","protected":false},"excerpt":{"rendered":"<p>S\u00e9minaire CFE-CGC Orange des 10 &amp; 11 octobre 2022 &#8211; Transition environnementale dans le num\u00e9rique : Pourquoi ? Comment ? Echange avec Jean-Marc Jancovici Le 11 octobre 2022, la CFE-CGC Orange a re\u00e7u Jean-Marc Jancovici, Associ\u00e9 fondateur de Carbone 4, Fondateur et pr\u00e9sident de The Shift Project, pour un \u00e9change, tr\u00e8s nourri, sur la transition [&hellip;]<\/p>\n","protected":false},"author":1,"featured_media":0,"comment_status":"open","ping_status":"closed","sticky":false,"template":"","format":"standard","meta":{"_monsterinsights_skip_tracking":false,"_monsterinsights_sitenote_active":false,"_monsterinsights_sitenote_note":"","_monsterinsights_sitenote_category":0,"footnotes":""},"categories":[8],"tags":[77],"class_list":["post-3611","post","type-post","status-publish","format-standard","hentry","category-revue-de-web","tag-rse"],"_links":{"self":[{"href":"https:\/\/www.adeas.org\/index.php\/wp-json\/wp\/v2\/posts\/3611","targetHints":{"allow":["GET"]}}],"collection":[{"href":"https:\/\/www.adeas.org\/index.php\/wp-json\/wp\/v2\/posts"}],"about":[{"href":"https:\/\/www.adeas.org\/index.php\/wp-json\/wp\/v2\/types\/post"}],"author":[{"embeddable":true,"href":"https:\/\/www.adeas.org\/index.php\/wp-json\/wp\/v2\/users\/1"}],"replies":[{"embeddable":true,"href":"https:\/\/www.adeas.org\/index.php\/wp-json\/wp\/v2\/comments?post=3611"}],"version-history":[{"count":1,"href":"https:\/\/www.adeas.org\/index.php\/wp-json\/wp\/v2\/posts\/3611\/revisions"}],"predecessor-version":[{"id":3612,"href":"https:\/\/www.adeas.org\/index.php\/wp-json\/wp\/v2\/posts\/3611\/revisions\/3612"}],"wp:attachment":[{"href":"https:\/\/www.adeas.org\/index.php\/wp-json\/wp\/v2\/media?parent=3611"}],"wp:term":[{"taxonomy":"category","embeddable":true,"href":"https:\/\/www.adeas.org\/index.php\/wp-json\/wp\/v2\/categories?post=3611"},{"taxonomy":"post_tag","embeddable":true,"href":"https:\/\/www.adeas.org\/index.php\/wp-json\/wp\/v2\/tags?post=3611"}],"curies":[{"name":"wp","href":"https:\/\/api.w.org\/{rel}","templated":true}]}}