{"id":3533,"date":"2022-08-04T22:40:53","date_gmt":"2022-08-04T20:40:53","guid":{"rendered":"https:\/\/www.adeas.org\/?p=3533"},"modified":"2022-08-30T17:01:15","modified_gmt":"2022-08-30T15:01:15","slug":"deblocage-exceptionnel-de-votre-epargne-salariale","status":"publish","type":"post","link":"https:\/\/www.adeas.org\/index.php\/revue-de-web\/deblocage-exceptionnel-de-votre-epargne-salariale\/","title":{"rendered":"D\u00e9blocage exceptionnel de votre \u00e9pargne salariale : une bonne id\u00e9e ?"},"content":{"rendered":"\n<figure class=\"wp-block-image size-full\"><img loading=\"lazy\" decoding=\"async\" width=\"640\" height=\"427\" src=\"https:\/\/www.adeas.org\/wp-content\/uploads\/2022\/08\/money-4902545_640.jpg\" alt=\"\" class=\"wp-image-3535\" srcset=\"https:\/\/www.adeas.org\/wp-content\/uploads\/2022\/08\/money-4902545_640.jpg 640w, https:\/\/www.adeas.org\/wp-content\/uploads\/2022\/08\/money-4902545_640-500x334.jpg 500w\" sizes=\"auto, (max-width: 640px) 100vw, 640px\" \/><figcaption><em>Image <a href=\"https:\/\/pixabay.com\/fr\/users\/markus-s-15365254\/?utm_source=link-attribution&amp;utm_medium=referral&amp;utm_campaign=image&amp;utm_content=4902545\">Markus Steidle<\/a> via <a href=\"https:\/\/pixabay.com\/fr\/\/?utm_source=link-attribution&amp;utm_medium=referral&amp;utm_campaign=image&amp;utm_content=4902545\">Pixaba<\/a><\/em><a href=\"https:\/\/pixabay.com\/fr\/\/?utm_source=link-attribution&amp;utm_medium=referral&amp;utm_campaign=image&amp;utm_content=4902545\">y<\/a><\/figcaption><\/figure>\n\n\n\n<p>Dans l&rsquo;ensemble des mesures exceptionnelles pour le maintien du pouvoir d&rsquo;achat, le S\u00e9nat a ajout\u00e9 la possibilit\u00e9 de d\u00e9bloquer 10 000 \u20ac d&rsquo;\u00e9pargne salariale d&rsquo;ici au 31 d\u00e9cembre 2022. <\/p>\n\n\n\n<h3 class=\"wp-block-heading\">MAJ du 30 ao\u00fbt 2022<\/h3>\n\n\n\n<p class=\"has-luminous-vivid-amber-background-color has-background\">Les textes de loi sont sortis, mais pas les circulaires d&rsquo;application : il n&rsquo;est donc pas encore possible d&rsquo;en b\u00e9n\u00e9ficier.<\/p>\n\n\n\n<h2 class=\"wp-block-heading\">Dispositif pr\u00e9vu <\/h2>\n\n\n\n<ul class=\"wp-block-list\"><li>10 000 \u20ac maxi par personne, en une seule fois, pour l&rsquo;achat de biens ou de services, justificatifs \u00e0 l&rsquo;appui (pas question de sortir l&rsquo;argent pour le placer sur un autre produit d&rsquo;\u00e9pargne ou le laisser sur son compte courant).<\/li><li>exon\u00e9r\u00e9s de cotisations sociales et d&rsquo;imp\u00f4t sur le revenu, mais soumis aux pr\u00e9l\u00e8vements sociaux de 17,2% (CSG + CRDS)<\/li><li>issus de la participation ou de l&rsquo;int\u00e9ressement (hors abondements de l&#8217;employeur et hors versements volontaires) ant\u00e9rieurs au 1er janvier 2022<\/li><li>\u00e0 pr\u00e9lever dans les fonds diversifi\u00e9s du PEG uniquement (pas du PERCo), hors fonds solidaire (chez Orange, le fonds \u00ab\u00a0Dynamis solidaire\u00a0\u00bb ne pourra pas \u00eatre utilis\u00e9). <\/li><\/ul>\n\n\n\n<h3 class=\"wp-block-heading\">D\u00e9blocage d&rsquo;actions Orange<\/h3>\n\n\n\n<p>Pour d\u00e9bloquer des fonds plac\u00e9s dans l&rsquo;actionnariat salari\u00e9s, un accord d&rsquo;entreprise est n\u00e9cessaire. Nous avons demand\u00e9 l&rsquo;ouverture d&rsquo;une n\u00e9gociation chez Orange sur ce point, mais n&rsquo;avons pas encore de r\u00e9ponse. <\/p>\n\n\n\n<p><strong>Cependant,  vous pouvez profiter de la <a href=\"https:\/\/www.adeas.org\/index.php\/en-pratique\/3-periodes-darbitrage-du-peg-en-2022\/\" data-type=\"URL\" data-id=\"https:\/\/www.adeas.org\/index.php\/en-pratique\/3-periodes-darbitrage-du-peg-en-2022\/\">p\u00e9riode d&rsquo;arbitrage du 5 au 18 septembre 2022<\/a> pour r\u00e9am\u00e9nager vos avoirs afin de les d\u00e9bloquer par la suite<\/strong> : si vous avez achet\u00e9 des actions Orange avec votre int\u00e9ressement ou votre participation ant\u00e9rieure au 1\/01\/2022, vous pouvez les d\u00e9placer du fonds Orange Actions Classique vers un fonds diversifi\u00e9 (Evolutis ou Equilibris), qui vous permettra de les d\u00e9bloquer dans le cadre du d\u00e9blocage exceptionnel, une fois que les modalit\u00e9s d&rsquo;application en seront connues.<\/p>\n\n\n\n<h3 class=\"wp-block-heading\">Rappel<\/h3>\n\n\n\n<p>Ce d\u00e9blocage exceptionnel n&rsquo;offrira pas plus d&rsquo;avantage que le d\u00e9blocage de fonds d\u00e9j\u00e0 disponibles : si vous avez besoin de d\u00e9bloquer des fonds, n&rsquo;h\u00e9sitez pas \u00e0 v\u00e9rifier ce qui est d\u00e9j\u00e0 disponible dans votre PEG, que vous pouvez d\u00e9bloquer sans aucun justificatif, en une ou plusieurs fois, pour les montants de votre choix.<\/p>\n\n\n\n<p>Retrouvez \u00e9galement sur le site d&rsquo;Amundi : <\/p>\n\n\n\n<ul class=\"wp-block-list\"><li><a href=\"https:\/\/www.amundi-ee.com\/epargnant\/Footer\/NOUS-SOMMES-LA-POUR-VOUS\/Les-Cas-de-deblocage\" data-type=\"URL\" data-id=\"https:\/\/www.amundi-ee.com\/epargnant\/Footer\/NOUS-SOMMES-LA-POUR-VOUS\/Les-Cas-de-deblocage\">tous les cas de d\u00e9blocage anticip\u00e9<\/a> du PEG et du PERCo ;<\/li><li>le guide tarifaire des op\u00e9rations g\u00e9r\u00e9es par Amundi : dans le menu \u00ab\u00a0Mon profil\u00a0\u00bb, tout en bas du menu.<\/li><\/ul>\n\n\n\n<h2 class=\"wp-block-heading\">Quelques remarques <\/h2>\n\n\n\n<p>Une mesure d\u00e9j\u00e0 adopt\u00e9e par des gouvernements pr\u00e9c\u00e9dents, mais qui ressemble \u00e0 une fausse bonne id\u00e9e : <a href=\"https:\/\/argent.boursier.com\/epargne\/analyses\/lepargne-salariale-va-pouvoir-etre-debloquee-jusquau-31-decembre-2022-7519.html\">comme le souligne la Directrice g\u00e9n\u00e9rale d&rsquo;Epsens<\/a>, 60% de l&rsquo;\u00e9pargne salariale est actuellement disponible, et peut donc \u00eatre utilis\u00e9e dans les m\u00eames conditions fiscales&#8230; sans avoir quoique ce soit \u00e0 justifier.<\/p>\n\n\n\n<p>On peut aussi noter, \u00e0 l&rsquo;instar de <a href=\"https:\/\/www.bfmtv.com\/economie\/epargne-salariale-bientot-un-deblocage-exceptionnel-par-le-parlement_VN-202208020223.html\" data-type=\"URL\" data-id=\"https:\/\/www.bfmtv.com\/economie\/epargne-salariale-bientot-un-deblocage-exceptionnel-par-le-parlement_VN-202208020223.html\">Mathieu Chauvin<\/a>, qu&rsquo;inciter les salari\u00e9s \u00e0 d\u00e9bloquer leur \u00e9pargne au moment o\u00f9 les march\u00e9s sont au plus bas, ce n&rsquo;est certainement pas le meilleur moment pour le faire. <\/p>\n\n\n\n<p>Entre prime Macron, d\u00e9blocage exceptionnel du PEG et renforcement de l&rsquo;int\u00e9ressement et de la participation, voire mise en place d&rsquo;un \u00ab\u00a0<a href=\"https:\/\/www.adeas.org\/index.php\/revue-de-web\/dividende-salarie-on-melange-tout\/\">dividende salari\u00e9s<\/a>\u00ab\u00a0, promesse pr\u00e9sidentielle renvoy\u00e9e \u00e0 la rentr\u00e9e,  la feuille de route du gouvernement en mati\u00e8re de r\u00e9tribution appara\u00eet brouill\u00e9e&#8230; voire brouillonne. M\u00eame <a href=\"https:\/\/www.lesechos.fr\/idees-debats\/editos-analyses\/participation-le-grand-bazar-1779979\">Les \u00c9chos le disent<\/a>&#8230;<\/p>\n\n\n\n<h3 class=\"wp-block-heading\">Sources<\/h3>\n\n\n\n<ul class=\"wp-block-list\"><li>Amundi ESR : <a href=\"https:\/\/www.amundi-ee.com\/epargnant\/Actualites-et-Dossiers\/Actualites\/Informations-generales\/Mesure-exceptionnelle-de-deblocage-de-l-epargne-salariale\">Mesure exceptionnelle de d\u00e9blocage de l\u2019\u00e9pargne salariale<\/a><\/li><li>Boursier.com : <a href=\"https:\/\/argent.boursier.com\/epargne\/analyses\/lepargne-salariale-va-pouvoir-etre-debloquee-jusquau-31-decembre-2022-7519.html\">L\u2019\u00e9pargne salariale va pouvoir \u00eatre d\u00e9bloqu\u00e9e jusqu\u2019au 31 d\u00e9cembre 2022<\/a><\/li><li>BFMTV : <a href=\"https:\/\/www.bfmtv.com\/economie\/epargne-salariale-bientot-un-deblocage-exceptionnel-par-le-parlement_VN-202208020223.html\" data-type=\"URL\" data-id=\"https:\/\/www.bfmtv.com\/economie\/epargne-salariale-bientot-un-deblocage-exceptionnel-par-le-parlement_VN-202208020223.html\">Epargne salariale: bient\u00f4t un d\u00e9blocage exceptionnel par le Parlement ? <\/a>(ITW de Mathieu Chauvin)<\/li><li>Les \u00c9chos : <a href=\"https:\/\/www.lesechos.fr\/idees-debats\/editos-analyses\/participation-le-grand-bazar-1779979\">Participation : le grand bazar<\/a><\/li><li>Voir aussi Groupama : <a href=\"https:\/\/www.groupama-es.fr\/actualite\/pouvoir-dachat-nouveau-projet-de-deblocage-exceptionnel-en-epargne-salariale\/\" data-type=\"URL\" data-id=\"https:\/\/www.groupama-es.fr\/actualite\/pouvoir-dachat-nouveau-projet-de-deblocage-exceptionnel-en-epargne-salariale\/\">Nouveau d\u00e9blocage exceptionnel de l&rsquo;\u00e9pargne salariale<\/a> (sauf pour les frais de d\u00e9blocage, sp\u00e9cifiques \u00e0 Groupama)<\/li><\/ul>\n","protected":false},"excerpt":{"rendered":"<p>Dans l&rsquo;ensemble des mesures exceptionnelles pour le maintien du pouvoir d&rsquo;achat, le S\u00e9nat a ajout\u00e9 la possibilit\u00e9 de d\u00e9bloquer 10 000 \u20ac d&rsquo;\u00e9pargne salariale d&rsquo;ici au 31 d\u00e9cembre 2022. MAJ du 30 ao\u00fbt 2022 Les textes de loi sont sortis, mais pas les circulaires d&rsquo;application : il n&rsquo;est donc pas encore possible d&rsquo;en b\u00e9n\u00e9ficier. Dispositif [&hellip;]<\/p>\n","protected":false},"author":1,"featured_media":0,"comment_status":"open","ping_status":"closed","sticky":false,"template":"","format":"standard","meta":{"_monsterinsights_skip_tracking":false,"_monsterinsights_sitenote_active":false,"_monsterinsights_sitenote_note":"","_monsterinsights_sitenote_category":0,"footnotes":""},"categories":[28,8],"tags":[54,45],"class_list":["post-3533","post","type-post","status-publish","format-standard","hentry","category-en-pratique","category-revue-de-web","tag-epargne-salariale","tag-peg"],"_links":{"self":[{"href":"https:\/\/www.adeas.org\/index.php\/wp-json\/wp\/v2\/posts\/3533","targetHints":{"allow":["GET"]}}],"collection":[{"href":"https:\/\/www.adeas.org\/index.php\/wp-json\/wp\/v2\/posts"}],"about":[{"href":"https:\/\/www.adeas.org\/index.php\/wp-json\/wp\/v2\/types\/post"}],"author":[{"embeddable":true,"href":"https:\/\/www.adeas.org\/index.php\/wp-json\/wp\/v2\/users\/1"}],"replies":[{"embeddable":true,"href":"https:\/\/www.adeas.org\/index.php\/wp-json\/wp\/v2\/comments?post=3533"}],"version-history":[{"count":12,"href":"https:\/\/www.adeas.org\/index.php\/wp-json\/wp\/v2\/posts\/3533\/revisions"}],"predecessor-version":[{"id":3572,"href":"https:\/\/www.adeas.org\/index.php\/wp-json\/wp\/v2\/posts\/3533\/revisions\/3572"}],"wp:attachment":[{"href":"https:\/\/www.adeas.org\/index.php\/wp-json\/wp\/v2\/media?parent=3533"}],"wp:term":[{"taxonomy":"category","embeddable":true,"href":"https:\/\/www.adeas.org\/index.php\/wp-json\/wp\/v2\/categories?post=3533"},{"taxonomy":"post_tag","embeddable":true,"href":"https:\/\/www.adeas.org\/index.php\/wp-json\/wp\/v2\/tags?post=3533"}],"curies":[{"name":"wp","href":"https:\/\/api.w.org\/{rel}","templated":true}]}}