{"id":3456,"date":"2022-04-28T14:23:25","date_gmt":"2022-04-28T12:23:25","guid":{"rendered":"https:\/\/www.adeas.org\/?p=3456"},"modified":"2022-06-01T13:19:14","modified_gmt":"2022-06-01T11:19:14","slug":"le-dividende-salarie-pour-une-meilleure-reconnaissance-de-la-performance-collective","status":"publish","type":"post","link":"https:\/\/www.adeas.org\/index.php\/revue-de-web\/le-dividende-salarie-pour-une-meilleure-reconnaissance-de-la-performance-collective\/","title":{"rendered":"Le dividende salari\u00e9 pour une meilleure reconnaissance de la performance collective ?"},"content":{"rendered":"\n<figure class=\"wp-block-image size-full\"><img loading=\"lazy\" decoding=\"async\" width=\"640\" height=\"396\" src=\"https:\/\/www.adeas.org\/wp-content\/uploads\/2022\/04\/startup-3299033_640.jpg\" alt=\"\" class=\"wp-image-3457\" srcset=\"https:\/\/www.adeas.org\/wp-content\/uploads\/2022\/04\/startup-3299033_640.jpg 640w, https:\/\/www.adeas.org\/wp-content\/uploads\/2022\/04\/startup-3299033_640-500x309.jpg 500w\" sizes=\"auto, (max-width: 640px) 100vw, 640px\" \/><figcaption><em>Image par <a href=\"https:\/\/pixabay.com\/fr\/users\/tumisu-148124\/?utm_source=link-attribution&amp;utm_medium=referral&amp;utm_campaign=image&amp;utm_content=3299033\">Tumisu <\/a>via <a href=\"https:\/\/pixabay.com\/fr\/?utm_source=link-attribution&amp;utm_medium=referral&amp;utm_campaign=image&amp;utm_content=3299033\">Pixabay<\/a><\/em><\/figcaption><\/figure>\n\n\n\n<blockquote class=\"wp-block-quote is-layout-flow wp-block-quote-is-layout-flow\"><p><strong>Thibault Lanxade, ancien vice-pr\u00e9sident du Medef, a \u00e9t\u00e9 missionn\u00e9 par le gouvernement pour d\u00e9finir les contours du dividende salari\u00e9. De quoi s\u2019agit-il ?<\/strong><\/p><\/blockquote>\n\n\n\n<blockquote class=\"wp-block-quote is-layout-flow wp-block-quote-is-layout-flow\"><p>La philosophie est la suivante : toute entreprise, d\u00e8s qu\u2019elle engrange des b\u00e9n\u00e9fices, doit en reverser une partie \u00e0 ses salari\u00e9s. Les actionnaires ne pourraient se verser de dividendes sans avoir \u00e9tabli un accord de participation, selon une formule pr\u00e9\u00e9tablie. Cette mesure, si elle \u00e9tait adopt\u00e9e, risque d\u2019\u00eatre v\u00e9cue comme une contrainte par les employeurs. Ils ont au contraire int\u00e9r\u00eat \u00e0 s\u2019en saisir pour mieux r\u00e9compenser les efforts de leurs ressources humaines. Dans un march\u00e9 de l\u2019emploi tr\u00e8s tendu, et en particulier pour les m\u00e9tiers p\u00e9nuriques ou associ\u00e9s \u00e0 une forte p\u00e9nibilit\u00e9, il peut \u00eatre int\u00e9ressant de proposer \u00e0 la fois une augmentation de salaire et du dividende salari\u00e9.<\/p><cite>Extrait de <a href=\"https:\/\/www.focusrh.com\/remuneration\/pratiques-salariales-et-paie\/le-dividende-salarie-pour-une-meilleure-reconnaissance-de-la-performance-collective-34625.html\" data-type=\"URL\" data-id=\"https:\/\/www.focusrh.com\/remuneration\/pratiques-salariales-et-paie\/le-dividende-salarie-pour-une-meilleure-reconnaissance-de-la-performance-collective-34625.html\">Focus RH<\/a> &#8211; 21\/04\/2022<\/cite><\/blockquote>\n\n\n\n<p>Le \u00ab\u00a0dividende salari\u00e9\u00a0\u00bb a initialement \u00e9t\u00e9 propos\u00e9 par Thibaut Lanxade dans un <a href=\"https:\/\/livre.fnac.com\/a16092447\/Thibault-Lanxade-Participation-et-interessement-le-dividende-salarie\" data-type=\"URL\" data-id=\"https:\/\/livre.fnac.com\/a16092447\/Thibault-Lanxade-Participation-et-interessement-le-dividende-salarie\">ouvrage \u00e9ponyme<\/a> paru en octobre dernier, et dont il s&rsquo;explique \u00e9galement sur <a href=\"https:\/\/www.francetvinfo.fr\/replay-radio\/l-interview-eco\/thibault-lanxade-ancien-vice-president-du-medef-reclame-du-dividende-pour-le-salarie_4790881.html\" data-type=\"URL\" data-id=\"https:\/\/www.francetvinfo.fr\/replay-radio\/l-interview-eco\/thibault-lanxade-ancien-vice-president-du-medef-reclame-du-dividende-pour-le-salarie_4790881.html\">France Info<\/a>. <\/p>\n\n\n\n<p>Si le titre est accrocheur, <a href=\"https:\/\/www.assemblee-nationale.fr\/dyn\/15\/textes\/l15b5182_proposition-loi#\" data-type=\"URL\" data-id=\"https:\/\/www.assemblee-nationale.fr\/dyn\/15\/textes\/l15b5182_proposition-loi#\">le projet de loi d\u00e9pos\u00e9 en ce sens le 15 mars dernier<\/a> recadre imm\u00e9diatement le sujet :  il s&rsquo;agit simplement d&rsquo;imposer la mise en place d&rsquo;un accord de participation dans les entreprises de 11 \u00e0 49 salari\u00e9s (il n&rsquo;est actuellement obligatoire que dans les entreprises de + de 50 salari\u00e9s) pour que les entreprises en question puissent distribuer un dividende \u00e0 leurs actionnaires (et non \u00e0 tous les salari\u00e9s). <\/p>\n\n\n\n<p>Rien de r\u00e9volutionnaire donc. Et m\u00eame si on peut se r\u00e9jouir que de plus en plus de salari\u00e9s touchent une participation aux r\u00e9sultats de l&rsquo;entreprise, il ne faut cependant pas se faire trop d&rsquo;illusion sur l&rsquo;impact de telles mesures. M\u00eame si les r\u00e9tributions variables ne peuvent pas se substituer au salaire fixe, comme le rappelle l&rsquo;article de Focus RH, les DRH tiennent bien compte de l&rsquo;enveloppe globale de r\u00e9tribution (fixe + ensemble des r\u00e9mun\u00e9rations variables) vers\u00e9e aux personnels lorsqu&rsquo;il s&rsquo;agit de n\u00e9gocier chaque ann\u00e9e le budget des augmentations salariales. L&rsquo;effet \u00ab\u00a0vase communicant\u00a0\u00bb existe donc bel et bien, et les Directions s&rsquo;en cachent de moins en moins lorsqu&rsquo;elles n\u00e9gocient avec les repr\u00e9sentants des personnels.<\/p>\n","protected":false},"excerpt":{"rendered":"<p>Thibault Lanxade, ancien vice-pr\u00e9sident du Medef, a \u00e9t\u00e9 missionn\u00e9 par le gouvernement pour d\u00e9finir les contours du dividende salari\u00e9. De quoi s\u2019agit-il ? La philosophie est la suivante : toute entreprise, d\u00e8s qu\u2019elle engrange des b\u00e9n\u00e9fices, doit en reverser une partie \u00e0 ses salari\u00e9s. Les actionnaires ne pourraient se verser de dividendes sans avoir \u00e9tabli [&hellip;]<\/p>\n","protected":false},"author":1,"featured_media":0,"comment_status":"open","ping_status":"closed","sticky":false,"template":"","format":"standard","meta":{"_monsterinsights_skip_tracking":false,"_monsterinsights_sitenote_active":false,"_monsterinsights_sitenote_note":"","_monsterinsights_sitenote_category":0,"footnotes":""},"categories":[25,8],"tags":[36,15,14],"class_list":["post-3456","post","type-post","status-publish","format-standard","hentry","category-nos-analyses","category-revue-de-web","tag-dividendes","tag-legislation","tag-participation"],"_links":{"self":[{"href":"https:\/\/www.adeas.org\/index.php\/wp-json\/wp\/v2\/posts\/3456","targetHints":{"allow":["GET"]}}],"collection":[{"href":"https:\/\/www.adeas.org\/index.php\/wp-json\/wp\/v2\/posts"}],"about":[{"href":"https:\/\/www.adeas.org\/index.php\/wp-json\/wp\/v2\/types\/post"}],"author":[{"embeddable":true,"href":"https:\/\/www.adeas.org\/index.php\/wp-json\/wp\/v2\/users\/1"}],"replies":[{"embeddable":true,"href":"https:\/\/www.adeas.org\/index.php\/wp-json\/wp\/v2\/comments?post=3456"}],"version-history":[{"count":3,"href":"https:\/\/www.adeas.org\/index.php\/wp-json\/wp\/v2\/posts\/3456\/revisions"}],"predecessor-version":[{"id":3461,"href":"https:\/\/www.adeas.org\/index.php\/wp-json\/wp\/v2\/posts\/3456\/revisions\/3461"}],"wp:attachment":[{"href":"https:\/\/www.adeas.org\/index.php\/wp-json\/wp\/v2\/media?parent=3456"}],"wp:term":[{"taxonomy":"category","embeddable":true,"href":"https:\/\/www.adeas.org\/index.php\/wp-json\/wp\/v2\/categories?post=3456"},{"taxonomy":"post_tag","embeddable":true,"href":"https:\/\/www.adeas.org\/index.php\/wp-json\/wp\/v2\/tags?post=3456"}],"curies":[{"name":"wp","href":"https:\/\/api.w.org\/{rel}","templated":true}]}}