{"id":3450,"date":"2022-04-14T14:12:43","date_gmt":"2022-04-14T12:12:43","guid":{"rendered":"https:\/\/www.adeas.org\/?p=3450"},"modified":"2022-04-14T14:12:43","modified_gmt":"2022-04-14T12:12:43","slug":"le-vote-des-resolutions-proposees-a-lag-des-actionnaires-du-19-mai-2022-decidera-de-la-future-presidence-dorange","status":"publish","type":"post","link":"https:\/\/www.adeas.org\/index.php\/communique-de-presse\/le-vote-des-resolutions-proposees-a-lag-des-actionnaires-du-19-mai-2022-decidera-de-la-future-presidence-dorange\/","title":{"rendered":"Le vote des r\u00e9solutions propos\u00e9es \u00e0 l\u2019AG des actionnaires du 19 mai 2022 d\u00e9cidera de la future pr\u00e9sidence d\u2019Orange."},"content":{"rendered":"\n<h1 class=\"wp-block-heading\">Les personnels veulent un Pr\u00e9sident en capacit\u00e9 d\u2019assurer toutes les missions qui lui incombent et d\u2019accompagner un nouvel \u00e9lan pour le Groupe.<\/h1>\n\n\n\n<p><strong>T\u00e9l\u00e9charger le communiqu\u00e9 en pdf :<\/strong> <a href=\"https:\/\/www.cfecgc-orange.org\/documents\/presse\/communiques-de-presse\/cdp_2022\/2022-04-14_cdp_cfe-cgc-orange_adeas_vote-resolutionsagactionnairesorange.pdf\">2022-04-14_cdp_cfe-cgc-orange_adeas_vote-resolutionsagactionnairesorange.pdf<\/a><\/p>\n\n\n\n<p>L\u2019Etat a voulu qu\u2019Orange mette en place une gouvernance dissociant les mandats de Pr\u00e9sidence non ex\u00e9cutive du Conseil d\u2019administration et de Direction g\u00e9n\u00e9rale op\u00e9rationnelle.<\/p>\n\n\n\n<h3 class=\"wp-block-heading\">Dissonances\u2026<\/h3>\n\n\n\n<p>Tandis que la nouvelle Directrice g\u00e9n\u00e9rale a pris ses fonctions le 4 avril, la proposition de nommer Jacques Aschenbroich \u00e0 la Pr\u00e9sidence du Conseil d\u2019administration d\u2019Orange inqui\u00e8te.<\/p>\n\n\n\n<p>Son \u00e2ge, incompatible avec les r\u00e8gles actuellement en vigueur dans les statuts d\u2019Orange, choque les personnels, alors qu\u2019un plan de d\u00e9part volontaire visant 6 \u00e0 10 000 coll\u00e8gues de plus de 57 ans est en cours au sein du Groupe<a href=\"https:\/\/www.cfecgc-orange.org\/2022041411677\/communiques-de-presse\/le-vote-des-resolutions-proposees-a-l-ag-des-actionnaires-du-19-mai-2022-decidera-de-la-future-presidence-d-orange.html#_ftn1\"><sup>[1]<\/sup><\/a>. En question&nbsp;: la coh\u00e9rence des r\u00e8gles et l\u2019exemplarit\u00e9 des dirigeants. En parall\u00e8le, le bilan de M. Aschenbroich \u00e0 la t\u00eate de Valeo ne rassure pas sur sa capacit\u00e9 \u00e0 contribuer efficacement \u00e0 un nouvel \u00e9lan pour notre Groupe.<\/p>\n\n\n\n<p>Pour les personnels d\u2019Orange, le changement de gouvernance doit constituer l\u2019opportunit\u00e9 d\u2019ouvrir une nouvelle \u00e8re, en capacit\u00e9 d\u2019embarquer les personnels dans une strat\u00e9gie de croissance durable<a href=\"https:\/\/www.cfecgc-orange.org\/2022041411677\/communiques-de-presse\/le-vote-des-resolutions-proposees-a-l-ag-des-actionnaires-du-19-mai-2022-decidera-de-la-future-presidence-d-orange.html#_ftn2\"><sup>[2]<\/sup><\/a>, en saisissant toutes les opportunit\u00e9s ouvertes sur un march\u00e9 des t\u00e9l\u00e9communications et du num\u00e9rique en pleine mutation, o\u00f9 notre Groupe doit prendre toute sa part.<\/p>\n\n\n\n<h3 class=\"wp-block-heading\">\u2026 et incoh\u00e9rences<\/h3>\n\n\n\n<p>Si c\u2019est le discours dominant des coll\u00e8gues qui nous interpellent depuis plusieurs semaines dans les services, certains repr\u00e9sentants des personnels actionnaires au Conseil de surveillance du FCPE (Fond Commun de Placement Entreprise) Orange Actions<a href=\"https:\/\/www.cfecgc-orange.org\/2022041411677\/communiques-de-presse\/le-vote-des-resolutions-proposees-a-l-ag-des-actionnaires-du-19-mai-2022-decidera-de-la-future-presidence-d-orange.html#_ftn3\"><sup>[3]<\/sup><\/a> ont choisi de d\u00e9fendre d\u2019autres positions, exprimant des votes incoh\u00e9rents qui brouillent le message sur deux questions majeures pour le futur du Groupe Orange&nbsp;:<\/p>\n\n\n\n<ul class=\"wp-block-list\"><li><strong>Sur la gouvernance du Groupe<\/strong>: le 11 mars 2022, le Conseil de surveillance s\u2019est exprim\u00e9, de mani\u00e8re quasi unanime, <a href=\"https:\/\/www.cfecgc-orange.org\/2022031411565\/communiques-de-presse\/les-personnels-2e-actionnaire-du-groupe-orange-refusent-la-modification-des-statuts-permettant-d-avoir-un-president-ayant-plus-de-70-ans.html\">contre la modification des statuts d\u2019Orange visant \u00e0 permettre \u00e0 un Pr\u00e9sident du Conseil d\u2019administration de d\u00e9passer l\u2019\u00e2ge de 70 ans<\/a>. Mais le 8 avril, apr\u00e8s que la CFDT ait demand\u00e9 un vote \u00e0 bulletins secrets, ce m\u00eame Conseil s\u2019est exprim\u00e9\u2026 en faveur de la candidature de Jacques Aschenbroich par 7 voix pour, 1 abstention, et 4 contre (celles de la CFE-CGC Orange).<\/li><li><strong>Sur le dividende vers\u00e9 au titre des r\u00e9sultats 2021<\/strong>: la majorit\u00e9 du Conseil de surveillance consid\u00e8re que le montant de 0.70\u20ac par action est trop \u00e9lev\u00e9 en regard des ressources qu\u2019il est n\u00e9cessaire de conserver au sein de l\u2019entreprise pour qu\u2019elle puisse investir \u00e0 la hauteur de ses ambitions. Il ne s\u2019agit pas d\u2019une position de principe \u00ab&nbsp;contre tout dividende&nbsp;\u00bb, comme nous avons pris soin de le faire pr\u00e9ciser par les diff\u00e9rents repr\u00e9sentants des personnels actionnaires. Pour autant, la CFDT et l\u2019Aasgo se sont oppos\u00e9es \u00e0 la proposition d\u2019un dividende alternatif inf\u00e9rieur, qui aurait pourtant mieux refl\u00e9t\u00e9 la position du Conseil, et un meilleur \u00e9quilibre entre l\u2019int\u00e9r\u00eat collectif des personnels en activit\u00e9 et de l\u2019ensemble des actionnaires.<\/li><\/ul>\n\n\n\n<p><strong>L\u2019ensemble des votes exprim\u00e9s par le Conseil de surveillance de l\u2019actionnariat salari\u00e9s et nos explications de vote d\u00e9taill\u00e9es sont pr\u00e9cis\u00e9s <a href=\"https:\/\/www.adeas.org\/index.php\/laction-de-ladeas\/ag-des-actionnaires-orange-2022-participer-et-voter\/\">dans les pages suivantes<\/a>&nbsp;: nous invitons tous les actionnaires d\u2019Orange \u00e0 en prendre connaissance, pour \u00e9clairer leurs propres d\u00e9cisions de vote pour cette AG 2022, qui sera d\u00e9terminante pour le futur de notre Groupe.<\/strong><\/p>\n\n\n\n<p><a href=\"https:\/\/www.cfecgc-orange.org\/2022041411677\/communiques-de-presse\/le-vote-des-resolutions-proposees-a-l-ag-des-actionnaires-du-19-mai-2022-decidera-de-la-future-presidence-d-orange.html#_ftnref1\"><sup>[1]<\/sup><\/a> <a href=\"https:\/\/www.cfecgc-orange.org\/2022031411565\/communiques-de-presse\/les-personnels-2e-actionnaire-du-groupe-orange-refusent-la-modification-des-statuts-permettant-d-avoir-un-president-ayant-plus-de-70-ans.html\"><\/a><a href=\"https:\/\/www.cfecgc-orange.org\/2022031411565\/communiques-de-presse\/les-personnels-2e-actionnaire-du-groupe-orange-refusent-la-modification-des-statuts-permettant-d-avoir-un-president-ayant-plus-de-70-ans.html\">https:\/\/www.cfecgc-orange.org\/2022031411565\/communiques-de-presse\/les-personnels-2e-actionnaire-du-groupe-orange-refusent-la-modification-des-statuts-permettant-d-avoir-un-president-ayant-plus-de-70-ans.html<\/a><\/p>\n\n\n\n<p><a href=\"https:\/\/www.cfecgc-orange.org\/2022041411677\/communiques-de-presse\/le-vote-des-resolutions-proposees-a-l-ag-des-actionnaires-du-19-mai-2022-decidera-de-la-future-presidence-d-orange.html#_ftnref2\"><sup>[2]<\/sup><\/a> <a href=\"https:\/\/www.cfecgc-orange.org\/2022012811392\/communiques-de-presse\/nomination-de-christel-heydemann-a-la-direction-generale-d-orange-la-cfe-cgc-orange-preconise-une-politique-offensive-pour-retrouver-de-l-efficacite-operationnelle.html\"><\/a><a href=\"https:\/\/www.cfecgc-orange.org\/2022012811392\/communiques-de-presse\/nomination-de-christel-heydemann-a-la-direction-generale-d-orange-la-cfe-cgc-orange-preconise-une-politique-offensive-pour-retrouver-de-l-efficacite-operationnelle.html\">https:\/\/www.cfecgc-orange.org\/2022012811392\/communiques-de-presse\/nomination-de-christel-heydemann-a-la-direction-generale-d-orange-la-cfe-cgc-orange-preconise-une-politique-offensive-pour-retrouver-de-l-efficacite-operationnelle.html<\/a><\/p>\n\n\n\n<p><a href=\"https:\/\/www.cfecgc-orange.org\/2022041411677\/communiques-de-presse\/le-vote-des-resolutions-proposees-a-l-ag-des-actionnaires-du-19-mai-2022-decidera-de-la-future-presidence-d-orange.html#_ftnref3\"><sup>[3]<\/sup><\/a> Le FCPE Orange Actions regroupe la plupart des actions poss\u00e9d\u00e9es par les personnels, qui d\u00e9tiennent au total 7,38% du capital et 10,81% des droits de vote, soit pr\u00e8s de 14% des suffrages exprim\u00e9s en AG. Suite \u00e0 l\u2019ORP Orange Together 2021, la quasi-totalit\u00e9 des 80&nbsp;000 collaborateurs en France sont actionnaires d\u2019Orange.<\/p>\n","protected":false},"excerpt":{"rendered":"<p>Les personnels veulent un Pr\u00e9sident en capacit\u00e9 d\u2019assurer toutes les missions qui lui incombent et d\u2019accompagner un nouvel \u00e9lan pour le Groupe. T\u00e9l\u00e9charger le communiqu\u00e9 en pdf : 2022-04-14_cdp_cfe-cgc-orange_adeas_vote-resolutionsagactionnairesorange.pdf L\u2019Etat a voulu qu\u2019Orange mette en place une gouvernance dissociant les mandats de Pr\u00e9sidence non ex\u00e9cutive du Conseil d\u2019administration et de Direction g\u00e9n\u00e9rale op\u00e9rationnelle. Dissonances\u2026 Tandis [&hellip;]<\/p>\n","protected":false},"author":1,"featured_media":0,"comment_status":"open","ping_status":"closed","sticky":false,"template":"","format":"standard","meta":{"_monsterinsights_skip_tracking":false,"_monsterinsights_sitenote_active":false,"_monsterinsights_sitenote_note":"","_monsterinsights_sitenote_category":0,"footnotes":""},"categories":[19],"tags":[11,42,48],"class_list":["post-3450","post","type-post","status-publish","format-standard","hentry","category-communique-de-presse","tag-actionnariat-salarie","tag-assemblee-generale","tag-gouvernance"],"_links":{"self":[{"href":"https:\/\/www.adeas.org\/index.php\/wp-json\/wp\/v2\/posts\/3450","targetHints":{"allow":["GET"]}}],"collection":[{"href":"https:\/\/www.adeas.org\/index.php\/wp-json\/wp\/v2\/posts"}],"about":[{"href":"https:\/\/www.adeas.org\/index.php\/wp-json\/wp\/v2\/types\/post"}],"author":[{"embeddable":true,"href":"https:\/\/www.adeas.org\/index.php\/wp-json\/wp\/v2\/users\/1"}],"replies":[{"embeddable":true,"href":"https:\/\/www.adeas.org\/index.php\/wp-json\/wp\/v2\/comments?post=3450"}],"version-history":[{"count":1,"href":"https:\/\/www.adeas.org\/index.php\/wp-json\/wp\/v2\/posts\/3450\/revisions"}],"predecessor-version":[{"id":3451,"href":"https:\/\/www.adeas.org\/index.php\/wp-json\/wp\/v2\/posts\/3450\/revisions\/3451"}],"wp:attachment":[{"href":"https:\/\/www.adeas.org\/index.php\/wp-json\/wp\/v2\/media?parent=3450"}],"wp:term":[{"taxonomy":"category","embeddable":true,"href":"https:\/\/www.adeas.org\/index.php\/wp-json\/wp\/v2\/categories?post=3450"},{"taxonomy":"post_tag","embeddable":true,"href":"https:\/\/www.adeas.org\/index.php\/wp-json\/wp\/v2\/tags?post=3450"}],"curies":[{"name":"wp","href":"https:\/\/api.w.org\/{rel}","templated":true}]}}