{"id":3140,"date":"2021-08-24T18:40:00","date_gmt":"2021-08-24T16:40:00","guid":{"rendered":"https:\/\/www.adeas.org\/?p=3140"},"modified":"2021-08-23T18:48:59","modified_gmt":"2021-08-23T16:48:59","slug":"le-versement-des-dividendes-mondiaux-tout-proche-du-niveau-davant-crise","status":"publish","type":"post","link":"https:\/\/www.adeas.org\/index.php\/revue-de-web\/le-versement-des-dividendes-mondiaux-tout-proche-du-niveau-davant-crise\/","title":{"rendered":"Le versement des dividendes mondiaux tout proche du niveau d&rsquo;avant-crise"},"content":{"rendered":"\n<figure class=\"wp-block-image size-full\"><img loading=\"lazy\" decoding=\"async\" width=\"612\" height=\"306\" src=\"https:\/\/www.adeas.org\/wp-content\/uploads\/2021\/08\/les-bourses-europeennes-terminent-en-hausse-londres-exceptee.jpg\" alt=\"\" class=\"wp-image-3141\" srcset=\"https:\/\/www.adeas.org\/wp-content\/uploads\/2021\/08\/les-bourses-europeennes-terminent-en-hausse-londres-exceptee.jpg 612w, https:\/\/www.adeas.org\/wp-content\/uploads\/2021\/08\/les-bourses-europeennes-terminent-en-hausse-londres-exceptee-500x250.jpg 500w\" sizes=\"auto, (max-width: 612px) 100vw, 612px\" \/><figcaption>Selon Janus Henderson, \u00ab\u00a0la reprise mondiale des dividendes s&rsquo;est v\u00e9ritablement amorc\u00e9e au deuxi\u00e8me trimestre 2021\u00a0\u00bb. (Cr\u00e9dits : Reuters Staff)<\/figcaption><\/figure>\n\n\n\n<blockquote class=\"wp-block-quote is-layout-flow wp-block-quote-is-layout-flow\"><p>471 milliards de dollars : c&rsquo;est le montant plan\u00e9taire des dividendes distribu\u00e9s entre avril et juin 2021, selon le gestionnaire d&rsquo;actifs Janus Henderson, un montant en forte progression par rapport \u00e0 la m\u00eame p\u00e9riode l&rsquo;an dernier, mais encore en retrait de 6,8% au regard des r\u00e9sultats de 2019. L&rsquo;Europe &#8211; particuli\u00e8rement la France &#8211; et le Royaume-Uni tirent la dynamique.<\/p><cite>A lire dans <a href=\"https:\/\/www.latribune.fr\/entreprises-finance\/banques-finance\/industrie-financiere\/le-versement-des-dividendes-mondiaux-tout-proche-du-niveau-d-avant-crise-890979.html?xtor=EPR-2-[l-actu-du-jour]-20210823&amp;_ope=eyJndWlkIjoiNjE3MWE0MzIxODM3NjNlMmEyOWYzMWQxM2I1Yzg5OGEifQ%3D%3D\" data-type=\"URL\" data-id=\"https:\/\/www.latribune.fr\/entreprises-finance\/banques-finance\/industrie-financiere\/le-versement-des-dividendes-mondiaux-tout-proche-du-niveau-d-avant-crise-890979.html?xtor=EPR-2-[l-actu-du-jour]-20210823&amp;_ope=eyJndWlkIjoiNjE3MWE0MzIxODM3NjNlMmEyOWYzMWQxM2I1Yzg5OGEifQ%3D%3D\">La Tribune du 23\/08\/2021<\/a>.<\/cite><\/blockquote>\n\n\n\n<p>Comme un refrain lassant qui revient chaque ann\u00e9e. En parall\u00e8le, quelles destructions d&#8217;emplois ? Quelles \u00e9volutions salariales pour les personnels ? Quels impacts environnementaux ? Quel progr\u00e8s pour l&rsquo;humanit\u00e9 ? <\/p>\n","protected":false},"excerpt":{"rendered":"<p>471 milliards de dollars : c&rsquo;est le montant plan\u00e9taire des dividendes distribu\u00e9s entre avril et juin 2021, selon le gestionnaire d&rsquo;actifs Janus Henderson, un montant en forte progression par rapport \u00e0 la m\u00eame p\u00e9riode l&rsquo;an dernier, mais encore en retrait de 6,8% au regard des r\u00e9sultats de 2019. L&rsquo;Europe &#8211; particuli\u00e8rement la France &#8211; et [&hellip;]<\/p>\n","protected":false},"author":1,"featured_media":0,"comment_status":"open","ping_status":"closed","sticky":false,"template":"","format":"standard","meta":{"_monsterinsights_skip_tracking":false,"_monsterinsights_sitenote_active":false,"_monsterinsights_sitenote_note":"","_monsterinsights_sitenote_category":0,"footnotes":""},"categories":[8],"tags":[36],"class_list":["post-3140","post","type-post","status-publish","format-standard","hentry","category-revue-de-web","tag-dividendes"],"_links":{"self":[{"href":"https:\/\/www.adeas.org\/index.php\/wp-json\/wp\/v2\/posts\/3140","targetHints":{"allow":["GET"]}}],"collection":[{"href":"https:\/\/www.adeas.org\/index.php\/wp-json\/wp\/v2\/posts"}],"about":[{"href":"https:\/\/www.adeas.org\/index.php\/wp-json\/wp\/v2\/types\/post"}],"author":[{"embeddable":true,"href":"https:\/\/www.adeas.org\/index.php\/wp-json\/wp\/v2\/users\/1"}],"replies":[{"embeddable":true,"href":"https:\/\/www.adeas.org\/index.php\/wp-json\/wp\/v2\/comments?post=3140"}],"version-history":[{"count":2,"href":"https:\/\/www.adeas.org\/index.php\/wp-json\/wp\/v2\/posts\/3140\/revisions"}],"predecessor-version":[{"id":3144,"href":"https:\/\/www.adeas.org\/index.php\/wp-json\/wp\/v2\/posts\/3140\/revisions\/3144"}],"wp:attachment":[{"href":"https:\/\/www.adeas.org\/index.php\/wp-json\/wp\/v2\/media?parent=3140"}],"wp:term":[{"taxonomy":"category","embeddable":true,"href":"https:\/\/www.adeas.org\/index.php\/wp-json\/wp\/v2\/categories?post=3140"},{"taxonomy":"post_tag","embeddable":true,"href":"https:\/\/www.adeas.org\/index.php\/wp-json\/wp\/v2\/tags?post=3140"}],"curies":[{"name":"wp","href":"https:\/\/api.w.org\/{rel}","templated":true}]}}