{"id":3040,"date":"2021-04-01T16:41:48","date_gmt":"2021-04-01T14:41:48","guid":{"rendered":"https:\/\/www.adeas.org\/?p=3040"},"modified":"2021-04-01T17:22:10","modified_gmt":"2021-04-01T15:22:10","slug":"debouclage-de-lorp-orange-ambition-2016","status":"publish","type":"post","link":"https:\/\/www.adeas.org\/index.php\/en-pratique\/debouclage-de-lorp-orange-ambition-2016\/","title":{"rendered":"D\u00e9bouclage de l\u2019ORP Orange Ambition 2016"},"content":{"rendered":"\n<figure class=\"wp-block-image size-large\"><img loading=\"lazy\" decoding=\"async\" width=\"1024\" height=\"682\" src=\"https:\/\/www.adeas.org\/wp-content\/uploads\/2021\/04\/dove-3426159_1280-1024x682.jpg\" alt=\"\" class=\"wp-image-3048\" srcset=\"https:\/\/www.adeas.org\/wp-content\/uploads\/2021\/04\/dove-3426159_1280-1024x682.jpg 1024w, https:\/\/www.adeas.org\/wp-content\/uploads\/2021\/04\/dove-3426159_1280-500x333.jpg 500w, https:\/\/www.adeas.org\/wp-content\/uploads\/2021\/04\/dove-3426159_1280-768x512.jpg 768w, https:\/\/www.adeas.org\/wp-content\/uploads\/2021\/04\/dove-3426159_1280.jpg 1280w\" sizes=\"auto, (max-width: 1024px) 100vw, 1024px\" \/><\/figure>\n\n\n\n<p><em>Image par <a href=\"https:\/\/pixabay.com\/fr\/users\/geralt-9301\/?utm_source=link-attribution&amp;utm_medium=referral&amp;utm_campaign=image&amp;utm_content=3426159\">Gerd Altmann<\/a> de <a href=\"https:\/\/pixabay.com\/fr\/?utm_source=link-attribution&amp;utm_medium=referral&amp;utm_campaign=image&amp;utm_content=3426159\">Pixabay<\/a><\/em><\/p>\n\n\n\n<p><\/p>\n\n\n\n<p>Les actions souscrites dans le cadre de l\u2019Offre R\u00e9serv\u00e9e aux Personnels (ORP) <a href=\"https:\/\/www.cfecgc-orange.org\/201602185083\/participation-interessement-et-actionnariat\/offre-reservee-aux-personnels-orange-ambition-2016.html\">Orange Ambition 2016<\/a> seront disponibles \u00e0 partir du 31 mai 2021.<\/p>\n\n\n\n<p><a href=\"https:\/\/www.cfecgc-orange.org\/201605255240\/participation-interessement-et-actionnariat\/ambition-2016-bilan-d-un-echec-annonce.html\">11,5 millions d\u2019actions avaient \u00e9t\u00e9 propos\u00e9es<\/a> aux personnels fran\u00e7ais (Orange SA et filiales adh\u00e9rentes au PEG d\u2019Orange) et aux salari\u00e9s de 29 pays, dans des conditions adapt\u00e9es aux l\u00e9gislations locales, ainsi qu\u2019aux retrait\u00e9s d\u00e9tenant encore des avoirs dans le PEG (avec uniquement le b\u00e9n\u00e9fice de la d\u00e9cote de 20% pour ces derniers). Au total, 45&nbsp;300 personnes ont souscrit \u00e0 cette op\u00e9ration, dont 39&nbsp;000 personnels actifs en France et 3&nbsp;000 retrait\u00e9s.<\/p>\n\n\n\n<h2 class=\"wp-block-heading\">Cap\u2019Orange Garanti 2016&nbsp;: faites votre choix avant le 30 avril 2021<\/h2>\n\n\n\n<p>Vous pouviez souscrire \u00e0 cette offre pour 128 actions au maximum + 32 actions offertes (abondement employeur, uniquement pour les personnels en activit\u00e9 au moment de la souscription) avec la garantie de r\u00e9cup\u00e9rer 100% de la mise de d\u00e9part (apport personnel + abondement en actions gratuites) + 1,58 fois la hausse moyenne prot\u00e9g\u00e9e de l\u2019action par rapport au prix de r\u00e9f\u00e9rence non d\u00e9cot\u00e9 (14,89 \u20ac), sans rendement minimum garanti.<\/p>\n\n\n\n<p>En contrepartie, pendant toute la p\u00e9riode de blocage dans le PEG (5 ans), la banque conservait les dividendes et les \u00e9ventuelles plus-values de cours au-del\u00e0 de la hausse moyenne prot\u00e9g\u00e9e<\/p>\n\n\n\n<h3 class=\"wp-block-heading\">Comment calculer vos gains ?<\/h3>\n\n\n\n<p>La simulation ci-dessous est bas\u00e9e sur la valeur mensuelle de l\u2019action \u00e0 fin f\u00e9vrier 2021. Dans la mesure o\u00f9 il est peu probable que le cours de l\u2019action Orange d\u00e9passe 14,92 \u20ac avant le 31 mai 2021, les hypoth\u00e8ses de gain ci-dessous seront vraisemblablement r\u00e9alis\u00e9es.<\/p>\n\n\n\n<h4 class=\"wp-block-heading\">Calcul de la valeur liquidative des parts<\/h4>\n\n\n\n<figure class=\"wp-block-image size-large\"><img loading=\"lazy\" decoding=\"async\" width=\"439\" height=\"122\" src=\"https:\/\/www.adeas.org\/wp-content\/uploads\/2021\/04\/Debouclage-CapOrange-Garanti.jpg\" alt=\"\" class=\"wp-image-3042\"\/><\/figure>\n\n\n\n<h4 class=\"wp-block-heading\">Calcul du gain maximal<\/h4>\n\n\n\n<figure class=\"wp-block-image size-large\"><img loading=\"lazy\" decoding=\"async\" width=\"382\" height=\"222\" src=\"https:\/\/www.adeas.org\/wp-content\/uploads\/2021\/04\/Gains-CapOrange-Garanti.jpg\" alt=\"\" class=\"wp-image-3043\"\/><\/figure>\n\n\n\n<h3 class=\"wp-block-heading\">Vous avez jusqu\u2019au 30 avril 2021 pour choisir comment disposer de vos parts<\/h3>\n\n\n\n<p>Vous pouvez&nbsp;:<\/p>\n\n\n\n<ul class=\"wp-block-list\"><li>Demander le paiement en cash (d\u00e9duction faite des contributions sociales de 17,2% sur les plus-values r\u00e9alis\u00e9es), en tout ou partie&nbsp;;<\/li><li>R\u00e9partir votre \u00e9pargne vers les fonds du PEG d\u2019Orange Evolutis, Equilibris, Dynamis Solidaire et\/ou Orange Actions Classique (parts C ou D).<\/li><\/ul>\n\n\n\n<p class=\"has-luminous-vivid-amber-background-color has-background\">Si vous d\u00e9tenez des parts du compartiment Cap\u2019Orange Garanti 2016, vous avez re\u00e7u un courriel d\u2019Amundi. Vos choix sont \u00e0 exprimer sur le site d\u2019Amundi d\u2019ici le 30 avril 2021, avec vos identifiants personnels de connexion (votre num\u00e9ro de compte vous est rappel\u00e9 dans le courriel d\u2019Amundi).<\/p>\n\n\n\n<p>Les op\u00e9rations seront r\u00e9alis\u00e9es \u00e0 partir de la disponibilit\u00e9 des fonds, soit le 31 mai 2021. A compter de cette date, la garantie dispara\u00eet, et vos avoirs se comporteront selon les caract\u00e9ristiques du ou des fonds au sein desquels vous les aurez r\u00e9partis.<\/p>\n\n\n\n<h3 class=\"wp-block-heading\">En l\u2019absence de choix, que se passe-t-il ?<\/h3>\n\n\n\n<p>En l&rsquo;absence de r\u00e9ponse de votre part avant le 30 avril 2021, votre \u00e9pargne sera automatiquement investie en mon\u00e9taire apr\u00e8s le 31 mai 2021 jusqu\u2019\u00e0 sa fusion, le 7 juin 2021, vers le fonds Orange Actions Classique (parts C) du PEG<\/p>\n\n\n\n<p>A cette date, votre \u00e9pargne sera investie en actions Orange parts C :<\/p>\n\n\n\n<ul class=\"wp-block-list\"><li>Elle sera disponible.<\/li><li>Vous percevrez les dividendes \u00e9ventuels. Par d\u00e9faut, les actions sont en parts C comme \u00ab\u00a0dividendes capitalis\u00e9s\u00a0\u00bb, c\u2019est-\u00e0-dire r\u00e9investis en parts du fonds Orange Actions Classique. <\/li><li>Vous pourrez les basculer en parts D \u00e0 tout moment si vous souhaitez percevoir les dividendes en cash. Dans ce cas, les dividendes sont soumis au pr\u00e9l\u00e8vement forfaitaire unique (12,8% d\u2019imp\u00f4ts sur le revenu pr\u00e9lev\u00e9s \u00e0 la source + 17,2% de contributions sociales), qui sont directement soustraits des versements que vous percevrez.<\/li><li>Vous ne b\u00e9n\u00e9ficierez plus de la garantie.<\/li><li>Vous pourrez r\u00e9orienter cette \u00e9pargne vers d\u2019autres fonds du PEG (lors de la prochaine p\u00e9riode d\u2019arbitrage), ou les transf\u00e9rer vers un fonds du PERCo (\u00e0 tout moment).<\/li><\/ul>\n\n\n\n<p class=\"has-cyan-bluish-gray-background-color has-background\">A noter : pour proc\u00e9der au d\u00e9bouclage d\u2019Orange Ambition 2016, les op\u00e9rations de remboursement seront suspendues entre le 4 et le 7 juin 2021, uniquement pour les avoirs issus d\u2019Orange Ambition 2016 Garanti appartenant aux d\u00e9tenteurs qui n\u2019ont pas exprim\u00e9 de choix explicite avant le 30 avril 2021.<\/p>\n\n\n\n<h2 class=\"wp-block-heading\">Cap\u2019Orange Classique<\/h2>\n\n\n\n<p>Si vous avez souscrit \u00e0 l\u2019offre \u00ab&nbsp;classique&nbsp;\u00bb, vous n\u2019avez rien \u00e0 faire de particulier&nbsp;: \u00e0 compter du 31 mai 2021, ces parts int\u00e8grent le fond Orange Actions Classique et deviennent disponibles. Vous pourrez donc disposer de vos avoirs si vous en avez besoin, les laisser dans Orange Actions, les arbitrer vers un autre fonds du PEG (lors de la prochaine p\u00e9riode d\u2019arbitrage), ou les transf\u00e9rer vers un fonds du PERCo (\u00e0 tout moment).<\/p>\n\n\n\n<p>Si vous les laissez dans le compartiment Orange Actions Classique, le prix des parts continuera d\u2019\u00e9voluer parall\u00e8lement au cours de l\u2019action Orange sur les march\u00e9s boursiers.<\/p>\n\n\n\n<p>Si vous souhaitez disposer de vos avoirs, vous paierez la contribution sociale (17,2% au maximum) sur les plus-values r\u00e9alis\u00e9es, sans imp\u00f4t sur le revenu<\/p>\n\n\n\n<h3 class=\"wp-block-heading\">Comment calculer vos gains ?<\/h3>\n\n\n\n<p>Vous pouvez comparer le prix de revient par action au moment o\u00f9 vous les avez souscrites avec le cours actuel de l\u2019action Orange. Le tableau ci-dessous est bas\u00e9 sur le prix de souscription qui s\u2019est appliqu\u00e9 en mai 2016.<\/p>\n\n\n\n<h4 class=\"wp-block-heading\">Calcul du prix de souscription initial<\/h4>\n\n\n\n<figure class=\"wp-block-image size-large\"><img loading=\"lazy\" decoding=\"async\" width=\"704\" height=\"162\" src=\"https:\/\/www.adeas.org\/wp-content\/uploads\/2021\/04\/Debouclage-Orange-Actions-Classique-1.jpg\" alt=\"\" class=\"wp-image-3044\" srcset=\"https:\/\/www.adeas.org\/wp-content\/uploads\/2021\/04\/Debouclage-Orange-Actions-Classique-1.jpg 704w, https:\/\/www.adeas.org\/wp-content\/uploads\/2021\/04\/Debouclage-Orange-Actions-Classique-1-500x115.jpg 500w\" sizes=\"auto, (max-width: 704px) 100vw, 704px\" \/><\/figure>\n\n\n\n<p>Si l\u2019on compare au cours de l\u2019action Orange au 31\/03\/2021 de 10,51 \u20ac, seules les actions abond\u00e9es (tranche 1 et tranche 2) offrent, \u00e0 date, une plus-value sur le cours. La situation est bien s\u00fbr susceptible d\u2019\u00e9voluer dans le temps.<\/p>\n\n\n\n<p>A la valeur de l\u2019action, il faut ajouter les dividendes re\u00e7us dans la p\u00e9riode. Pour rappel, voici le montant des dividendes vers\u00e9s entre mai 2016 et mai 2021.<\/p>\n\n\n\n<h4 class=\"wp-block-heading\">Dividendes vers\u00e9s pendant la p\u00e9riode de blocage<\/h4>\n\n\n\n<figure class=\"wp-block-image size-large\"><img loading=\"lazy\" decoding=\"async\" width=\"407\" height=\"241\" src=\"https:\/\/www.adeas.org\/wp-content\/uploads\/2021\/04\/Dividendes-verses.jpg\" alt=\"\" class=\"wp-image-3045\"\/><\/figure>\n\n\n\n<p>Pendant la p\u00e9riode de blocage, ces dividendes ont \u00e9t\u00e9 capitalis\u00e9s (parts C), c\u2019est-\u00e0-dire r\u00e9investis au fil de l\u2019eau dans des parts du fonds et exon\u00e9r\u00e9s de toute fiscalit\u00e9. A partir du 31 mai, vous pourrez les basculer en parts D si vous souhaitez percevoir les dividendes en cash. Dans ce cas, les dividendes sont soumis au pr\u00e9l\u00e8vement forfaitaire unique (12,8% d\u2019imp\u00f4ts sur le revenu pr\u00e9lev\u00e9s \u00e0 la source + 17,2% de contributions sociales), qui sont directement soustraits des versements que vous percevrez.<\/p>\n","protected":false},"excerpt":{"rendered":"<p>Image par Gerd Altmann de Pixabay Les actions souscrites dans le cadre de l\u2019Offre R\u00e9serv\u00e9e aux Personnels (ORP) Orange Ambition 2016 seront disponibles \u00e0 partir du 31 mai 2021. 11,5 millions d\u2019actions avaient \u00e9t\u00e9 propos\u00e9es aux personnels fran\u00e7ais (Orange SA et filiales adh\u00e9rentes au PEG d\u2019Orange) et aux salari\u00e9s de 29 pays, dans des conditions [&hellip;]<\/p>\n","protected":false},"author":1,"featured_media":0,"comment_status":"open","ping_status":"closed","sticky":false,"template":"","format":"standard","meta":{"_monsterinsights_skip_tracking":false,"_monsterinsights_sitenote_active":false,"_monsterinsights_sitenote_note":"","_monsterinsights_sitenote_category":0,"footnotes":""},"categories":[28],"tags":[11,12],"class_list":["post-3040","post","type-post","status-publish","format-standard","hentry","category-en-pratique","tag-actionnariat-salarie","tag-offre-reservee-au-personnel"],"_links":{"self":[{"href":"https:\/\/www.adeas.org\/index.php\/wp-json\/wp\/v2\/posts\/3040","targetHints":{"allow":["GET"]}}],"collection":[{"href":"https:\/\/www.adeas.org\/index.php\/wp-json\/wp\/v2\/posts"}],"about":[{"href":"https:\/\/www.adeas.org\/index.php\/wp-json\/wp\/v2\/types\/post"}],"author":[{"embeddable":true,"href":"https:\/\/www.adeas.org\/index.php\/wp-json\/wp\/v2\/users\/1"}],"replies":[{"embeddable":true,"href":"https:\/\/www.adeas.org\/index.php\/wp-json\/wp\/v2\/comments?post=3040"}],"version-history":[{"count":9,"href":"https:\/\/www.adeas.org\/index.php\/wp-json\/wp\/v2\/posts\/3040\/revisions"}],"predecessor-version":[{"id":3182,"href":"https:\/\/www.adeas.org\/index.php\/wp-json\/wp\/v2\/posts\/3040\/revisions\/3182"}],"wp:attachment":[{"href":"https:\/\/www.adeas.org\/index.php\/wp-json\/wp\/v2\/media?parent=3040"}],"wp:term":[{"taxonomy":"category","embeddable":true,"href":"https:\/\/www.adeas.org\/index.php\/wp-json\/wp\/v2\/categories?post=3040"},{"taxonomy":"post_tag","embeddable":true,"href":"https:\/\/www.adeas.org\/index.php\/wp-json\/wp\/v2\/tags?post=3040"}],"curies":[{"name":"wp","href":"https:\/\/api.w.org\/{rel}","templated":true}]}}