{"id":3023,"date":"2021-03-17T10:33:59","date_gmt":"2021-03-17T09:33:59","guid":{"rendered":"https:\/\/www.adeas.org\/?p=3023"},"modified":"2021-03-17T10:34:00","modified_gmt":"2021-03-17T09:34:00","slug":"semaine-de-lepargne-salariale-jusquau-29-mars-2021","status":"publish","type":"post","link":"https:\/\/www.adeas.org\/index.php\/revue-de-web\/semaine-de-lepargne-salariale-jusquau-29-mars-2021\/","title":{"rendered":"Semaine de l&rsquo;\u00e9pargne salariale jusqu&rsquo;au 29 mars 2021"},"content":{"rendered":"\n<figure class=\"wp-block-image size-large\"><img loading=\"lazy\" decoding=\"async\" width=\"767\" height=\"606\" src=\"https:\/\/www.adeas.org\/wp-content\/uploads\/2021\/03\/SemaineEpargneSalariale.jpg\" alt=\"\" class=\"wp-image-3024\" srcset=\"https:\/\/www.adeas.org\/wp-content\/uploads\/2021\/03\/SemaineEpargneSalariale.jpg 767w, https:\/\/www.adeas.org\/wp-content\/uploads\/2021\/03\/SemaineEpargneSalariale-500x395.jpg 500w\" sizes=\"auto, (max-width: 767px) 100vw, 767px\" \/><\/figure>\n\n\n\n<p>Si vous avez envie d&rsquo;en savoir plus sur l&rsquo;\u00e9pargne salariale, c&rsquo;est le bon moment : du 18 au 29 mars, une s\u00e9rie de webinaires vous permet d&rsquo;approfondir vos connaissances, notamment sur l&rsquo;\u00e9pargne durable et la mani\u00e8re de g\u00e9rer son \u00e9pargne en contexte incertain : des sujets d&rsquo;actualit\u00e9.<\/p>\n\n\n\n<p>Vous trouverez \u00e9galement sur le site de <a href=\"https:\/\/www.epargnesalariale-france.fr\/\" data-type=\"URL\" data-id=\"https:\/\/www.epargnesalariale-france.fr\/\">La Semaine de l\u2019\u00c9pargne Salariale<\/a> de nombreuses ressources (vid\u00e9os et documents et FAQ) pour r\u00e9pondre \u00e0 toutes vos interrogations sur le sujet. <\/p>\n\n\n\n<p>Et s&rsquo;il vous reste encore des questions, n&rsquo;h\u00e9sitez pas \u00e0 <a href=\"https:\/\/www.adeas.org\/index.php\/sabonner\/\" data-type=\"URL\" data-id=\"https:\/\/www.adeas.org\/index.php\/sabonner\/\">vous abonner \u00e0 nos publications<\/a>, ou mieux encore \u00e0 <a href=\"https:\/\/www.adeas.org\/index.php\/adherer\/\" data-type=\"URL\" data-id=\"https:\/\/www.adeas.org\/index.php\/adherer\/\">rejoindre l&rsquo;ADEAS<\/a>, pour b\u00e9n\u00e9ficier d&rsquo;une information privil\u00e9gi\u00e9e sur l&rsquo;\u00e9pargne et l&rsquo;actionnariat salari\u00e9s au sein du Groupe Orange.<\/p>\n","protected":false},"excerpt":{"rendered":"<p>Si vous avez envie d&rsquo;en savoir plus sur l&rsquo;\u00e9pargne salariale, c&rsquo;est le bon moment : du 18 au 29 mars, une s\u00e9rie de webinaires vous permet d&rsquo;approfondir vos connaissances, notamment sur l&rsquo;\u00e9pargne durable et la mani\u00e8re de g\u00e9rer son \u00e9pargne en contexte incertain : des sujets d&rsquo;actualit\u00e9. Vous trouverez \u00e9galement sur le site de La [&hellip;]<\/p>\n","protected":false},"author":1,"featured_media":0,"comment_status":"open","ping_status":"closed","sticky":false,"template":"","format":"standard","meta":{"_monsterinsights_skip_tracking":false,"_monsterinsights_sitenote_active":false,"_monsterinsights_sitenote_note":"","_monsterinsights_sitenote_category":0,"footnotes":""},"categories":[8],"tags":[54],"class_list":["post-3023","post","type-post","status-publish","format-standard","hentry","category-revue-de-web","tag-epargne-salariale"],"_links":{"self":[{"href":"https:\/\/www.adeas.org\/index.php\/wp-json\/wp\/v2\/posts\/3023","targetHints":{"allow":["GET"]}}],"collection":[{"href":"https:\/\/www.adeas.org\/index.php\/wp-json\/wp\/v2\/posts"}],"about":[{"href":"https:\/\/www.adeas.org\/index.php\/wp-json\/wp\/v2\/types\/post"}],"author":[{"embeddable":true,"href":"https:\/\/www.adeas.org\/index.php\/wp-json\/wp\/v2\/users\/1"}],"replies":[{"embeddable":true,"href":"https:\/\/www.adeas.org\/index.php\/wp-json\/wp\/v2\/comments?post=3023"}],"version-history":[{"count":1,"href":"https:\/\/www.adeas.org\/index.php\/wp-json\/wp\/v2\/posts\/3023\/revisions"}],"predecessor-version":[{"id":3025,"href":"https:\/\/www.adeas.org\/index.php\/wp-json\/wp\/v2\/posts\/3023\/revisions\/3025"}],"wp:attachment":[{"href":"https:\/\/www.adeas.org\/index.php\/wp-json\/wp\/v2\/media?parent=3023"}],"wp:term":[{"taxonomy":"category","embeddable":true,"href":"https:\/\/www.adeas.org\/index.php\/wp-json\/wp\/v2\/categories?post=3023"},{"taxonomy":"post_tag","embeddable":true,"href":"https:\/\/www.adeas.org\/index.php\/wp-json\/wp\/v2\/tags?post=3023"}],"curies":[{"name":"wp","href":"https:\/\/api.w.org\/{rel}","templated":true}]}}