{"id":3014,"date":"2021-02-19T17:41:21","date_gmt":"2021-02-19T16:41:21","guid":{"rendered":"https:\/\/www.adeas.org\/?p=3014"},"modified":"2021-02-19T17:41:22","modified_gmt":"2021-02-19T16:41:22","slug":"interessement-et-participation-verses-en-2021-au-titre-des-resultats-2020","status":"publish","type":"post","link":"https:\/\/www.adeas.org\/index.php\/en-pratique\/interessement-et-participation-verses-en-2021-au-titre-des-resultats-2020\/","title":{"rendered":"Int\u00e9ressement et participation vers\u00e9s en 2021 au titre des r\u00e9sultats 2020"},"content":{"rendered":"\n<p>Apr\u00e8s <a href=\"https:\/\/www.orange.com\/fr\/derniers-resultats-consolides\">publication des r\u00e9sultats 2020<\/a> hier, voici les montants de participation (pour Orange SA et les <a href=\"https:\/\/portailrh.sso.infra.ftgroup\/documents\/10493\/8202670\/Avenant+N%C2%B01+du+15+d%C3%A9c+2020+-+Accord+de+participation+groupe+Orange+du+28+juin+2013\/5fb6d4db-555a-4c54-b557-553b11025609\">filiales adh\u00e9rentes \u00e0 l\u2019accord de participation<\/a>) et d\u2019int\u00e9ressement (pour Orange SA) qui seront vers\u00e9s cette ann\u00e9e, fin avril pour la participation, fin mai pour l\u2019int\u00e9ressement.<\/p>\n\n\n\n<p>Le montant global est en l\u00e9g\u00e8re baisse par rapport au total int\u00e9ressement &amp; participation vers\u00e9e en 2020.<\/p>\n\n\n\n<figure class=\"wp-block-image size-large\"><img loading=\"lazy\" decoding=\"async\" width=\"898\" height=\"357\" src=\"https:\/\/www.adeas.org\/wp-content\/uploads\/2021\/02\/InteressementParticipationResultats2020.jpg\" alt=\"\" class=\"wp-image-3015\" srcset=\"https:\/\/www.adeas.org\/wp-content\/uploads\/2021\/02\/InteressementParticipationResultats2020.jpg 898w, https:\/\/www.adeas.org\/wp-content\/uploads\/2021\/02\/InteressementParticipationResultats2020-500x199.jpg 500w, https:\/\/www.adeas.org\/wp-content\/uploads\/2021\/02\/InteressementParticipationResultats2020-768x305.jpg 768w\" sizes=\"auto, (max-width: 898px) 100vw, 898px\" \/><\/figure>\n\n\n\n<p>Analyses et modalit\u00e9s disponibles pour toucher vos primes \u00e0 suivre dans notre Lettre de l\u2019\u00e9pargne et de l\u2019actionnariat. Pour la recevoir par mail, <a href=\"https:\/\/www.adeas.org\/index.php\/sabonner\/\">abonnez-vous<\/a>, c\u2019est gratuit.<\/p>\n","protected":false},"excerpt":{"rendered":"<p>Apr\u00e8s publication des r\u00e9sultats 2020 hier, voici les montants de participation (pour Orange SA et les filiales adh\u00e9rentes \u00e0 l\u2019accord de participation) et d\u2019int\u00e9ressement (pour Orange SA) qui seront vers\u00e9s cette ann\u00e9e, fin avril pour la participation, fin mai pour l\u2019int\u00e9ressement. Le montant global est en l\u00e9g\u00e8re baisse par rapport au total int\u00e9ressement &amp; participation [&hellip;]<\/p>\n","protected":false},"author":1,"featured_media":0,"comment_status":"open","ping_status":"closed","sticky":false,"template":"","format":"standard","meta":{"_monsterinsights_skip_tracking":false,"_monsterinsights_sitenote_active":false,"_monsterinsights_sitenote_note":"","_monsterinsights_sitenote_category":0,"footnotes":""},"categories":[28],"tags":[38,14],"class_list":["post-3014","post","type-post","status-publish","format-standard","hentry","category-en-pratique","tag-interessement","tag-participation"],"_links":{"self":[{"href":"https:\/\/www.adeas.org\/index.php\/wp-json\/wp\/v2\/posts\/3014","targetHints":{"allow":["GET"]}}],"collection":[{"href":"https:\/\/www.adeas.org\/index.php\/wp-json\/wp\/v2\/posts"}],"about":[{"href":"https:\/\/www.adeas.org\/index.php\/wp-json\/wp\/v2\/types\/post"}],"author":[{"embeddable":true,"href":"https:\/\/www.adeas.org\/index.php\/wp-json\/wp\/v2\/users\/1"}],"replies":[{"embeddable":true,"href":"https:\/\/www.adeas.org\/index.php\/wp-json\/wp\/v2\/comments?post=3014"}],"version-history":[{"count":1,"href":"https:\/\/www.adeas.org\/index.php\/wp-json\/wp\/v2\/posts\/3014\/revisions"}],"predecessor-version":[{"id":3016,"href":"https:\/\/www.adeas.org\/index.php\/wp-json\/wp\/v2\/posts\/3014\/revisions\/3016"}],"wp:attachment":[{"href":"https:\/\/www.adeas.org\/index.php\/wp-json\/wp\/v2\/media?parent=3014"}],"wp:term":[{"taxonomy":"category","embeddable":true,"href":"https:\/\/www.adeas.org\/index.php\/wp-json\/wp\/v2\/categories?post=3014"},{"taxonomy":"post_tag","embeddable":true,"href":"https:\/\/www.adeas.org\/index.php\/wp-json\/wp\/v2\/tags?post=3014"}],"curies":[{"name":"wp","href":"https:\/\/api.w.org\/{rel}","templated":true}]}}