{"id":2952,"date":"2020-11-24T10:00:00","date_gmt":"2020-11-24T09:00:00","guid":{"rendered":"https:\/\/www.adeas.org\/?p=2952"},"modified":"2020-11-23T18:51:25","modified_gmt":"2020-11-23T17:51:25","slug":"election-du-conseil-de-surveillance-orange-actions-une-expertise-partagee-avec-les-personnels","status":"publish","type":"post","link":"https:\/\/www.adeas.org\/index.php\/laction-de-ladeas\/election-du-conseil-de-surveillance-orange-actions-une-expertise-partagee-avec-les-personnels\/","title":{"rendered":"Election du Conseil de surveillance Orange Actions : Une expertise partag\u00e9e avec les personnels"},"content":{"rendered":"<div class=\"video-container\">\n\t<iframe loading=\"lazy\" src=\"https:\/\/tv.cfecgc-orange.org\/embed\/629\/?\" allowfullscreen=\"\" width=\"853\" height=\"480\"><\/iframe>\n<\/div>\n<p>Vous \u00eates salari\u00e9 du Groupe Orange&nbsp;? Avec Laurent Van Craenenbroeck, d\u00e9couvrez comment disposer de toute l\u2019information utile pour b\u00e9n\u00e9ficier pleinement de vos droits en mati\u00e8re de participation, int\u00e9ressement et actionnariat salari\u00e9s.<\/p>\n<p><strong>Pour b\u00e9n\u00e9ficier de l\u2019expertise de la CFE-CGC Orange en mati\u00e8re d\u2019\u00e9pargne et d\u2019actionnariat salari\u00e9s, <a href=\"s-abonner-a-nos-publications.html\">abonnez-vous directement sur son site<\/a> ou <a href=\"https:\/\/www.adeas.org\/index.php\/sabonner\/\">sur le blog de l\u2019ADEAS<\/a> &nbsp;: c\u2019est gratuit&nbsp;!<\/strong><\/p>\n\n\n<div class=\"wp-block-group has-background\" style=\"background-color:#ededed\"><div class=\"wp-block-group__inner-container is-layout-flow wp-block-group-is-layout-flow\">\n<p><strong><em><\/em><em>Retrouvez toutes nos informations via le mot clef \u00ab\u00a0<a href=\"https:\/\/www.adeas.org\/index.php\/tag\/election\/\">\u00e9lection<\/a>\u00ab\u00a0, et notamment : <\/em><\/strong><\/p>\n\n\n\n<ul class=\"wp-block-list\"><li>notre <a href=\"https:\/\/www.adeas.org\/index.php\/laction-de-ladeas\/vous-avez-des-actions-orange-du-30-novembre-au-4-decembre-vous-choisirez-vos-representants-au-conseil-de-surveillance-du-fonds-orange-actions\/\">bande dessin\u00e9e<\/a>, qui vous explique tout en quelques cases<\/li><li>la <a href=\"https:\/\/www.adeas.org\/index.php\/en-pratique\/election-2020-du-conseil-de-surveillance-orange-actions\/\">profession de foi<\/a> de la liste CFE-CGC Orange &amp; CFTC avec ADEAS :  \u00ab\u00a0Ensemble pour une strat\u00e9gie qui fera remonter le cours de l&rsquo;action Orange\u00a0\u00bb<\/li><\/ul>\n\n\n\n<p>Si vous souhaitez \u00eatre invit\u00e9-e \u00e0 nos calls de d\u00e9cryptage, <a href=\"https:\/\/www.adeas.org\/index.php\/sabonner\/\">abonnez-vous gratuitement \u00e0 nos publications<\/a>.<\/p>\n<\/div><\/div>\n","protected":false},"excerpt":{"rendered":"<p>Vous \u00eates salari\u00e9 du Groupe Orange&nbsp;? Avec Laurent Van Craenenbroeck, d\u00e9couvrez comment disposer de toute l\u2019information utile pour b\u00e9n\u00e9ficier pleinement de vos droits en mati\u00e8re de participation, int\u00e9ressement et actionnariat salari\u00e9s. Pour b\u00e9n\u00e9ficier de l\u2019expertise de la CFE-CGC Orange en mati\u00e8re d\u2019\u00e9pargne et d\u2019actionnariat salari\u00e9s, abonnez-vous directement sur son site ou sur le blog de [&hellip;]<\/p>\n","protected":false},"author":1,"featured_media":0,"comment_status":"open","ping_status":"closed","sticky":false,"template":"","format":"standard","meta":{"_monsterinsights_skip_tracking":false,"_monsterinsights_sitenote_active":false,"_monsterinsights_sitenote_note":"","_monsterinsights_sitenote_category":0,"footnotes":""},"categories":[28,3],"tags":[11,55],"class_list":["post-2952","post","type-post","status-publish","format-standard","hentry","category-en-pratique","category-laction-de-ladeas","tag-actionnariat-salarie","tag-election"],"_links":{"self":[{"href":"https:\/\/www.adeas.org\/index.php\/wp-json\/wp\/v2\/posts\/2952","targetHints":{"allow":["GET"]}}],"collection":[{"href":"https:\/\/www.adeas.org\/index.php\/wp-json\/wp\/v2\/posts"}],"about":[{"href":"https:\/\/www.adeas.org\/index.php\/wp-json\/wp\/v2\/types\/post"}],"author":[{"embeddable":true,"href":"https:\/\/www.adeas.org\/index.php\/wp-json\/wp\/v2\/users\/1"}],"replies":[{"embeddable":true,"href":"https:\/\/www.adeas.org\/index.php\/wp-json\/wp\/v2\/comments?post=2952"}],"version-history":[{"count":2,"href":"https:\/\/www.adeas.org\/index.php\/wp-json\/wp\/v2\/posts\/2952\/revisions"}],"predecessor-version":[{"id":2954,"href":"https:\/\/www.adeas.org\/index.php\/wp-json\/wp\/v2\/posts\/2952\/revisions\/2954"}],"wp:attachment":[{"href":"https:\/\/www.adeas.org\/index.php\/wp-json\/wp\/v2\/media?parent=2952"}],"wp:term":[{"taxonomy":"category","embeddable":true,"href":"https:\/\/www.adeas.org\/index.php\/wp-json\/wp\/v2\/categories?post=2952"},{"taxonomy":"post_tag","embeddable":true,"href":"https:\/\/www.adeas.org\/index.php\/wp-json\/wp\/v2\/tags?post=2952"}],"curies":[{"name":"wp","href":"https:\/\/api.w.org\/{rel}","templated":true}]}}