{"id":2940,"date":"2020-11-19T17:36:58","date_gmt":"2020-11-19T16:36:58","guid":{"rendered":"https:\/\/www.adeas.org\/?p=2940"},"modified":"2021-10-15T13:18:20","modified_gmt":"2021-10-15T11:18:20","slug":"election-du-conseil-de-surveillance-orange-actions-laction-de-la-cfe-cgc-orange-de-ladeas-au-sein-du-conseil-de-surveillance","status":"publish","type":"post","link":"https:\/\/www.adeas.org\/index.php\/laction-de-ladeas\/election-du-conseil-de-surveillance-orange-actions-laction-de-la-cfe-cgc-orange-de-ladeas-au-sein-du-conseil-de-surveillance\/","title":{"rendered":"Election du Conseil de surveillance Orange Actions :  L\u2019action de la CFE-CGC Orange &#038; de l&rsquo;ADEAS au sein du Conseil de Surveillance."},"content":{"rendered":"<div class=\"video-container\"><iframe loading=\"lazy\" src=\"https:\/\/tv.cfecgc-orange.org\/embed\/628\/?\" allowfullscreen=\"allowfullscreen\" width=\"853\" height=\"480\"><\/iframe><\/div>\n<p>Si vous d\u00e9tenez des actions Orange dans le PEG, le Conseil de surveillance Orange Actions exerce vos droits d\u2019actionnaires en Assembl\u00e9e G\u00e9n\u00e9rale. Laurent Van Craenenbroeck vous d\u00e9montre comment nous les d\u00e9fendons.<\/p>\n<p><strong>Les repr\u00e9sentants CFE-CGC Orange &amp; ADEAS sont des&nbsp; experts tr\u00e8s actifs pour d\u00e9fendre les droits des personnels actionnaires d\u2019Orange.<\/strong><\/p>\n<p>\u00c9lection du Conseil de surveillance Orange Actions du 30 novembre au 4 d\u00e9cembre :<br \/>Je choisis l\u2019expertise #JevoteCFECGC_CFTC<br \/>#actionnariatsalari\u00e9s #\u00e9lection #orange<\/p>\n\n\n<div class=\"wp-block-group has-background\" style=\"background-color:#ededed\"><div class=\"wp-block-group__inner-container is-layout-flow wp-block-group-is-layout-flow\">\n<p><strong><em><\/em><em>Retrouvez toutes nos informations via le mot clef \u00ab\u00a0<a href=\"https:\/\/www.adeas.org\/index.php\/tag\/election\/\">\u00e9lection<\/a>\u00ab\u00a0, et notamment : <\/em><\/strong><\/p>\n\n\n\n<ul class=\"wp-block-list\"><li>notre <a href=\"https:\/\/www.adeas.org\/index.php\/laction-de-ladeas\/vous-avez-des-actions-orange-du-30-novembre-au-4-decembre-vous-choisirez-vos-representants-au-conseil-de-surveillance-du-fonds-orange-actions\/\">bande dessin\u00e9e<\/a>, qui vous explique tout en quelques cases<\/li><li>la <a href=\"https:\/\/www.adeas.org\/index.php\/en-pratique\/election-2020-du-conseil-de-surveillance-orange-actions\/\">profession de foi<\/a> de la liste CFE-CGC Orange &amp; CFTC avec ADEAS :  \u00ab\u00a0Ensemble pour une strat\u00e9gie qui fera remonter le cours de l&rsquo;action Orange\u00a0\u00bb<\/li><\/ul>\n\n\n\n<p>Si vous souhaitez \u00eatre invit\u00e9-e \u00e0 nos calls de d\u00e9cryptage, <a href=\"https:\/\/www.adeas.org\/index.php\/sabonner\/\">abonnez-vous gratuitement \u00e0 nos publications<\/a>.<\/p>\n<\/div><\/div>\n","protected":false},"excerpt":{"rendered":"<p>Si vous d\u00e9tenez des actions Orange dans le PEG, le Conseil de surveillance Orange Actions exerce vos droits d\u2019actionnaires en Assembl\u00e9e G\u00e9n\u00e9rale. Laurent Van Craenenbroeck vous d\u00e9montre comment nous les d\u00e9fendons. Les repr\u00e9sentants CFE-CGC Orange &amp; ADEAS sont des&nbsp; experts tr\u00e8s actifs pour d\u00e9fendre les droits des personnels actionnaires d\u2019Orange. \u00c9lection du Conseil de surveillance [&hellip;]<\/p>\n","protected":false},"author":1,"featured_media":0,"comment_status":"open","ping_status":"closed","sticky":false,"template":"","format":"standard","meta":{"_monsterinsights_skip_tracking":false,"_monsterinsights_sitenote_active":false,"_monsterinsights_sitenote_note":"","_monsterinsights_sitenote_category":0,"footnotes":""},"categories":[28,3],"tags":[11,55],"class_list":["post-2940","post","type-post","status-publish","format-standard","hentry","category-en-pratique","category-laction-de-ladeas","tag-actionnariat-salarie","tag-election"],"_links":{"self":[{"href":"https:\/\/www.adeas.org\/index.php\/wp-json\/wp\/v2\/posts\/2940","targetHints":{"allow":["GET"]}}],"collection":[{"href":"https:\/\/www.adeas.org\/index.php\/wp-json\/wp\/v2\/posts"}],"about":[{"href":"https:\/\/www.adeas.org\/index.php\/wp-json\/wp\/v2\/types\/post"}],"author":[{"embeddable":true,"href":"https:\/\/www.adeas.org\/index.php\/wp-json\/wp\/v2\/users\/1"}],"replies":[{"embeddable":true,"href":"https:\/\/www.adeas.org\/index.php\/wp-json\/wp\/v2\/comments?post=2940"}],"version-history":[{"count":2,"href":"https:\/\/www.adeas.org\/index.php\/wp-json\/wp\/v2\/posts\/2940\/revisions"}],"predecessor-version":[{"id":3233,"href":"https:\/\/www.adeas.org\/index.php\/wp-json\/wp\/v2\/posts\/2940\/revisions\/3233"}],"wp:attachment":[{"href":"https:\/\/www.adeas.org\/index.php\/wp-json\/wp\/v2\/media?parent=2940"}],"wp:term":[{"taxonomy":"category","embeddable":true,"href":"https:\/\/www.adeas.org\/index.php\/wp-json\/wp\/v2\/categories?post=2940"},{"taxonomy":"post_tag","embeddable":true,"href":"https:\/\/www.adeas.org\/index.php\/wp-json\/wp\/v2\/tags?post=2940"}],"curies":[{"name":"wp","href":"https:\/\/api.w.org\/{rel}","templated":true}]}}