{"id":2921,"date":"2020-11-09T12:42:30","date_gmt":"2020-11-09T11:42:30","guid":{"rendered":"https:\/\/www.adeas.org\/?p=2921"},"modified":"2020-11-23T18:16:18","modified_gmt":"2020-11-23T17:16:18","slug":"election-du-conseil-de-surveillance-orange-actions-la-question-du-dividende","status":"publish","type":"post","link":"https:\/\/www.adeas.org\/index.php\/laction-de-ladeas\/election-du-conseil-de-surveillance-orange-actions-la-question-du-dividende\/","title":{"rendered":"\u00c9lection du Conseil de surveillance Orange Actions : La question du dividende"},"content":{"rendered":"\n<div class=\"video-container\"><iframe loading=\"lazy\" src=\"https:\/\/tv.cfecgc-orange.org\/embed\/633\/?\" width=\"853\" height=\"480\" frameborder=\"0\" webkitAllowFullScreen allowFullScreen><\/iframe><\/div>\n\n\n\n<h3 class=\"wp-block-heading\">La question du dividende.<\/h3>\n\n\n\n<p>Vous avez deux minutes&nbsp;? Ne manquez pas l\u2019\u00e9clairage de S\u00e9bastien Crozier sur le lien entre dividende et cours de l\u2019action Orange.<\/p>\n\n\n\n<p><strong>La CFE-CGC Orange demande que le dividende soit syst\u00e9matiquement inf\u00e9rieur au b\u00e9n\u00e9fice net par action, afin qu\u2019Orange puisse investir pour le futur.<\/strong><\/p>\n\n\n\n<p>\u00c9lection du Conseil de surveillance Orange Actions du 30 novembre au 4 d\u00e9cembre&nbsp;:<br \/>\nJe choisis l\u2019expertise #JevoteCFECGC_CFTC<br \/>\n#actionnariatsalari\u00e9s #\u00e9lection #orange<\/p>\n\n\n\n<div class=\"wp-block-group\"><div class=\"wp-block-group__inner-container is-layout-flow wp-block-group-is-layout-flow\">\n<div class=\"wp-block-group has-background\" style=\"background-color:#ededed\"><div class=\"wp-block-group__inner-container is-layout-flow wp-block-group-is-layout-flow\">\n<p><strong><em><\/em><em>Retrouvez toutes nos informations via le mot clef \u00ab\u00a0<a href=\"https:\/\/www.adeas.org\/index.php\/tag\/election\/\">\u00e9lection<\/a>\u00ab\u00a0, et notamment : <\/em><\/strong><\/p>\n\n\n\n<ul class=\"wp-block-list\"><li>notre <a href=\"https:\/\/www.adeas.org\/index.php\/laction-de-ladeas\/vous-avez-des-actions-orange-du-30-novembre-au-4-decembre-vous-choisirez-vos-representants-au-conseil-de-surveillance-du-fonds-orange-actions\/\">bande dessin\u00e9e<\/a>, qui vous explique tout en quelques cases<\/li><li>la <a href=\"https:\/\/www.adeas.org\/index.php\/en-pratique\/election-2020-du-conseil-de-surveillance-orange-actions\/\">profession de foi<\/a> de la liste CFE-CGC Orange &amp; CFTC avec ADEAS :  \u00ab\u00a0Ensemble pour une strat\u00e9gie qui fera remonter le cours de l&rsquo;action Orange\u00a0\u00bb<\/li><\/ul>\n\n\n\n<p>Si vous souhaitez \u00eatre invit\u00e9-e \u00e0 nos calls de d\u00e9cryptage, <a href=\"https:\/\/www.adeas.org\/index.php\/sabonner\/\">abonnez-vous gratuitement \u00e0 nos publications<\/a>.<\/p>\n<\/div><\/div>\n\n\n\n<p><\/p>\n<\/div><\/div>\n","protected":false},"excerpt":{"rendered":"<p>La question du dividende. Vous avez deux minutes&nbsp;? Ne manquez pas l\u2019\u00e9clairage de S\u00e9bastien Crozier sur le lien entre dividende et cours de l\u2019action Orange. La CFE-CGC Orange demande que le dividende soit syst\u00e9matiquement inf\u00e9rieur au b\u00e9n\u00e9fice net par action, afin qu\u2019Orange puisse investir pour le futur. \u00c9lection du Conseil de surveillance Orange Actions du [&hellip;]<\/p>\n","protected":false},"author":1,"featured_media":0,"comment_status":"open","ping_status":"closed","sticky":false,"template":"","format":"standard","meta":{"_monsterinsights_skip_tracking":false,"_monsterinsights_sitenote_active":false,"_monsterinsights_sitenote_note":"","_monsterinsights_sitenote_category":0,"footnotes":""},"categories":[28,3],"tags":[11,55],"class_list":["post-2921","post","type-post","status-publish","format-standard","hentry","category-en-pratique","category-laction-de-ladeas","tag-actionnariat-salarie","tag-election"],"_links":{"self":[{"href":"https:\/\/www.adeas.org\/index.php\/wp-json\/wp\/v2\/posts\/2921","targetHints":{"allow":["GET"]}}],"collection":[{"href":"https:\/\/www.adeas.org\/index.php\/wp-json\/wp\/v2\/posts"}],"about":[{"href":"https:\/\/www.adeas.org\/index.php\/wp-json\/wp\/v2\/types\/post"}],"author":[{"embeddable":true,"href":"https:\/\/www.adeas.org\/index.php\/wp-json\/wp\/v2\/users\/1"}],"replies":[{"embeddable":true,"href":"https:\/\/www.adeas.org\/index.php\/wp-json\/wp\/v2\/comments?post=2921"}],"version-history":[{"count":5,"href":"https:\/\/www.adeas.org\/index.php\/wp-json\/wp\/v2\/posts\/2921\/revisions"}],"predecessor-version":[{"id":2945,"href":"https:\/\/www.adeas.org\/index.php\/wp-json\/wp\/v2\/posts\/2921\/revisions\/2945"}],"wp:attachment":[{"href":"https:\/\/www.adeas.org\/index.php\/wp-json\/wp\/v2\/media?parent=2921"}],"wp:term":[{"taxonomy":"category","embeddable":true,"href":"https:\/\/www.adeas.org\/index.php\/wp-json\/wp\/v2\/categories?post=2921"},{"taxonomy":"post_tag","embeddable":true,"href":"https:\/\/www.adeas.org\/index.php\/wp-json\/wp\/v2\/tags?post=2921"}],"curies":[{"name":"wp","href":"https:\/\/api.w.org\/{rel}","templated":true}]}}