{"id":2885,"date":"2020-10-30T12:45:48","date_gmt":"2020-10-30T11:45:48","guid":{"rendered":"https:\/\/www.adeas.org\/?p=2885"},"modified":"2020-10-30T15:16:41","modified_gmt":"2020-10-30T14:16:41","slug":"vous-avez-des-actions-orange-du-30-novembre-au-4-decembre-vous-choisirez-vos-representants-au-conseil-de-surveillance-du-fonds-orange-actions","status":"publish","type":"post","link":"https:\/\/www.adeas.org\/index.php\/laction-de-ladeas\/vous-avez-des-actions-orange-du-30-novembre-au-4-decembre-vous-choisirez-vos-representants-au-conseil-de-surveillance-du-fonds-orange-actions\/","title":{"rendered":"Vous avez des actions Orange ? Du 30 novembre au 4 d\u00e9cembre, vous choisirez vos repr\u00e9sentants au Conseil de surveillance du fonds Orange Actions"},"content":{"rendered":"\n<figure class=\"wp-block-image\"><img decoding=\"async\" src=\"https:\/\/www.cfecgc-orange.org\/documents\/images\/publication\/election_cs_orange_actions_bd_cfe-cgc_orange_et_cftc_bulle1.png\" alt=\"election cs orange actions bd cfe cgc orange et cftc bulle1\"\/><\/figure>\n\n\n\n<p>Pour tout comprendre en quelques cases, suivez nos personnages ! Ils vous disent tout sur l&rsquo;int\u00e9r\u00eat d&rsquo;acheter des actions Orange en tant que personnel du Groupe, et comment vos droits de vote en AG des actionnaires sont mis en \u0153uvre par vos repr\u00e9sentants au sein du fonds.<\/p>\n\n\n\n<p>T\u00e9l\u00e9charger le pdf : <a href=\"https:\/\/www.cfecgc-orange.org\/documents\/tracts-publications\/pdf_election_cs_orange_actions_bd_cfe-cgc_orange_et_cftc.pdf\">Election Conseil de surveillance Orange Actions 2020 &#8211; bande dessin\u00e9e<\/a><\/p>\n\n\n\n<div class=\"_df_book df-lite\" id=\"df_2855\"  _slug=\"2855\" data-title=\"elections-du-conseil-de-surveillance-orange-actions\" wpoptions=\"true\" thumb=\"https:\/\/www.adeas.org\/wp-content\/uploads\/2020\/10\/1.jpg\" thumbtype=\"\" ><\/div><script class=\"df-shortcode-script\" nowprocket type=\"application\/javascript\">window.option_df_2855 = {\"webgl\":\"false\",\"outline\":[],\"backgroundColor\":\"#FFF\",\"height\":\"auto\",\"autoEnableOutline\":\"false\",\"autoEnableThumbnail\":\"false\",\"overwritePDFOutline\":\"false\",\"direction\":\"1\",\"pageSize\":\"1\",\"pageMode\":\"1\",\"singlePageMode\":\"2\",\"controlsPosition\":\"bottom\",\"soundEnable\":\"false\",\"source\":[\"https:\\\/\\\/www.adeas.org\\\/wp-content\\\/uploads\\\/2020\\\/10\\\/1.jpg\",\"https:\\\/\\\/www.adeas.org\\\/wp-content\\\/uploads\\\/2020\\\/10\\\/2.jpg\",\"https:\\\/\\\/www.adeas.org\\\/wp-content\\\/uploads\\\/2020\\\/10\\\/3.jpg\",\"https:\\\/\\\/www.adeas.org\\\/wp-content\\\/uploads\\\/2020\\\/10\\\/4.jpg\",\"https:\\\/\\\/www.adeas.org\\\/wp-content\\\/uploads\\\/2020\\\/10\\\/5.jpg\",\"https:\\\/\\\/www.adeas.org\\\/wp-content\\\/uploads\\\/2020\\\/10\\\/6.jpg\"],\"wpOptions\":\"true\",\"links\":[[],[],[],[],[],[],[]]}; if(window.DFLIP && window.DFLIP.parseBooks){window.DFLIP.parseBooks();}<\/script>\n\n\n\n<p><a href=\"http:\/\/www.bdentreprise.com\/CFECGC_ORANGE.jpg\" data-type=\"URL\" data-id=\"http:\/\/www.bdentreprise.com\/CFECGC_ORANGE.jpg\">Lire la BD sur votre smartphone<\/a><\/p>\n\n\n\n<h3 class=\"wp-block-heading\">Tout savoir sur cette \u00e9lection<\/h3>\n\n\n\n<ul class=\"wp-block-list\"><li><a href=\"https:\/\/www.adeas.org\/index.php\/en-pratique\/election-2020-du-conseil-de-surveillance-orange-actions\/\" data-type=\"URL\" data-id=\"https:\/\/www.adeas.org\/index.php\/en-pratique\/election-2020-du-conseil-de-surveillance-orange-actions\/\">Dans la profession de foi de la Liste CFE-CGC Orange &amp; CFTC avec ADEAS<\/a>, retrouvez les positions d\u00e9fendues par nos candidats et les actions men\u00e9es par les repr\u00e9sentants CFE-CGC Orange au sein du Conseil de surveillance Orange Actions.<\/li><li>Pour recevoir nos invitations \u00e0 deux calls de d\u00e9cryptage qui vous permettront de poser toutes vos questions, <a href=\"https:\/\/www.adeas.org\/index.php\/sabonner\/\" data-type=\"URL\" data-id=\"https:\/\/www.adeas.org\/index.php\/sabonner\/\">abonnez vous d\u00e8s aujourd&rsquo;hui \u00e0 nos publications<\/a>.<\/li><li>Retrouvez nos analyses et propositions pour la strat\u00e9gie d&rsquo;Orange et toutes nos infos pratiques pour optimiser votre \u00e9pargne salariale dans nos derni\u00e8res <a href=\"https:\/\/www.adeas.org\/index.php\/category\/lettre-epargne-actionnariat-salaries\/\" data-type=\"URL\" data-id=\"https:\/\/www.adeas.org\/index.php\/category\/lettre-epargne-actionnariat-salaries\/\">Lettres de l&rsquo;\u00e9pargne et de l&rsquo;actionnariat salari\u00e9s<\/a><\/li><\/ul>\n\n\n\n<p class=\"has-background\" style=\"background-color:#ededed\">Vous pourrez suivre ici toutes nos publications \u00e0 propos de cette \u00e9lection, qui vous permettront de faire un choix \u00e9clair\u00e9 : ce sont <a href=\"https:\/\/www.cfecgc-orange.org\/202010159578\/actionnariat-2020\/a-quoi-sert-le-conseil-de-surveillan-orange-actions.html\">vos repr\u00e9sentants au Conseil de surveillance du fonds Orange Actions qui votent en votre nom chaque ann\u00e9e lors de l&rsquo;AG des actionnaires<\/a>.<\/p>\n","protected":false},"excerpt":{"rendered":"<p>Pour tout comprendre en quelques cases, suivez nos personnages ! Ils vous disent tout sur l&rsquo;int\u00e9r\u00eat d&rsquo;acheter des actions Orange en tant que personnel du Groupe, et comment vos droits de vote en AG des actionnaires sont mis en \u0153uvre par vos repr\u00e9sentants au sein du fonds. T\u00e9l\u00e9charger le pdf : Election Conseil de surveillance [&hellip;]<\/p>\n","protected":false},"author":1,"featured_media":0,"comment_status":"open","ping_status":"closed","sticky":false,"template":"","format":"standard","meta":{"_monsterinsights_skip_tracking":false,"_monsterinsights_sitenote_active":false,"_monsterinsights_sitenote_note":"","_monsterinsights_sitenote_category":0,"footnotes":""},"categories":[28,3],"tags":[11,55],"class_list":["post-2885","post","type-post","status-publish","format-standard","hentry","category-en-pratique","category-laction-de-ladeas","tag-actionnariat-salarie","tag-election"],"_links":{"self":[{"href":"https:\/\/www.adeas.org\/index.php\/wp-json\/wp\/v2\/posts\/2885","targetHints":{"allow":["GET"]}}],"collection":[{"href":"https:\/\/www.adeas.org\/index.php\/wp-json\/wp\/v2\/posts"}],"about":[{"href":"https:\/\/www.adeas.org\/index.php\/wp-json\/wp\/v2\/types\/post"}],"author":[{"embeddable":true,"href":"https:\/\/www.adeas.org\/index.php\/wp-json\/wp\/v2\/users\/1"}],"replies":[{"embeddable":true,"href":"https:\/\/www.adeas.org\/index.php\/wp-json\/wp\/v2\/comments?post=2885"}],"version-history":[{"count":7,"href":"https:\/\/www.adeas.org\/index.php\/wp-json\/wp\/v2\/posts\/2885\/revisions"}],"predecessor-version":[{"id":2902,"href":"https:\/\/www.adeas.org\/index.php\/wp-json\/wp\/v2\/posts\/2885\/revisions\/2902"}],"wp:attachment":[{"href":"https:\/\/www.adeas.org\/index.php\/wp-json\/wp\/v2\/media?parent=2885"}],"wp:term":[{"taxonomy":"category","embeddable":true,"href":"https:\/\/www.adeas.org\/index.php\/wp-json\/wp\/v2\/categories?post=2885"},{"taxonomy":"post_tag","embeddable":true,"href":"https:\/\/www.adeas.org\/index.php\/wp-json\/wp\/v2\/tags?post=2885"}],"curies":[{"name":"wp","href":"https:\/\/api.w.org\/{rel}","templated":true}]}}