{"id":2853,"date":"2020-10-13T16:33:42","date_gmt":"2020-10-13T14:33:42","guid":{"rendered":"https:\/\/www.adeas.org\/?p=2853"},"modified":"2020-10-30T10:01:46","modified_gmt":"2020-10-30T09:01:46","slug":"election-2020-du-conseil-de-surveillance-orange-actions","status":"publish","type":"post","link":"https:\/\/www.adeas.org\/index.php\/en-pratique\/election-2020-du-conseil-de-surveillance-orange-actions\/","title":{"rendered":"\u00c9lection 2020 du Conseil de surveillance Orange Actions"},"content":{"rendered":"\n<p class=\"has-luminous-vivid-orange-background-color has-background\">Si vous d\u00e9tenez des actions Orange dans le PEG Orange Actions, du 30 novembre au 4 d\u00e9cembre 2020, vous choisirez vos repr\u00e9sentants dans le Conseil de surveillance de ce fonds. <\/p>\n\n\n\n<p>Ces repr\u00e9sentants exercent en votre nom les droits associ\u00e9s aux actions : ils votent les r\u00e9solutions pr\u00e9sent\u00e9es en AG des actionnaires, et peuvent \u00e9galement proposer des r\u00e9solutions alternatives pour peser sur la strat\u00e9gie et la gouvernance du Groupe Orange.<\/p>\n\n\n\n<p>Vos repr\u00e9sentants CFE-CGC Orange &amp; ADEAS p\u00e8sent \u00e9galement pour faire monter la part de capital d\u00e9tenue par les personnels d&rsquo;Orange, pour que leur voix soit prise en compte dans les d\u00e9cisions strat\u00e9giques qui nous concernent tous, et qui peuvent \u00eatre de grande importance, si par exemple des op\u00e9rations de rapprochement avec un autre op\u00e9rateur \u00e9taient envisag\u00e9es dans le futur.<\/p>\n\n\n\n<p>Pour cette \u00e9lection, nous avons choisi de nous associer avec la C.F.T.C. Orange. Nous vous proposons de d\u00e9couvrir, en avant premi\u00e8re, notre profession de foi commune et nos candidats &amp; candidates pour cette \u00e9lection.<\/p>\n\n\n\n<p>Dans les prochaines semaines, vous retrouverez dans ces pages toutes nos explications sur les missions du Conseil de surveillance et les engagements des candidats de la liste <strong>CFE- CGC Orange &amp; CFTC avec ADEAS<\/strong>. <\/p>\n\n\n\n<p>Si vous souhaitez \u00eatre invit\u00e9s \u00e0 nos calls de d\u00e9cryptage, <a href=\"https:\/\/www.adeas.org\/index.php\/sabonner\/\">abonnez-vous gratuitement \u00e0 nos publications<\/a>.<\/p>\n\n\n\n<div class=\"_df_book df-lite\" id=\"df_2871\"  _slug=\"profession-de-foi\" data-title=\"profession-de-foi-cs-oa-2020\" wpoptions=\"true\" thumbtype=\"\" ><\/div><script class=\"df-shortcode-script\" nowprocket type=\"application\/javascript\">window.option_df_2871 = {\"webgl\":\"false\",\"outline\":[],\"backgroundColor\":\"#FFF\",\"autoEnableOutline\":\"false\",\"autoEnableThumbnail\":\"false\",\"overwritePDFOutline\":\"false\",\"direction\":\"1\",\"pageSize\":\"1\",\"pageMode\":\"1\",\"singlePageMode\":\"2\",\"controlsPosition\":\"bottom\",\"soundEnable\":\"false\",\"source\":\"https:\\\/\\\/www.adeas.org\\\/wp-content\\\/uploads\\\/2020\\\/10\\\/E\\u0301lection-du-Conseil-de-Surveillance-Orange-Actions_Profession-de-foi-CFE-CGC-Orange-et-CFTC.pdf\",\"wpOptions\":\"true\"}; if(window.DFLIP && window.DFLIP.parseBooks){window.DFLIP.parseBooks();}<\/script>\n\n\n\n<p>T\u00e9l\u00e9charger le pdf : <a href=\"https:\/\/www.cfecgc-orange.org\/documents\/votre-syndicat\/elections\/elections_conseil_surveillance_2020\/lection_du_conseil_de_surveillance_orange_actions_profession_de_foi_cfe-cgc_orange_et_cftc_modif.pdf\">Profession de foi_elections_conseil_surveillance_2020.pdf<\/a><\/p>\n","protected":false},"excerpt":{"rendered":"<p>Si vous d\u00e9tenez des actions Orange dans le PEG Orange Actions, du 30 novembre au 4 d\u00e9cembre 2020, vous choisirez vos repr\u00e9sentants dans le Conseil de surveillance de ce fonds. Ces repr\u00e9sentants exercent en votre nom les droits associ\u00e9s aux actions : ils votent les r\u00e9solutions pr\u00e9sent\u00e9es en AG des actionnaires, et peuvent \u00e9galement proposer [&hellip;]<\/p>\n","protected":false},"author":1,"featured_media":0,"comment_status":"open","ping_status":"closed","sticky":false,"template":"","format":"standard","meta":{"_monsterinsights_skip_tracking":false,"_monsterinsights_sitenote_active":false,"_monsterinsights_sitenote_note":"","_monsterinsights_sitenote_category":0,"footnotes":""},"categories":[28],"tags":[11,55],"class_list":["post-2853","post","type-post","status-publish","format-standard","hentry","category-en-pratique","tag-actionnariat-salarie","tag-election"],"_links":{"self":[{"href":"https:\/\/www.adeas.org\/index.php\/wp-json\/wp\/v2\/posts\/2853","targetHints":{"allow":["GET"]}}],"collection":[{"href":"https:\/\/www.adeas.org\/index.php\/wp-json\/wp\/v2\/posts"}],"about":[{"href":"https:\/\/www.adeas.org\/index.php\/wp-json\/wp\/v2\/types\/post"}],"author":[{"embeddable":true,"href":"https:\/\/www.adeas.org\/index.php\/wp-json\/wp\/v2\/users\/1"}],"replies":[{"embeddable":true,"href":"https:\/\/www.adeas.org\/index.php\/wp-json\/wp\/v2\/comments?post=2853"}],"version-history":[{"count":7,"href":"https:\/\/www.adeas.org\/index.php\/wp-json\/wp\/v2\/posts\/2853\/revisions"}],"predecessor-version":[{"id":2884,"href":"https:\/\/www.adeas.org\/index.php\/wp-json\/wp\/v2\/posts\/2853\/revisions\/2884"}],"wp:attachment":[{"href":"https:\/\/www.adeas.org\/index.php\/wp-json\/wp\/v2\/media?parent=2853"}],"wp:term":[{"taxonomy":"category","embeddable":true,"href":"https:\/\/www.adeas.org\/index.php\/wp-json\/wp\/v2\/categories?post=2853"},{"taxonomy":"post_tag","embeddable":true,"href":"https:\/\/www.adeas.org\/index.php\/wp-json\/wp\/v2\/tags?post=2853"}],"curies":[{"name":"wp","href":"https:\/\/api.w.org\/{rel}","templated":true}]}}