{"id":285,"date":"2010-05-28T20:16:29","date_gmt":"2010-05-28T18:16:29","guid":{"rendered":"http:\/\/www.adeas.org\/?p=285"},"modified":"2013-05-16T18:59:11","modified_gmt":"2013-05-16T16:59:11","slug":"comment-une-os-devenue-non-representative-trahit-les-salaries-en-catimini","status":"publish","type":"post","link":"https:\/\/www.adeas.org\/index.php\/nos-analyses\/comment-une-os-devenue-non-representative-trahit-les-salaries-en-catimini\/","title":{"rendered":"La repr\u00e9sentation des salari\u00e9s actionnaires\u2026 ou comment une OS devenue non repr\u00e9sentative trahit les salari\u00e9s en catimini"},"content":{"rendered":"<h2>Comment les salari\u00e9s actionnaires sont-ils repr\u00e9sent\u00e9s\u00a0?<\/h2>\n<p>Les salari\u00e9s du Groupe poss\u00e8dent 4% des actions France T\u00e9l\u00e9com.<\/p>\n<p>Suite \u00e0 la distribution par l\u2019entreprise de 10 millions d\u2019actions gratuites \u00e0 100\u00a0000 personnes (op\u00e9ration NExT Reward), la plupart des salari\u00e9s poss\u00e8dent des actions \u00ab\u00a0au nominatif pur\u00a0\u00bb ce qui leur permet d\u2019exercer directement leurs droits de vote en Assembl\u00e9e G\u00e9n\u00e9rale des Actionnaires (nous y reviendrons en d\u00e9tail dans une prochaine communication).<\/p>\n<p>La majeure partie des actions du personnel est cependant plac\u00e9e dans le PEG (Plan \u00c9pargne Groupe), via les fonds France T\u00e9l\u00e9com Actions et Evolutis<a href=\"#_ftn1\">[1]<\/a>, qui rassemblent environ 2 milliards d\u2019euros.<\/p>\n<p>Chacun de ces fonds est dot\u00e9 d\u2019un Conseil de Surveillance, compos\u00e9 \u00e0 parit\u00e9 de membres de la Direction et des repr\u00e9sentants d\u00e9sign\u00e9s par les organisations syndicales, et pr\u00e9sid\u00e9 par l\u2019un des repr\u00e9sentants syndicaux. La Direction dispose de 50% des voix, chaque OS d\u2019une voix.<\/p>\n<p>Ces Conseils de Surveillance d\u00e9signent deux candidats au poste de repr\u00e9sentant des salari\u00e9s actionnaires au Conseil d\u2019Administration de France T\u00e9l\u00e9com, un seul \u00e9tant valid\u00e9 en Assembl\u00e9e G\u00e9n\u00e9rale des actionnaires. Il y a donc 4 repr\u00e9sentants des salari\u00e9s au Conseil d\u2019Administration, 1 cadre et 2 non cadres ayant \u00e9t\u00e9 \u00e9lus en octobre 2009 directement par le personnel<\/p>\n<h2>Petits arrangements entre amis<\/h2>\n<p>Sans entrer dans les d\u00e9tails, il faut savoir que la Direction de l\u2019entreprise a modifi\u00e9 les conditions d\u2019\u00e9ligibilit\u00e9 au titre de repr\u00e9sentant des salari\u00e9s actionnaires, quelques jours avant le vote des Conseils de Surveillance. Certainement pour faciliter la d\u00e9signation du candidat de la CFTC, Marc Maouche, qui a recueilli toutes les voix de la Direction, et dont la nomination d\u00e9finitive sera propos\u00e9e \u00e0 l\u2019Assembl\u00e9e G\u00e9n\u00e9rale des actionnaires du 9 juin prochain.<\/p>\n<p>Le maintien de la pr\u00e9sence de la CFTC au Conseil de Surveillance des fonds est d\u00e9j\u00e0 peu orthodoxe\u00a0: avec 7% des voix, cette organisation syndicale n\u2019est plus repr\u00e9sentative sur le p\u00e9rim\u00e8tre du Groupe France T\u00e9l\u00e9com et n\u2019a donc plus le droit de si\u00e9ger dans les Conseils de Surveillance des fonds<\/p>\n<h2>Le vote d\u2019une seule OS, contraire \u00e0 l\u2019int\u00e9r\u00eat collectif des personnels, constituera la position officielle des salari\u00e9s actionnaires<\/h2>\n<p>Mais ce n\u2019est pas tout. Lors du Conseil de surveillance suivant, l\u2019ordre du jour comportait le vote des salari\u00e9s actionnaires sur les <a href=\"http:\/\/www.orange.com\/fr_FR\/finance\/ag\/ag090610\/att00014793\/WEB_AVC_FR_RESO.pdf\">r\u00e9solutions qui seront pr\u00e9sent\u00e9es en Assembl\u00e9e G\u00e9n\u00e9rale<\/a>, le 9 juin prochain.<\/p>\n<p>Deux r\u00e9solutions m\u00e9ritent une attention particuli\u00e8re\u00a0:<\/p>\n<ul>\n<li>Celle qui propose le versement d\u2019un <strong>dividende de 1,40 euros<\/strong> aux actionnaires, soit davantage que les b\u00e9n\u00e9fices consolid\u00e9s du Groupe, et alors m\u00eame que les comptes r\u00e9v\u00e8lent une perte comptable.<\/li>\n<\/ul>\n<p><strong>Vote de la Direction\u00a0: pour.<br \/>\nVote de la CFTC, repr\u00e9sent\u00e9e par Marc Maouche\u00a0: pour.<br \/>\nVote de toutes les autres OS\u00a0: contre.<\/strong><\/p>\n<ul>\n<li>Celle qui permet le versement discr\u00e9tionnaire de <strong>26 millions de stock-options<\/strong> \u00e0 certains cadres sup\u00e9rieurs.<\/li>\n<\/ul>\n<p><strong>Vote de la Direction\u00a0: pour.<br \/>\nVote de la CFTC, repr\u00e9sent\u00e9e par Marc Maouche\u00a0: pour.<br \/>\nToutes les autres OS qui se sont exprim\u00e9es ont vot\u00e9 contre, dont bien s\u00fbr la CFE-CGC\/UNSA.<\/strong><\/p>\n<p><span style=\"color: #ff6600;\"><strong>Le r\u00e9sultat le 9 juin sera que les salari\u00e9s actionnaires soutiendront le versement de 3,65 milliards de dividendes et approuveront publiquement l\u2019attribution de stocks options \u00e0 quelques privil\u00e9gi\u00e9s\u2026 Deux r\u00e9solutions, qui rappelons le d\u00e9voient le management de l\u2019entreprise, et sont condamn\u00e9es par la majorit\u00e9 des personnels.<\/strong><\/span><\/p>\n<p>La perspective de toucher 60\u00a0000 euros de jetons de pr\u00e9sence par an (qui seront vers\u00e9s \u00e0 Marc Maouche \u00e0 compter de son \u00e9lection par l\u2019AG au poste de membre du CA en tant que repr\u00e9sentant des salari\u00e9s actionnaires) suffit-elle pour trahir l\u2019ensemble des salari\u00e9s\u00a0?<\/p>\n<p>L\u2019an dernier, la CFE-CGC\/UNSA avait tr\u00e8s vivement critiqu\u00e9 l\u2019attitude de la CFDT, sur la question des jetons de pr\u00e9sence et le vote de ses repr\u00e9sentants en faveur des dividendes propos\u00e9s par la Direction. Depuis, la CFDT ne soutient plus la Direction lors des votes publics qui engagent le devenir de France T\u00e9l\u00e9com<\/p>\n<p>Cette ann\u00e9e, la Direction s\u2019est donc trouv\u00e9 un nouvel alli\u00e9, qu\u2019elle maintient dans les Conseils de Surveillance, au m\u00e9pris du droit, et du vote des salari\u00e9s lors des derni\u00e8res \u00e9lections d\u00e9finissant la repr\u00e9sentativit\u00e9 des organisations syndicales.<\/p>\n<p>Alors que l\u2019entreprise doit se reconstruire, ces collusions d\u2019un autre \u00e2ge doivent \u00eatre d\u00e9nonc\u00e9es. La CFE-CGC\/UNSA mettra tout en \u0153uvre pour qu\u2019elles cessent.<\/p>\n<p>Encore faut-il que toutes les organisations syndicales soient responsables et loyales\u2026 et que la Direction respecte le droit. Une utopie\u00a0?<\/p>\n<hr size=\"1\" \/>\n<p><a href=\"#_ftnref1\">[1]<\/a> Compos\u00e9 d\u2019obligations et d\u2019actions du CAC40<\/p>\n","protected":false},"excerpt":{"rendered":"<p>Comment les salari\u00e9s actionnaires sont-ils repr\u00e9sent\u00e9s\u00a0? Les salari\u00e9s du Groupe poss\u00e8dent 4% des actions France T\u00e9l\u00e9com. Suite \u00e0 la distribution par l\u2019entreprise de 10 millions d\u2019actions gratuites \u00e0 100\u00a0000 personnes (op\u00e9ration NExT Reward), la plupart des salari\u00e9s poss\u00e8dent des actions \u00ab\u00a0au nominatif pur\u00a0\u00bb ce qui leur permet d\u2019exercer directement leurs droits de vote en Assembl\u00e9e [&hellip;]<\/p>\n","protected":false},"author":3,"featured_media":0,"comment_status":"open","ping_status":"closed","sticky":false,"template":"","format":"standard","meta":{"_monsterinsights_skip_tracking":false,"_monsterinsights_sitenote_active":false,"_monsterinsights_sitenote_note":"","_monsterinsights_sitenote_category":0,"footnotes":""},"categories":[25],"tags":[11],"class_list":["post-285","post","type-post","status-publish","format-standard","hentry","category-nos-analyses","tag-actionnariat-salarie"],"_links":{"self":[{"href":"https:\/\/www.adeas.org\/index.php\/wp-json\/wp\/v2\/posts\/285","targetHints":{"allow":["GET"]}}],"collection":[{"href":"https:\/\/www.adeas.org\/index.php\/wp-json\/wp\/v2\/posts"}],"about":[{"href":"https:\/\/www.adeas.org\/index.php\/wp-json\/wp\/v2\/types\/post"}],"author":[{"embeddable":true,"href":"https:\/\/www.adeas.org\/index.php\/wp-json\/wp\/v2\/users\/3"}],"replies":[{"embeddable":true,"href":"https:\/\/www.adeas.org\/index.php\/wp-json\/wp\/v2\/comments?post=285"}],"version-history":[{"count":6,"href":"https:\/\/www.adeas.org\/index.php\/wp-json\/wp\/v2\/posts\/285\/revisions"}],"predecessor-version":[{"id":288,"href":"https:\/\/www.adeas.org\/index.php\/wp-json\/wp\/v2\/posts\/285\/revisions\/288"}],"wp:attachment":[{"href":"https:\/\/www.adeas.org\/index.php\/wp-json\/wp\/v2\/media?parent=285"}],"wp:term":[{"taxonomy":"category","embeddable":true,"href":"https:\/\/www.adeas.org\/index.php\/wp-json\/wp\/v2\/categories?post=285"},{"taxonomy":"post_tag","embeddable":true,"href":"https:\/\/www.adeas.org\/index.php\/wp-json\/wp\/v2\/tags?post=285"}],"curies":[{"name":"wp","href":"https:\/\/api.w.org\/{rel}","templated":true}]}}