{"id":2775,"date":"2020-09-11T17:21:57","date_gmt":"2020-09-11T15:21:57","guid":{"rendered":"https:\/\/www.adeas.org\/?p=2775"},"modified":"2020-09-11T18:29:01","modified_gmt":"2020-09-11T16:29:01","slug":"patrick-drahi-pret-a-racheter-le-solde-daltice-europe-et-a-le-retirer-de-la-bourse","status":"publish","type":"post","link":"https:\/\/www.adeas.org\/index.php\/revue-de-web\/patrick-drahi-pret-a-racheter-le-solde-daltice-europe-et-a-le-retirer-de-la-bourse\/","title":{"rendered":"Patrick Drahi, pr\u00eat \u00e0 racheter le solde d&rsquo;Altice Europe et \u00e0 le retirer de la Bourse"},"content":{"rendered":"\n<figure class=\"wp-block-image size-large\"><img loading=\"lazy\" decoding=\"async\" width=\"640\" height=\"360\" src=\"https:\/\/www.adeas.org\/wp-content\/uploads\/2020\/09\/telephone-1541396_640.jpg\" alt=\"\" class=\"wp-image-2778\" srcset=\"https:\/\/www.adeas.org\/wp-content\/uploads\/2020\/09\/telephone-1541396_640.jpg 640w, https:\/\/www.adeas.org\/wp-content\/uploads\/2020\/09\/telephone-1541396_640-500x281.jpg 500w\" sizes=\"auto, (max-width: 640px) 100vw, 640px\" \/><figcaption>Image <a href=\"https:\/\/pixabay.com\/fr\/users\/MikesPhotos-1860391\/?utm_source=link-attribution&amp;utm_medium=referral&amp;utm_campaign=image&amp;utm_content=1541396\">MikesPhotos<\/a> via <a href=\"https:\/\/pixabay.com\/fr\/?utm_source=link-attribution&amp;utm_medium=referral&amp;utm_campaign=image&amp;utm_content=1541396\">Pixabay<\/a><\/figcaption><\/figure>\n\n\n\n<blockquote class=\"wp-block-quote is-layout-flow wp-block-quote-is-layout-flow\"><p>Le PDG-fondateur va racheter le solde du capital de son groupe Altice Europe pour environ 2,5 milliards d&rsquo;euros. Patrick Drahi pr\u00e9voit ensuite de retirer le groupe de la Bourse.<\/p><p>[&#8230;]<\/p><p>En faisant d&rsquo;Altice Europe un groupe 100 % priv\u00e9, Patrick Drahi acte une rupture avec les march\u00e9s qui, selon lui, ne valorisent pas suffisamment son empire des t\u00e9l\u00e9coms et des m\u00e9dias.<\/p><cite>A lire dans <a href=\"https:\/\/www.lesechos.fr\/tech-medias\/hightech\/patrick-drahi-pret-a-racheter-le-solde-daltice-europe-et-a-le-retirer-de-la-bourse-1241584\" data-type=\"URL\" data-id=\"https:\/\/www.lesechos.fr\/tech-medias\/hightech\/patrick-drahi-pret-a-racheter-le-solde-daltice-europe-et-a-le-retirer-de-la-bourse-1241584\">Les \u00c9chos<\/a> du 14\/09\/2020<\/cite><\/blockquote>\n\n\n\n<h3 class=\"wp-block-heading\">Nos commentaires : <\/h3>\n\n\n\n<p>Le constat sur la mauvaise valorisation des activit\u00e9s t\u00e9l\u00e9coms en Bourse est partag\u00e9 par St\u00e9phane Richard dans son <a href=\"https:\/\/www.bloomberg.com\/news\/articles\/2020-08-31\/orange-ceo-pledges-to-boost-dividend-with-focus-on-cost-cuts\">interview \u00e0 Bloomberg<\/a>&#8230; mais les solutions envisag\u00e9es sont radicalement diff\u00e9rentes : l&rsquo;un envisage de se lib\u00e9rer int\u00e9gralement du joug des march\u00e9s en retirant son entreprise de la cotation (et les arguments ont du sens), l&rsquo;autre pr\u00e9voit au contraire de s&rsquo;y assujettir davantage, en renfor\u00e7ant le niveau du dividende, au d\u00e9triment de l&#8217;emploi&#8230; <\/p>\n\n\n\n<p>Comme vous pourrez le lire d\u00e8s la semaine prochaine dans notre <em>Lettre de l\u2019\u00c9pargne et de l&rsquo;Actionnariat salari\u00e9s<\/em>, augmenter le dividende ne fera qu&rsquo;affaiblir la valeur patrimoniale d&rsquo;Orange, et continuera d&rsquo;entra\u00eener le cours de l&rsquo;action vers le bas. Quant \u00e0 la r\u00e9duction des effectifs, inutile de dire que cette simple annonce coupe les jambes aux \u00e9quipes, qui pourtant souhaitent toutes s&rsquo;investir dans le d\u00e9veloppement de notre entreprise et rattraper le business qui n&rsquo;a pas pu \u00eatre r\u00e9alis\u00e9 pendant la p\u00e9riode de confinement . <\/p>\n\n\n\n<p>Pour une fois, on pr\u00e9f\u00e8rerait presque avoir le PDG de SFR&#8230;<\/p>\n","protected":false},"excerpt":{"rendered":"<p>Le PDG-fondateur va racheter le solde du capital de son groupe Altice Europe pour environ 2,5 milliards d&rsquo;euros. Patrick Drahi pr\u00e9voit ensuite de retirer le groupe de la Bourse. [&#8230;] En faisant d&rsquo;Altice Europe un groupe 100 % priv\u00e9, Patrick Drahi acte une rupture avec les march\u00e9s qui, selon lui, ne valorisent pas suffisamment son [&hellip;]<\/p>\n","protected":false},"author":1,"featured_media":0,"comment_status":"open","ping_status":"closed","sticky":false,"template":"","format":"standard","meta":{"_monsterinsights_skip_tracking":false,"_monsterinsights_sitenote_active":false,"_monsterinsights_sitenote_note":"","_monsterinsights_sitenote_category":0,"footnotes":""},"categories":[8],"tags":[22,21,48],"class_list":["post-2775","post","type-post","status-publish","format-standard","hentry","category-revue-de-web","tag-actionnariat","tag-bourse","tag-gouvernance"],"_links":{"self":[{"href":"https:\/\/www.adeas.org\/index.php\/wp-json\/wp\/v2\/posts\/2775","targetHints":{"allow":["GET"]}}],"collection":[{"href":"https:\/\/www.adeas.org\/index.php\/wp-json\/wp\/v2\/posts"}],"about":[{"href":"https:\/\/www.adeas.org\/index.php\/wp-json\/wp\/v2\/types\/post"}],"author":[{"embeddable":true,"href":"https:\/\/www.adeas.org\/index.php\/wp-json\/wp\/v2\/users\/1"}],"replies":[{"embeddable":true,"href":"https:\/\/www.adeas.org\/index.php\/wp-json\/wp\/v2\/comments?post=2775"}],"version-history":[{"count":5,"href":"https:\/\/www.adeas.org\/index.php\/wp-json\/wp\/v2\/posts\/2775\/revisions"}],"predecessor-version":[{"id":2781,"href":"https:\/\/www.adeas.org\/index.php\/wp-json\/wp\/v2\/posts\/2775\/revisions\/2781"}],"wp:attachment":[{"href":"https:\/\/www.adeas.org\/index.php\/wp-json\/wp\/v2\/media?parent=2775"}],"wp:term":[{"taxonomy":"category","embeddable":true,"href":"https:\/\/www.adeas.org\/index.php\/wp-json\/wp\/v2\/categories?post=2775"},{"taxonomy":"post_tag","embeddable":true,"href":"https:\/\/www.adeas.org\/index.php\/wp-json\/wp\/v2\/tags?post=2775"}],"curies":[{"name":"wp","href":"https:\/\/api.w.org\/{rel}","templated":true}]}}