{"id":2743,"date":"2020-07-28T12:13:16","date_gmt":"2020-07-28T10:13:16","guid":{"rendered":"https:\/\/www.adeas.org\/?p=2743"},"modified":"2020-07-28T12:16:35","modified_gmt":"2020-07-28T10:16:35","slug":"remuneration-des-dirigeants-la-transparence-ne-fait-pas-tout","status":"publish","type":"post","link":"https:\/\/www.adeas.org\/index.php\/laction-de-ladeas\/remuneration-des-dirigeants-la-transparence-ne-fait-pas-tout\/","title":{"rendered":"R\u00e9mun\u00e9ration des dirigeants : la transparence ne fait pas tout"},"content":{"rendered":"\n<figure class=\"wp-block-image size-large\"><img loading=\"lazy\" decoding=\"async\" width=\"640\" height=\"384\" src=\"https:\/\/www.adeas.org\/wp-content\/uploads\/2020\/07\/balance-2108022_640.jpg\" alt=\"\" class=\"wp-image-2744\" srcset=\"https:\/\/www.adeas.org\/wp-content\/uploads\/2020\/07\/balance-2108022_640.jpg 640w, https:\/\/www.adeas.org\/wp-content\/uploads\/2020\/07\/balance-2108022_640-500x300.jpg 500w\" sizes=\"auto, (max-width: 640px) 100vw, 640px\" \/><figcaption><em>Image <a href=\"https:\/\/pixabay.com\/fr\/users\/Mediamodifier-1567646\/?utm_source=link-attribution&amp;utm_medium=referral&amp;utm_campaign=image&amp;utm_content=2108022\">Mediamodifier<\/a> via <a href=\"https:\/\/pixabay.com\/fr\/?utm_source=link-attribution&amp;utm_medium=referral&amp;utm_campaign=image&amp;utm_content=2108022\">Pixabay<\/a><\/em><\/figcaption><\/figure>\n\n\n\n<blockquote class=\"wp-block-quote is-layout-flow wp-block-quote-is-layout-flow\"><p>Pour la premi\u00e8re fois, les entreprises cot\u00e9es doivent publier dans leurs <a href=\"https:\/\/www.amf-france.org\/fr\/actualites-publications\/actualites\/du-document-de-reference-au-document-denregistrement-universel-ou-urd-lamf-attire-lattention-des\">documents d\u2019enregistrement universel<\/a> un ratio d\u2019\u00e9quit\u00e9. Il s\u2019agit d\u2019une <a href=\"https:\/\/www.legifrance.gouv.fr\/affichTexteArticle.do?idArticle=JORFARTI000038496260&amp;cidTexte=JORFTEXT000038496102&amp;categorieLien=id\">exigence de la loi Pacte<\/a>.<\/p><\/blockquote>\n\n\n\n<blockquote class=\"wp-block-quote is-layout-flow wp-block-quote-is-layout-flow\"><p>Le ratio d\u2019\u00e9quit\u00e9 appr\u00e9cie l\u2019\u00e9cart entre la r\u00e9mun\u00e9ration de chaque dirigeant et le salaire (moyen et m\u00e9dian) des salari\u00e9s \u00e0 temps plein de son entreprise. Il est pr\u00e9vu un suivi de l\u2019\u00e9volution de ce ratio au cours des cinq derniers exercices et sa mise en perspective avec la performance financi\u00e8re de la soci\u00e9t\u00e9. Ces comparaisons renseignent sur la dynamique du partage de la cr\u00e9ation de valeur entre le dirigeant et les salari\u00e9s.<\/p><cite>Article de <a href=\"https:\/\/theconversation.com\/profiles\/mohamed-khenissi-496656\">Mohamed Khenissi<\/a> et <a href=\"https:\/\/theconversation.com\/profiles\/vanessa-serret-581575\">Vanessa SERRET<\/a>, \u00e0 lire dans <a href=\"https:\/\/theconversation.com\/remuneration-des-dirigeants-la-transparence-ne-fait-pas-tout-143123?utm_medium=email&amp;utm_campaign=La%20lettre%20de%20The%20Conversation%20France%20du%2028%20juillet%202020%20-%201688716293&amp;utm_content=La%20lettre%20de%20The%20Conversation%20France%20du%2028%20juillet%202020%20-%201688716293+CID_7c6568a1aa253d2685ac30649f207eef&amp;utm_source=campaign_monitor_fr&amp;utm_term=Rmunration%20des%20dirigeants%20%20la%20transparence%20ne%20fait%20pas%20tout\">The Conversation<\/a> &#8211; 27 juillet 2020<\/cite><\/blockquote>\n\n\n\n<h2 class=\"wp-block-heading\">Qu&rsquo;en est-il chez Orange ? <\/h2>\n\n\n\n<p>L&rsquo;article fait mention du ratio d&rsquo;\u00e9quit\u00e9 chez Orange : <\/p>\n\n\n\n<blockquote class=\"wp-block-quote is-layout-flow wp-block-quote-is-layout-flow\"><p>Notons \u00e9galement que pour les deux soci\u00e9t\u00e9s publiques appartenant \u00e0 l\u2019indice boursier du CAC 40, le ratio d\u2019\u00e9quit\u00e9 d\u00e9passe le plafond de 20 (35&nbsp;pour Engie et 38&nbsp;pour Orange) fix\u00e9 par le <a href=\"https:\/\/www.challenges.fr\/economie\/entreprises-publiques-le-salaire-pas-plafonne-pour-tout-le-monde_1652\">d\u00e9cret n\u00b0 2012-915 du 26&nbsp;juillet 2012<\/a>, relatif au contr\u00f4le de l\u2019\u00c9tat sur les r\u00e9mun\u00e9rations des dirigeants d\u2019entreprises publiques.<\/p><\/blockquote>\n\n\n\n<p>Vous pouvez le retrouver, in extenso, pages 366 et 367 du document d&rsquo;enregistrement universel (DEU) de 2019, publi\u00e9 sur <a href=\"https:\/\/www.orange.com\/fr\/content\/download\/54195\/1485399\/version\/2\/file\/ORANGE_DEU_2019_VF.pdf\">Orange.com<\/a>. On peut y constater que, pour le PDG au moins, le ratio tend \u00e0 augmenter au fil du temps, creusant un \u00e9cart de plus en plus important avec la r\u00e9tribution moyenne et m\u00e9diane de l&rsquo;ensemble des personnels de la maison m\u00e8re en France (base de r\u00e9f\u00e9rence qui tend \u00e0 minimiser le ratio, les personnels de la maison m\u00e8re \u00e9tant en moyenne mieux r\u00e9tribu\u00e9s que ceux des filiales fran\u00e7aises et \u00e9trang\u00e8res).<\/p>\n\n\n\n<p>Les auteurs de l&rsquo;article soulignent \u00e0 juste titre que, comme tout indicateur, ce ratio peut avoir des effets inverses au but recherch\u00e9 : la publicit\u00e9 sur les r\u00e9tributions des dirigeants tend, au fil du temps, \u00e0 augmenter plut\u00f4t qu&rsquo;\u00e0 diminuer celles-ci, par le jeu d&rsquo;un alignement vers le haut et de la concurrence internationale qui existe sur le \u00ab\u00a0march\u00e9\u00a0\u00bb des dirigeants d&rsquo;entreprises. <\/p>\n\n\n\n<p>Notons enfin que si l\u2019\u00c9tat affiche des plafonds d&rsquo;\u00e9quit\u00e9 pour les dirigeants des entreprises dont il est significativement actionnaire, comme c&rsquo;est le cas d&rsquo;Orange, le ratio de 20 n&rsquo;est pas impos\u00e9, <a href=\"https:\/\/www.challenges.fr\/economie\/entreprises-publiques-le-salaire-pas-plafonne-pour-tout-le-monde_1652\">en d\u00e9pit de ce qui avait \u00e9t\u00e9 annonc\u00e9 lors de sa mise en place.<\/a>.. et donc pas respect\u00e9. Un  pur effet d&rsquo;affichage donc&#8230;<\/p>\n\n\n\n<h3 class=\"wp-block-heading\">Le r\u00f4le de l&rsquo;actionnariat salari\u00e9s dans la r\u00e9tribution des dirigeants<\/h3>\n\n\n\n<p>La r\u00e9tribution des dirigeants fait partie des sujets sur lesquels s&rsquo;exprime le Conseil de Surveillance du fonds Orange Actions au moment du <a href=\"https:\/\/www.adeas.org\/index.php\/laction-de-ladeas\/ag-des-actionnaires-orange-2020-participer-et-voter-a-distance\/\">vote des r\u00e9solutions en AG des actionnaires<\/a>. Cette ann\u00e9e encore, il a vot\u00e9 contre la r\u00e9tribution des dirigeants mandataire sociaux, en raison notamment des \u00e9carts qui se creusent avec le reste des personnels, y compris en mati\u00e8re d&rsquo;acc\u00e8s privil\u00e9gi\u00e9 aux actions de l&rsquo;entreprise. Sur ce dernier sujet, <a href=\"https:\/\/www.adeas.org\/index.php\/laction-de-ladeas\/blackrock-monte-au-capital-dorange-la-cfe-cgc-et-ladeas-demandent-lorganisation-dune-offre-reservee-aux-personnels\/\">la CFE-CGC Orange et l&rsquo;ADEAS ont \u00e9crit au PDG d&rsquo;Orange<\/a> pour lui demander, sans plus attendre, d&rsquo;organiser une Offre r\u00e9serv\u00e9e aux personnels (ORP). Avoir plus d&rsquo;actions Orange entre les mains des personnels sera aussi l&rsquo;occasion de peser davantage pour limiter la d\u00e9rive des \u00e9carts de r\u00e9tribution entre les personnels et les dirigeants.<\/p>\n\n\n\n<p class=\"has-background has-very-light-gray-background-color\">Fin novembre prochain, vous choisirez vos nouveaux repr\u00e9sentants au Conseil de surveillance du fonds Orange Actions. L&rsquo;expertise et l&rsquo;activisme de vos repr\u00e9sentants dans ce fonds sont d\u00e9terminants pour am\u00e9liorer l&rsquo;\u00e9quit\u00e9 entre dirigeants et personnels, tout comme pour orienter l&rsquo;entreprise vers une strat\u00e9gie de d\u00e9veloppement durable et porteuse d&#8217;emplois. <\/p>\n","protected":false},"excerpt":{"rendered":"<p>Pour la premi\u00e8re fois, les entreprises cot\u00e9es doivent publier dans leurs documents d\u2019enregistrement universel un ratio d\u2019\u00e9quit\u00e9. Il s\u2019agit d\u2019une exigence de la loi Pacte. Le ratio d\u2019\u00e9quit\u00e9 appr\u00e9cie l\u2019\u00e9cart entre la r\u00e9mun\u00e9ration de chaque dirigeant et le salaire (moyen et m\u00e9dian) des salari\u00e9s \u00e0 temps plein de son entreprise. Il est pr\u00e9vu un suivi [&hellip;]<\/p>\n","protected":false},"author":1,"featured_media":0,"comment_status":"open","ping_status":"closed","sticky":false,"template":"","format":"standard","meta":{"_monsterinsights_skip_tracking":false,"_monsterinsights_sitenote_active":false,"_monsterinsights_sitenote_note":"","_monsterinsights_sitenote_category":0,"footnotes":""},"categories":[3,8],"tags":[48,73],"class_list":["post-2743","post","type-post","status-publish","format-standard","hentry","category-laction-de-ladeas","category-revue-de-web","tag-gouvernance","tag-retributions"],"_links":{"self":[{"href":"https:\/\/www.adeas.org\/index.php\/wp-json\/wp\/v2\/posts\/2743","targetHints":{"allow":["GET"]}}],"collection":[{"href":"https:\/\/www.adeas.org\/index.php\/wp-json\/wp\/v2\/posts"}],"about":[{"href":"https:\/\/www.adeas.org\/index.php\/wp-json\/wp\/v2\/types\/post"}],"author":[{"embeddable":true,"href":"https:\/\/www.adeas.org\/index.php\/wp-json\/wp\/v2\/users\/1"}],"replies":[{"embeddable":true,"href":"https:\/\/www.adeas.org\/index.php\/wp-json\/wp\/v2\/comments?post=2743"}],"version-history":[{"count":2,"href":"https:\/\/www.adeas.org\/index.php\/wp-json\/wp\/v2\/posts\/2743\/revisions"}],"predecessor-version":[{"id":2746,"href":"https:\/\/www.adeas.org\/index.php\/wp-json\/wp\/v2\/posts\/2743\/revisions\/2746"}],"wp:attachment":[{"href":"https:\/\/www.adeas.org\/index.php\/wp-json\/wp\/v2\/media?parent=2743"}],"wp:term":[{"taxonomy":"category","embeddable":true,"href":"https:\/\/www.adeas.org\/index.php\/wp-json\/wp\/v2\/categories?post=2743"},{"taxonomy":"post_tag","embeddable":true,"href":"https:\/\/www.adeas.org\/index.php\/wp-json\/wp\/v2\/tags?post=2743"}],"curies":[{"name":"wp","href":"https:\/\/api.w.org\/{rel}","templated":true}]}}