{"id":2707,"date":"2020-07-20T16:03:00","date_gmt":"2020-07-20T14:03:00","guid":{"rendered":"https:\/\/www.adeas.org\/?p=2707"},"modified":"2020-07-29T15:55:58","modified_gmt":"2020-07-29T13:55:58","slug":"relance-de-leconomie-le-senat-vote-le-deblocage-de-lepargne-salariale","status":"publish","type":"post","link":"https:\/\/www.adeas.org\/index.php\/revue-de-web\/relance-de-leconomie-le-senat-vote-le-deblocage-de-lepargne-salariale\/","title":{"rendered":"Relance de l\u2019\u00e9conomie : le S\u00e9nat vote le d\u00e9blocage de l\u2019\u00e9pargne salariale"},"content":{"rendered":"\n<h3 class=\"wp-block-heading\">Mise \u00e0 jour : <\/h3>\n\n\n\n<p><a href=\"https:\/\/www.cfecgc-orange.org\/202007209284\/actu-epargne-actionnariat\/le-senat-autorise-un-deblocage-anticipe-de-l-epargne-salariale-pour-des-investissements-ecologiques.html\">Adopt\u00e9 par les S\u00e9nateurs<\/a> lors de l&rsquo;examen du Budget rectificatif, l\u2019amendement donnant la possibilit\u00e9 pour les d\u00e9tenteurs d\u2019un plan d\u2019\u00e9pargne salariale d\u2019y d\u00e9bloquer jusqu\u2019\u00e0 8000 euros pour financer l&rsquo;achat d&rsquo;un v\u00e9hicule \u00e9lectrique ou hybride ou des travaux de r\u00e9novation \u00e9nerg\u00e9tique n\u2019a finalement pas surv\u00e9cu \u00e0 son examen par la commission mixte paritaire entre d\u00e9put\u00e9s et s\u00e9nateurs.<\/p>\n\n\n\n<p><strong>Plus d\u2019informations dans <a href=\"https:\/\/www.capital.fr\/votre-argent\/epargne-salariale-deblocage-exceptionnel-de-8-000-euros-pour-des-depenses-de-transition-energetique-1375780\" target=\"_blank\" rel=\"noreferrer noopener\">Capital<\/a> \u2013 Thibaut Lamy \u2013 23\/07\/2020<\/strong><\/p>\n\n\n\n<div class=\"wp-block-group\"><div class=\"wp-block-group__inner-container is-layout-flow wp-block-group-is-layout-flow\">\n<figure class=\"wp-block-image size-large\"><img loading=\"lazy\" decoding=\"async\" width=\"640\" height=\"426\" src=\"https:\/\/www.adeas.org\/wp-content\/uploads\/2020\/07\/money-2180338_640.jpg\" alt=\"\" class=\"wp-image-2709\" srcset=\"https:\/\/www.adeas.org\/wp-content\/uploads\/2020\/07\/money-2180338_640.jpg 640w, https:\/\/www.adeas.org\/wp-content\/uploads\/2020\/07\/money-2180338_640-500x333.jpg 500w\" sizes=\"auto, (max-width: 640px) 100vw, 640px\" \/><figcaption><em>Image <a href=\"https:\/\/pixabay.com\/fr\/users\/kschneider2991-4936815\/?utm_source=link-attribution&amp;utm_medium=referral&amp;utm_campaign=image&amp;utm_content=2180338\">Kevin Schneider<\/a> via <a href=\"https:\/\/pixabay.com\/fr\/?utm_source=link-attribution&amp;utm_medium=referral&amp;utm_campaign=image&amp;utm_content=2180338\">Pixabay<\/a><\/em><\/figcaption><\/figure>\n\n\n\n<div class=\"wp-block-group\"><div class=\"wp-block-group__inner-container is-layout-flow wp-block-group-is-layout-flow\">\n<p>Source&nbsp;: <em><a href=\"https:\/\/www.publicsenat.fr\/article\/parlementaire\/relance-de-l-economie-le-senat-vote-le-deblocage-de-l-epargne-salariale-183916\">Relance de l\u2019\u00e9conomie : le S\u00e9nat vote le d\u00e9blocage de l\u2019\u00e9pargne salariale | Public Senat<\/a><\/em><\/p>\n<\/div><\/div>\n<\/div><\/div>\n\n\n\n<blockquote class=\"wp-block-quote is-layout-flow wp-block-quote-is-layout-flow\"><p>Les s\u00e9nateurs ont adopt\u00e9, contre l&rsquo;avis du gouvernement, un amendement au troisi\u00e8me budget rectifi\u00e9 qui vise \u00e0 autoriser les salari\u00e9s \u00e0 d\u00e9bloquer, de fa\u00e7on exceptionnelle et temporaire, leur \u00e9pargne salariale, afin de favoriser les investissements des m\u00e9nages dans la transition \u00e9cologique.<\/p><\/blockquote>\n\n\n\n<blockquote class=\"wp-block-quote is-layout-flow wp-block-quote-is-layout-flow\"><p>[&#8230;] Les demandes pourraient se faire avant le 31 d\u00e9cembre 2020, et les sommes seraient exon\u00e9r\u00e9es d\u2019imp\u00f4t sur le revenu.<\/p><\/blockquote>\n\n\n\n<blockquote class=\"wp-block-quote is-layout-flow wp-block-quote-is-layout-flow\"><p>[&#8230;] le montant pouvant \u00eatre d\u00e9bloqu\u00e9 sera toutefois plafonn\u00e9 \u00e0 8000 euros. Le d\u00e9blocage anticip\u00e9 de l\u2019\u00e9pargne salariale est aussi conditionn\u00e9 \u00e0 l\u2019achat d\u2019un v\u00e9hicule \u00e9lectrique, hybride ou \u00e0 faibles \u00e9missions de CO2, ou encore \u00e0 des travaux de r\u00e9novation \u00e9nerg\u00e9tique dans la r\u00e9sidence principale.<\/p><\/blockquote>\n\n\n\n<blockquote class=\"wp-block-quote is-layout-flow wp-block-quote-is-layout-flow\"><p>[&#8230;] Examin\u00e9 durant tout ce week-end, le projet de loi doit faire l\u2019objet d\u2019une commission mixte paritaire entre d\u00e9put\u00e9s et s\u00e9nateurs en d\u00e9but de semaine prochaine.<\/p><\/blockquote>\n\n\n\n<p class=\"has-background has-very-light-gray-background-color\">Tant que le projet de loi n&rsquo;a pas \u00e9t\u00e9 d\u00e9finitivement adopt\u00e9, apr\u00e8s donc la commission mixte paritaire, l&rsquo;information est \u00e0 prendre au conditionnel. Nous ne manquerons pas de revenir sur les modalit\u00e9s pratiques d&rsquo;application si la mesure entre en vigueur.<\/p>\n","protected":false},"excerpt":{"rendered":"<p>Mise \u00e0 jour : Adopt\u00e9 par les S\u00e9nateurs lors de l&rsquo;examen du Budget rectificatif, l\u2019amendement donnant la possibilit\u00e9 pour les d\u00e9tenteurs d\u2019un plan d\u2019\u00e9pargne salariale d\u2019y d\u00e9bloquer jusqu\u2019\u00e0 8000 euros pour financer l&rsquo;achat d&rsquo;un v\u00e9hicule \u00e9lectrique ou hybride ou des travaux de r\u00e9novation \u00e9nerg\u00e9tique n\u2019a finalement pas surv\u00e9cu \u00e0 son examen par la commission mixte [&hellip;]<\/p>\n","protected":false},"author":1,"featured_media":0,"comment_status":"open","ping_status":"closed","sticky":false,"template":"","format":"standard","meta":{"_monsterinsights_skip_tracking":false,"_monsterinsights_sitenote_active":false,"_monsterinsights_sitenote_note":"","_monsterinsights_sitenote_category":0,"footnotes":""},"categories":[8],"tags":[54,15],"class_list":["post-2707","post","type-post","status-publish","format-standard","hentry","category-revue-de-web","tag-epargne-salariale","tag-legislation"],"_links":{"self":[{"href":"https:\/\/www.adeas.org\/index.php\/wp-json\/wp\/v2\/posts\/2707","targetHints":{"allow":["GET"]}}],"collection":[{"href":"https:\/\/www.adeas.org\/index.php\/wp-json\/wp\/v2\/posts"}],"about":[{"href":"https:\/\/www.adeas.org\/index.php\/wp-json\/wp\/v2\/types\/post"}],"author":[{"embeddable":true,"href":"https:\/\/www.adeas.org\/index.php\/wp-json\/wp\/v2\/users\/1"}],"replies":[{"embeddable":true,"href":"https:\/\/www.adeas.org\/index.php\/wp-json\/wp\/v2\/comments?post=2707"}],"version-history":[{"count":4,"href":"https:\/\/www.adeas.org\/index.php\/wp-json\/wp\/v2\/posts\/2707\/revisions"}],"predecessor-version":[{"id":2750,"href":"https:\/\/www.adeas.org\/index.php\/wp-json\/wp\/v2\/posts\/2707\/revisions\/2750"}],"wp:attachment":[{"href":"https:\/\/www.adeas.org\/index.php\/wp-json\/wp\/v2\/media?parent=2707"}],"wp:term":[{"taxonomy":"category","embeddable":true,"href":"https:\/\/www.adeas.org\/index.php\/wp-json\/wp\/v2\/categories?post=2707"},{"taxonomy":"post_tag","embeddable":true,"href":"https:\/\/www.adeas.org\/index.php\/wp-json\/wp\/v2\/tags?post=2707"}],"curies":[{"name":"wp","href":"https:\/\/api.w.org\/{rel}","templated":true}]}}