{"id":2676,"date":"2020-07-07T12:10:48","date_gmt":"2020-07-07T10:10:48","guid":{"rendered":"https:\/\/www.adeas.org\/?p=2676"},"modified":"2020-07-20T11:57:36","modified_gmt":"2020-07-20T09:57:36","slug":"une-saison-des-ag-marquee-par-le-covid-19","status":"publish","type":"post","link":"https:\/\/www.adeas.org\/index.php\/revue-de-web\/une-saison-des-ag-marquee-par-le-covid-19\/","title":{"rendered":"Une saison des AG marqu\u00e9e par le COVID-19"},"content":{"rendered":"\n<figure class=\"wp-block-image size-large\"><img loading=\"lazy\" decoding=\"async\" width=\"640\" height=\"427\" src=\"https:\/\/www.adeas.org\/wp-content\/uploads\/2020\/07\/nick-fewings-4pZu15OeTXA-unsplash.jpg\" alt=\"\" class=\"wp-image-2677\" srcset=\"https:\/\/www.adeas.org\/wp-content\/uploads\/2020\/07\/nick-fewings-4pZu15OeTXA-unsplash.jpg 640w, https:\/\/www.adeas.org\/wp-content\/uploads\/2020\/07\/nick-fewings-4pZu15OeTXA-unsplash-500x334.jpg 500w\" sizes=\"auto, (max-width: 640px) 100vw, 640px\" \/><figcaption><em><span class=\"has-inline-color has-very-dark-gray-color\">Photo <a href=\"https:\/\/unsplash.com\/@jannerboy62?utm_source=unsplash&amp;utm_medium=referral&amp;utm_content=creditCopyText\">Nick Fewings<\/a> via <a href=\"https:\/\/unsplash.com\/t\/covid-19?utm_source=unsplash&amp;utm_medium=referral&amp;utm_content=creditCopyText\">Unsplash<\/a><\/span><\/em><\/figcaption><\/figure>\n\n\n\n<p>Fran\u00e7ois Bouvard, Vice-pr\u00e9sident de l&rsquo;IFA (Institut Fran\u00e7ais des Administrateurs) dresse un premier bilan de la saison des AG 2020, dont plusieurs se dont tenues \u00e0 huis-clos, comme celle d&rsquo;Orange. Parmi les entreprises cot\u00e9es du SBF 120, 84 avaient tenu leur AG \u00e0 mi juin.<\/p>\n\n\n\n<p>Il fait un recensement statistique int\u00e9ressant : <\/p>\n\n\n\n<ul class=\"wp-block-list\"><li>plus de 80 soci\u00e9t\u00e9s ont annonc\u00e9 une suppression ou une baisse du dividende (dont Orange), mais seulement 55 un ajustement de la r\u00e9tribution des dirigeants (rappelons que le CA d&rsquo;Orange ne voyait pas la n\u00e9cessit\u00e9 de le faire dans notre entreprise) ;<\/li><li>une centaine de r\u00e9solutions en dessous de 80% de votes positifs, concernant une quarantaine d&rsquo;entreprises, dont la moiti\u00e9 portant sur la r\u00e9tribution des dirigeants. Un d\u00e9but de prise de conscience sur la n\u00e9cessit\u00e9 de r\u00e9duire les \u00e9carts de r\u00e9tribution entre les personnels des entreprises et leurs dirigeants ? <\/li><\/ul>\n\n\n\n<p class=\"has-background has-very-light-gray-background-color\">Analyse compl\u00e8te <a href=\"https:\/\/www.ifa-asso.com\/informer\/actualites\/actualites-de-la-gouvernance\/covid-19-le-sujet-de-cette-saison-des-ag.html\">\u00e0 retrouver sur le site de l&rsquo;IFA<\/a>. <\/p>\n","protected":false},"excerpt":{"rendered":"<p>Fran\u00e7ois Bouvard, Vice-pr\u00e9sident de l&rsquo;IFA (Institut Fran\u00e7ais des Administrateurs) dresse un premier bilan de la saison des AG 2020, dont plusieurs se dont tenues \u00e0 huis-clos, comme celle d&rsquo;Orange. Parmi les entreprises cot\u00e9es du SBF 120, 84 avaient tenu leur AG \u00e0 mi juin. Il fait un recensement statistique int\u00e9ressant : plus de 80 soci\u00e9t\u00e9s [&hellip;]<\/p>\n","protected":false},"author":1,"featured_media":0,"comment_status":"open","ping_status":"closed","sticky":false,"template":"","format":"standard","meta":{"_monsterinsights_skip_tracking":false,"_monsterinsights_sitenote_active":false,"_monsterinsights_sitenote_note":"","_monsterinsights_sitenote_category":0,"footnotes":""},"categories":[8],"tags":[42],"class_list":["post-2676","post","type-post","status-publish","format-standard","hentry","category-revue-de-web","tag-assemblee-generale"],"_links":{"self":[{"href":"https:\/\/www.adeas.org\/index.php\/wp-json\/wp\/v2\/posts\/2676","targetHints":{"allow":["GET"]}}],"collection":[{"href":"https:\/\/www.adeas.org\/index.php\/wp-json\/wp\/v2\/posts"}],"about":[{"href":"https:\/\/www.adeas.org\/index.php\/wp-json\/wp\/v2\/types\/post"}],"author":[{"embeddable":true,"href":"https:\/\/www.adeas.org\/index.php\/wp-json\/wp\/v2\/users\/1"}],"replies":[{"embeddable":true,"href":"https:\/\/www.adeas.org\/index.php\/wp-json\/wp\/v2\/comments?post=2676"}],"version-history":[{"count":2,"href":"https:\/\/www.adeas.org\/index.php\/wp-json\/wp\/v2\/posts\/2676\/revisions"}],"predecessor-version":[{"id":2705,"href":"https:\/\/www.adeas.org\/index.php\/wp-json\/wp\/v2\/posts\/2676\/revisions\/2705"}],"wp:attachment":[{"href":"https:\/\/www.adeas.org\/index.php\/wp-json\/wp\/v2\/media?parent=2676"}],"wp:term":[{"taxonomy":"category","embeddable":true,"href":"https:\/\/www.adeas.org\/index.php\/wp-json\/wp\/v2\/categories?post=2676"},{"taxonomy":"post_tag","embeddable":true,"href":"https:\/\/www.adeas.org\/index.php\/wp-json\/wp\/v2\/tags?post=2676"}],"curies":[{"name":"wp","href":"https:\/\/api.w.org\/{rel}","templated":true}]}}