{"id":2667,"date":"2020-06-24T10:26:40","date_gmt":"2020-06-24T08:26:40","guid":{"rendered":"https:\/\/www.adeas.org\/?p=2667"},"modified":"2020-06-24T10:28:09","modified_gmt":"2020-06-24T08:28:09","slug":"pee-perco-mon-epargne-salariale-a-lepreuve-de-la-crise","status":"publish","type":"post","link":"https:\/\/www.adeas.org\/index.php\/revue-de-web\/pee-perco-mon-epargne-salariale-a-lepreuve-de-la-crise\/","title":{"rendered":"PEE, Perco\u2026 Mon \u00e9pargne salariale \u00e0 l\u2019\u00e9preuve de la crise"},"content":{"rendered":"\n<figure class=\"wp-block-image size-large\"><img loading=\"lazy\" decoding=\"async\" width=\"640\" height=\"427\" src=\"https:\/\/www.adeas.org\/wp-content\/uploads\/2020\/06\/jude-beck-41uCnC2RDck-unsplash.jpg\" alt=\"\" class=\"wp-image-2668\" srcset=\"https:\/\/www.adeas.org\/wp-content\/uploads\/2020\/06\/jude-beck-41uCnC2RDck-unsplash.jpg 640w, https:\/\/www.adeas.org\/wp-content\/uploads\/2020\/06\/jude-beck-41uCnC2RDck-unsplash-500x334.jpg 500w\" sizes=\"auto, (max-width: 640px) 100vw, 640px\" \/><figcaption>Photo <a href=\"https:\/\/unsplash.com\/@judebeck?utm_source=unsplash&amp;utm_medium=referral&amp;utm_content=creditCopyText\">Jude Beck<\/a> via <a href=\"\/s\/photos\/piggy-bank-mask-covid?utm_source=unsplash&amp;utm_medium=referral&amp;utm_content=creditCopyText\">Unsplash<\/a><\/figcaption><\/figure>\n\n\n\n<p>60 millions de consommateurs publie une s\u00e9rie de r\u00e9ponses pratiques aux questions qui peuvent se poser sur l&rsquo;\u00e9pargne salariale en p\u00e9riode de crise : <\/p>\n\n\n\n<ul class=\"wp-block-list\"><li>Comment d\u00e9bloquer mon plan d\u2019\u00e9pargne retraite ou mon plan d\u2019\u00e9pargne entreprise ? <\/li><li>Y a-t-il des dispositifs de d\u00e9blocage sp\u00e9cifiques en lien avec la crise sanitaire ? <\/li><li>Que devient mon \u00e9pargne salariale si je suis licenci\u00e9 ?<\/li><\/ul>\n\n\n\n<p>R\u00e9ponses avec avec Florence Corne, de l\u2019Autorit\u00e9 des march\u00e9s financiers (AMF), et St\u00e9phanie Truquin, \u00e9conomiste \u00e0 l\u2019Institut national de la consommation (\u00e9diteur de <em>60&nbsp;Millions<\/em>).<\/p>\n\n\n\n<p class=\"has-background has-very-light-gray-background-color\">A retrouver sur le site de <a href=\"https:\/\/www.60millions-mag.com\/2020\/06\/22\/pee-perco-mon-epargne-salariale-l-epreuve-de-la-crise-17499\">60 millions de consommateurs<\/a><\/p>\n","protected":false},"excerpt":{"rendered":"<p>60 millions de consommateurs publie une s\u00e9rie de r\u00e9ponses pratiques aux questions qui peuvent se poser sur l&rsquo;\u00e9pargne salariale en p\u00e9riode de crise : Comment d\u00e9bloquer mon plan d\u2019\u00e9pargne retraite ou mon plan d\u2019\u00e9pargne entreprise ? Y a-t-il des dispositifs de d\u00e9blocage sp\u00e9cifiques en lien avec la crise sanitaire ? Que devient mon \u00e9pargne salariale [&hellip;]<\/p>\n","protected":false},"author":1,"featured_media":0,"comment_status":"open","ping_status":"closed","sticky":false,"template":"","format":"standard","meta":{"_monsterinsights_skip_tracking":false,"_monsterinsights_sitenote_active":false,"_monsterinsights_sitenote_note":"","_monsterinsights_sitenote_category":0,"footnotes":""},"categories":[28,8],"tags":[45,39,17],"class_list":["post-2667","post","type-post","status-publish","format-standard","hentry","category-en-pratique","category-revue-de-web","tag-peg","tag-perco","tag-pratique"],"_links":{"self":[{"href":"https:\/\/www.adeas.org\/index.php\/wp-json\/wp\/v2\/posts\/2667","targetHints":{"allow":["GET"]}}],"collection":[{"href":"https:\/\/www.adeas.org\/index.php\/wp-json\/wp\/v2\/posts"}],"about":[{"href":"https:\/\/www.adeas.org\/index.php\/wp-json\/wp\/v2\/types\/post"}],"author":[{"embeddable":true,"href":"https:\/\/www.adeas.org\/index.php\/wp-json\/wp\/v2\/users\/1"}],"replies":[{"embeddable":true,"href":"https:\/\/www.adeas.org\/index.php\/wp-json\/wp\/v2\/comments?post=2667"}],"version-history":[{"count":3,"href":"https:\/\/www.adeas.org\/index.php\/wp-json\/wp\/v2\/posts\/2667\/revisions"}],"predecessor-version":[{"id":2671,"href":"https:\/\/www.adeas.org\/index.php\/wp-json\/wp\/v2\/posts\/2667\/revisions\/2671"}],"wp:attachment":[{"href":"https:\/\/www.adeas.org\/index.php\/wp-json\/wp\/v2\/media?parent=2667"}],"wp:term":[{"taxonomy":"category","embeddable":true,"href":"https:\/\/www.adeas.org\/index.php\/wp-json\/wp\/v2\/categories?post=2667"},{"taxonomy":"post_tag","embeddable":true,"href":"https:\/\/www.adeas.org\/index.php\/wp-json\/wp\/v2\/tags?post=2667"}],"curies":[{"name":"wp","href":"https:\/\/api.w.org\/{rel}","templated":true}]}}