{"id":2593,"date":"2020-04-22T13:04:00","date_gmt":"2020-04-22T11:04:00","guid":{"rendered":"https:\/\/www.adeas.org\/?p=2593"},"modified":"2020-04-22T13:12:21","modified_gmt":"2020-04-22T11:12:21","slug":"dividendes-et-remunerations-dans-le-cac-40-le-point-entreprise-par-entreprise","status":"publish","type":"post","link":"https:\/\/www.adeas.org\/index.php\/revue-de-web\/dividendes-et-remunerations-dans-le-cac-40-le-point-entreprise-par-entreprise\/","title":{"rendered":"Dividendes et r\u00e9mun\u00e9rations dans le CAC 40 : le point, entreprise par entreprise"},"content":{"rendered":"\n<figure class=\"wp-block-image size-large\"><img loading=\"lazy\" decoding=\"async\" width=\"600\" height=\"358\" src=\"https:\/\/www.adeas.org\/wp-content\/uploads\/2020\/04\/hands-462298_960_720.png\" alt=\"\" class=\"wp-image-2595\" srcset=\"https:\/\/www.adeas.org\/wp-content\/uploads\/2020\/04\/hands-462298_960_720.png 600w, https:\/\/www.adeas.org\/wp-content\/uploads\/2020\/04\/hands-462298_960_720-500x298.png 500w\" sizes=\"auto, (max-width: 600px) 100vw, 600px\" \/><figcaption>Photo <a href=\"https:\/\/pixabay.com\/fr\/photos\/les-mains-costume-euro-462298\/\">Geralt <\/a>via Pixabay<\/figcaption><\/figure>\n\n\n\n<p class=\"has-background has-very-light-gray-background-color\">Face au raz-de-mar\u00e9e financier engendr\u00e9 par l&rsquo;\u00e9pid\u00e9mie de coronavirus, des entreprises du CAC 40 r\u00e9duisent temporairement les salaires de leurs dirigeants ou le montant des dividendes \u00e0 verser, voire les suppriment.<\/p>\n\n\n\n<p><em>D\u00e9tail par entreprises dans <a href=\"https:\/\/www.latribune.fr\/economie\/france\/dividendes-et-remunerations-dans-le-cac-40-le-point-entreprise-par-entreprise-845803.html?xtor=EPR-2-[l-actu-du-jour]-20200422&amp;_ope=eyJndWlkIjoiZDgyNTUwZjg3OWRhMGQyNThkMjcyMTA4NTE1YzIzYTEifQ%3D%3D\">La Tribune<\/a><\/em><\/p>\n\n\n\n<p>On peut constater que les \u00ab\u00a0invitations\u00a0\u00bb du gouvernement produisent des r\u00e9sultats disparates&#8230; qui \u00e9taient parfaitement pr\u00e9visibles.<\/p>\n","protected":false},"excerpt":{"rendered":"<p>Face au raz-de-mar\u00e9e financier engendr\u00e9 par l&rsquo;\u00e9pid\u00e9mie de coronavirus, des entreprises du CAC 40 r\u00e9duisent temporairement les salaires de leurs dirigeants ou le montant des dividendes \u00e0 verser, voire les suppriment. D\u00e9tail par entreprises dans La Tribune On peut constater que les \u00ab\u00a0invitations\u00a0\u00bb du gouvernement produisent des r\u00e9sultats disparates&#8230; qui \u00e9taient parfaitement pr\u00e9visibles.<\/p>\n","protected":false},"author":1,"featured_media":0,"comment_status":"open","ping_status":"closed","sticky":false,"template":"","format":"standard","meta":{"_monsterinsights_skip_tracking":false,"_monsterinsights_sitenote_active":false,"_monsterinsights_sitenote_note":"","_monsterinsights_sitenote_category":0,"footnotes":""},"categories":[8],"tags":[35,36],"class_list":["post-2593","post","type-post","status-publish","format-standard","hentry","category-revue-de-web","tag-dirigeant","tag-dividendes"],"_links":{"self":[{"href":"https:\/\/www.adeas.org\/index.php\/wp-json\/wp\/v2\/posts\/2593","targetHints":{"allow":["GET"]}}],"collection":[{"href":"https:\/\/www.adeas.org\/index.php\/wp-json\/wp\/v2\/posts"}],"about":[{"href":"https:\/\/www.adeas.org\/index.php\/wp-json\/wp\/v2\/types\/post"}],"author":[{"embeddable":true,"href":"https:\/\/www.adeas.org\/index.php\/wp-json\/wp\/v2\/users\/1"}],"replies":[{"embeddable":true,"href":"https:\/\/www.adeas.org\/index.php\/wp-json\/wp\/v2\/comments?post=2593"}],"version-history":[{"count":2,"href":"https:\/\/www.adeas.org\/index.php\/wp-json\/wp\/v2\/posts\/2593\/revisions"}],"predecessor-version":[{"id":2597,"href":"https:\/\/www.adeas.org\/index.php\/wp-json\/wp\/v2\/posts\/2593\/revisions\/2597"}],"wp:attachment":[{"href":"https:\/\/www.adeas.org\/index.php\/wp-json\/wp\/v2\/media?parent=2593"}],"wp:term":[{"taxonomy":"category","embeddable":true,"href":"https:\/\/www.adeas.org\/index.php\/wp-json\/wp\/v2\/categories?post=2593"},{"taxonomy":"post_tag","embeddable":true,"href":"https:\/\/www.adeas.org\/index.php\/wp-json\/wp\/v2\/tags?post=2593"}],"curies":[{"name":"wp","href":"https:\/\/api.w.org\/{rel}","templated":true}]}}