{"id":2558,"date":"2020-03-09T10:27:19","date_gmt":"2020-03-09T09:27:19","guid":{"rendered":"https:\/\/www.adeas.org\/?p=2558"},"modified":"2020-03-10T14:58:07","modified_gmt":"2020-03-10T13:58:07","slug":"perco-le-fonds-amundi-objectif-retraite-2020-arrive-a-echeance-fin-avril-2020-faites-votre-choix-avant-le-31-mars","status":"publish","type":"post","link":"https:\/\/www.adeas.org\/index.php\/en-pratique\/perco-le-fonds-amundi-objectif-retraite-2020-arrive-a-echeance-fin-avril-2020-faites-votre-choix-avant-le-31-mars\/","title":{"rendered":"PERCo : Le fonds Amundi Objectif Retraite 2020 arrive \u00e0 \u00e9ch\u00e9ance fin avril 2020 : faites votre choix avant le 31 mars."},"content":{"rendered":"\n<p><em>Article \u00e9crit avec Serge Faure, repr\u00e9sentant CFE-CGC Orange au Conseil de surveillance du Perco d&rsquo;Orange<\/em><\/p>\n\n\n\n<figure class=\"wp-block-image size-large\"><img loading=\"lazy\" decoding=\"async\" width=\"640\" height=\"640\" src=\"https:\/\/www.adeas.org\/wp-content\/uploads\/2020\/03\/choose-the-right-direction-1536336_640.jpg\" alt=\"\" class=\"wp-image-2559\" srcset=\"https:\/\/www.adeas.org\/wp-content\/uploads\/2020\/03\/choose-the-right-direction-1536336_640.jpg 640w, https:\/\/www.adeas.org\/wp-content\/uploads\/2020\/03\/choose-the-right-direction-1536336_640-500x500.jpg 500w, https:\/\/www.adeas.org\/wp-content\/uploads\/2020\/03\/choose-the-right-direction-1536336_640-150x150.jpg 150w\" sizes=\"auto, (max-width: 640px) 100vw, 640px\" \/><figcaption>Image <a href=\"https:\/\/pixabay.com\/fr\/users\/kvrkchowdari-820305\/?utm_source=link-attribution&amp;utm_medium=referral&amp;utm_campaign=image&amp;utm_content=1536336\">Rama Krishna Karumanchi<\/a> via<a href=\"https:\/\/pixabay.com\/fr\/?utm_source=link-attribution&amp;utm_medium=referral&amp;utm_campaign=image&amp;utm_content=1536336\">Pixabay<\/a><\/figcaption><\/figure>\n\n\n\n<p>Les fonds Amundi Objectif Retraite garantissent aux\nd\u00e9tenteurs non seulement de r\u00e9cup\u00e9rer la totalit\u00e9 du capital investi \u00e0\nl\u2019\u00e9ch\u00e9ance, mais aussi de b\u00e9n\u00e9ficier en sortie de la plus haute valeur de part atteinte\nau cours de la vie du fonds.<\/p>\n\n\n\n<figure class=\"wp-block-image size-large\"><img loading=\"lazy\" decoding=\"async\" width=\"373\" height=\"355\" src=\"https:\/\/www.adeas.org\/wp-content\/uploads\/2020\/03\/AmundiObjectifRetraite.png\" alt=\"\" class=\"wp-image-2560\"\/><figcaption><em>Fonds Amundi Objectif Retraite &#8211; Principe de valorisation des parts. <br \/> Hypoth\u00e8se illustr\u00e9e : achat de 10 parts ayant une valeur initiale de 100\u20ac par part.<\/em><\/figcaption><\/figure>\n\n\n\n<p class=\"has-background has-very-light-gray-background-color\">La CFE-CGC avait pouss\u00e9 \u00e0 la cr\u00e9ation de ces fonds aux garanties tr\u00e8s avantageuses pour les personnels. Ils avaient \u00e9t\u00e9 ouverts pour diff\u00e9rents horizons de retraite, le premier \u00e9tant arriv\u00e9 \u00e0 \u00e9ch\u00e9ance en 2016. Il reste 3 fonds, aux \u00e9ch\u00e9ances 2020, 2025 et 2030. Depuis fin 2016, il n\u2019est plus possible d\u2019y faire des placements, ce que nous d\u00e9plorons. Ils ont \u00e9t\u00e9 remplac\u00e9s par le <a href=\"https:\/\/www.adeas.org\/index.php\/en-pratique\/prolongation-de-la-periode-de-protection-du-fcpe-amundi-protect-90-esr\/\">fonds Amundi Protect&nbsp; 90 ESR<\/a>, beaucoup moins int\u00e9ressant<em>.<\/em><\/p>\n\n\n\n<h4 class=\"wp-block-heading\">Fin de la phase d\u2019\u00e9pargne&nbsp;: 3 modalit\u00e9s de sortie<\/h4>\n\n\n\n<p>Le fonds Amundi Objectif Retraite 2020 arrive en fin de\nphase d\u2019\u00e9pargne le 30 avril 2020. <strong>Vous\navez jusqu\u2019au 31 mars pour choisir comment vous souhaitez disposer de votre\n\u00e9pargne. <\/strong><\/p>\n\n\n\n<ol class=\"wp-block-list\"><li><strong>Uniquement si vous \u00eates en retraite d\u2019ici au 30 avril 2020, vous pouvez demander le remboursement imm\u00e9diat<\/strong> de tout ou partie des avoirs que vous d\u00e9tenez dans ce fonds.<\/li><li><strong>Vous pouvez arbitrer <\/strong>(c\u2019est-\u00e0-dire transf\u00e9rer vers d\u2019autres fonds du PERCo, libre ou pilot\u00e9) tout ou partie de vos avoirs. Vous b\u00e9n\u00e9ficiez de la garantie du fonds \u00e0 son \u00e9ch\u00e9ance puis vos avoirs fluctueront selon les caract\u00e9ristiques du nouveau fonds sur lequel vous aurez transf\u00e9r\u00e9 vos avoirs<s>.<\/s><\/li><li><strong>Vous pouvez basculer vos avoirs en phase \u00ab&nbsp;retraite&nbsp;\u00bb<\/strong>. Vos avoirs restent alors dans le fonds Amundi Objectif Retraite 2020 \u00e0 leur valeur garantie, d\u2019o\u00f9 ils seront transf\u00e9r\u00e9s par dixi\u00e8me chaque ann\u00e9e (de 2021 \u00e0 2030 inclus) dans un fonds mon\u00e9taire \u00ab&nbsp;Amundi Disponible Retraite&nbsp;\u00bb, dans lequel vous pouvez ponctionner imm\u00e9diatement si vous \u00eates en retraite. Le solde du capital reste investi sur les march\u00e9s financiers. S\u2019il produit des gains, ils vous seront revers\u00e9s en un bloc, dans une 11<sup>\u00e8me<\/sup> annuit\u00e9 (en 2031). Vous pourrez \u00e0 tout moment faire un arbitrage, en renon\u00e7ant \u00e0 la garantie sur les fonds arbitr\u00e9s. <strong>Si vous ne formulez aucun choix, vous basculez automatiquement en phase \u00ab&nbsp;retraite&nbsp;\u00bb. <\/strong><\/li><\/ol>\n\n\n\n<p>Au 3 mars 2020, le <strong>prix de la part garanti <\/strong>est de <strong>111,5 \u20ac (<\/strong>contre un prix de part \u00e0 valeur de march\u00e9 \u00e0 la m\u00eame date de 110,17 \u20ac). Si vous d\u00e9tenez 10 parts, vous \u00eates assur\u00e9(e) de r\u00e9cup\u00e9rer le 30 avril 2020 un capital retraite de 1 115 \u20ac (10 X 111,5 \u20ac), qui vous sera revers\u00e9 \u00e0 raison de 111,5\u20ac par an (en novembre) entre 2021 et 2030. Si le capital restant a produit une plus-value, elle vous sera restitu\u00e9e en 2031.<\/p>\n\n\n\n<p class=\"has-background has-luminous-vivid-amber-background-color\"><strong>Votre choix est \u00e0 formuler sur le site <\/strong><a href=\"https:\/\/epargnant.amundi-ee.com\"><strong>Amundi<\/strong><\/a><strong> avant le 31 mars 2020<\/strong>, sur lequel vous trouverez une fiche d\u2019information, \u00e9galement disponible sur <a href=\"https:\/\/portailrh.sso.infra.ftgroup\/web\/es_epargnesalariale\/le-fonds-amundi-objectif-retraite-2020-arrive-bientot-a-echeance.-faites-votre-choix-avant-le-31-mars-2020\">anoo<\/a>.<\/p>\n","protected":false},"excerpt":{"rendered":"<p>Article \u00e9crit avec Serge Faure, repr\u00e9sentant CFE-CGC Orange au Conseil de surveillance du Perco d&rsquo;Orange Les fonds Amundi Objectif Retraite garantissent aux d\u00e9tenteurs non seulement de r\u00e9cup\u00e9rer la totalit\u00e9 du capital investi \u00e0 l\u2019\u00e9ch\u00e9ance, mais aussi de b\u00e9n\u00e9ficier en sortie de la plus haute valeur de part atteinte au cours de la vie du fonds. [&hellip;]<\/p>\n","protected":false},"author":1,"featured_media":0,"comment_status":"open","ping_status":"closed","sticky":false,"template":"","format":"standard","meta":{"_monsterinsights_skip_tracking":false,"_monsterinsights_sitenote_active":false,"_monsterinsights_sitenote_note":"","_monsterinsights_sitenote_category":0,"footnotes":""},"categories":[28],"tags":[39],"class_list":["post-2558","post","type-post","status-publish","format-standard","hentry","category-en-pratique","tag-perco"],"_links":{"self":[{"href":"https:\/\/www.adeas.org\/index.php\/wp-json\/wp\/v2\/posts\/2558","targetHints":{"allow":["GET"]}}],"collection":[{"href":"https:\/\/www.adeas.org\/index.php\/wp-json\/wp\/v2\/posts"}],"about":[{"href":"https:\/\/www.adeas.org\/index.php\/wp-json\/wp\/v2\/types\/post"}],"author":[{"embeddable":true,"href":"https:\/\/www.adeas.org\/index.php\/wp-json\/wp\/v2\/users\/1"}],"replies":[{"embeddable":true,"href":"https:\/\/www.adeas.org\/index.php\/wp-json\/wp\/v2\/comments?post=2558"}],"version-history":[{"count":4,"href":"https:\/\/www.adeas.org\/index.php\/wp-json\/wp\/v2\/posts\/2558\/revisions"}],"predecessor-version":[{"id":2567,"href":"https:\/\/www.adeas.org\/index.php\/wp-json\/wp\/v2\/posts\/2558\/revisions\/2567"}],"wp:attachment":[{"href":"https:\/\/www.adeas.org\/index.php\/wp-json\/wp\/v2\/media?parent=2558"}],"wp:term":[{"taxonomy":"category","embeddable":true,"href":"https:\/\/www.adeas.org\/index.php\/wp-json\/wp\/v2\/categories?post=2558"},{"taxonomy":"post_tag","embeddable":true,"href":"https:\/\/www.adeas.org\/index.php\/wp-json\/wp\/v2\/tags?post=2558"}],"curies":[{"name":"wp","href":"https:\/\/api.w.org\/{rel}","templated":true}]}}