{"id":2550,"date":"2020-03-09T09:51:55","date_gmt":"2020-03-09T08:51:55","guid":{"rendered":"https:\/\/www.adeas.org\/?p=2550"},"modified":"2020-03-10T15:00:36","modified_gmt":"2020-03-10T14:00:36","slug":"le-fcpe-humanis-actions-solidaires-devient-epsens-emploi-sante-solidaire","status":"publish","type":"post","link":"https:\/\/www.adeas.org\/index.php\/en-pratique\/le-fcpe-humanis-actions-solidaires-devient-epsens-emploi-sante-solidaire\/","title":{"rendered":"Le FCPE Humanis Actions Solidaires devient EPSENS Emploi Sant\u00e9 Solidaire"},"content":{"rendered":"\n<p> <em>Article \u00e9crit par Serge Faure, repr\u00e9sentant CFE-CGC Orange au Conseil de surveillance du Perco d\u2019Orange<\/em> <\/p>\n\n\n\n<figure class=\"wp-block-image size-large\"><img loading=\"lazy\" decoding=\"async\" width=\"640\" height=\"534\" src=\"https:\/\/www.adeas.org\/wp-content\/uploads\/2020\/03\/team-spirit-2448837_640.jpg\" alt=\"\" class=\"wp-image-2554\" srcset=\"https:\/\/www.adeas.org\/wp-content\/uploads\/2020\/03\/team-spirit-2448837_640.jpg 640w, https:\/\/www.adeas.org\/wp-content\/uploads\/2020\/03\/team-spirit-2448837_640-500x417.jpg 500w\" sizes=\"auto, (max-width: 640px) 100vw, 640px\" \/><figcaption>Image <a href=\"https:\/\/pixabay.com\/fr\/users\/Anemone123-2637160\/?utm_source=link-attribution&amp;utm_medium=referral&amp;utm_campaign=image&amp;utm_content=2448837\">Anemone123<\/a> via <a href=\"https:\/\/pixabay.com\/fr\/?utm_source=link-attribution&amp;utm_medium=referral&amp;utm_campaign=image&amp;utm_content=2448837\">Pixabay<\/a><\/figcaption><\/figure>\n\n\n\n<h2 class=\"wp-block-heading\">Actualit\u00e9s du PERCo Groupe Orange<\/h2>\n\n\n\n<p>La soci\u00e9t\u00e9 de gestion&nbsp; Humanis&nbsp; Gestion d\u2019Actifs a cr\u00e9\u00e9 une offre d\u2019\u00e9pargne salariale baptis\u00e9e \u00ab&nbsp;EPSENS&nbsp;\u00bb. Au sein du PERCo d&rsquo;Orange, le FCPE HUMANIS ACTIONS SOLIDAIRE est renomm\u00e9&nbsp; \u00e0 partir du 17 f\u00e9vrier 2020 EPSENS&nbsp; EMPLOI SANTE SOLIDAIRE.<\/p>\n\n\n\n<p>Ce changement de nom n\u2019a aucune incidence sur la dur\u00e9e\nd\u2019indisponibilit\u00e9 de vos avoirs et ne n\u00e9cessite aucune action de votre part.\nVous pouvez consulter les <a href=\"https:\/\/www.epsens.com\/information-financiere\/C9J3bNk6Eob0aTqnAXztNYoQ1DFB01fk\">informations\nsur ce fonds directement sur le site d\u2019EPSENS<\/a>.<\/p>\n","protected":false},"excerpt":{"rendered":"<p>Article \u00e9crit par Serge Faure, repr\u00e9sentant CFE-CGC Orange au Conseil de surveillance du Perco d\u2019Orange Actualit\u00e9s du PERCo Groupe Orange La soci\u00e9t\u00e9 de gestion&nbsp; Humanis&nbsp; Gestion d\u2019Actifs a cr\u00e9\u00e9 une offre d\u2019\u00e9pargne salariale baptis\u00e9e \u00ab&nbsp;EPSENS&nbsp;\u00bb. Au sein du PERCo d&rsquo;Orange, le FCPE HUMANIS ACTIONS SOLIDAIRE est renomm\u00e9&nbsp; \u00e0 partir du 17 f\u00e9vrier 2020 EPSENS&nbsp; EMPLOI [&hellip;]<\/p>\n","protected":false},"author":1,"featured_media":0,"comment_status":"open","ping_status":"closed","sticky":false,"template":"","format":"standard","meta":{"_monsterinsights_skip_tracking":false,"_monsterinsights_sitenote_active":false,"_monsterinsights_sitenote_note":"","_monsterinsights_sitenote_category":0,"footnotes":""},"categories":[28],"tags":[39],"class_list":["post-2550","post","type-post","status-publish","format-standard","hentry","category-en-pratique","tag-perco"],"_links":{"self":[{"href":"https:\/\/www.adeas.org\/index.php\/wp-json\/wp\/v2\/posts\/2550","targetHints":{"allow":["GET"]}}],"collection":[{"href":"https:\/\/www.adeas.org\/index.php\/wp-json\/wp\/v2\/posts"}],"about":[{"href":"https:\/\/www.adeas.org\/index.php\/wp-json\/wp\/v2\/types\/post"}],"author":[{"embeddable":true,"href":"https:\/\/www.adeas.org\/index.php\/wp-json\/wp\/v2\/users\/1"}],"replies":[{"embeddable":true,"href":"https:\/\/www.adeas.org\/index.php\/wp-json\/wp\/v2\/comments?post=2550"}],"version-history":[{"count":3,"href":"https:\/\/www.adeas.org\/index.php\/wp-json\/wp\/v2\/posts\/2550\/revisions"}],"predecessor-version":[{"id":2569,"href":"https:\/\/www.adeas.org\/index.php\/wp-json\/wp\/v2\/posts\/2550\/revisions\/2569"}],"wp:attachment":[{"href":"https:\/\/www.adeas.org\/index.php\/wp-json\/wp\/v2\/media?parent=2550"}],"wp:term":[{"taxonomy":"category","embeddable":true,"href":"https:\/\/www.adeas.org\/index.php\/wp-json\/wp\/v2\/categories?post=2550"},{"taxonomy":"post_tag","embeddable":true,"href":"https:\/\/www.adeas.org\/index.php\/wp-json\/wp\/v2\/tags?post=2550"}],"curies":[{"name":"wp","href":"https:\/\/api.w.org\/{rel}","templated":true}]}}