{"id":2482,"date":"2020-01-22T17:07:54","date_gmt":"2020-01-22T16:07:54","guid":{"rendered":"https:\/\/www.adeas.org\/?p=2482"},"modified":"2026-02-13T19:16:25","modified_gmt":"2026-02-13T18:16:25","slug":"comment-faire-entendre-la-voix-des-personnels-actionnaires-en-ag-comme-au-conseil-dadministration","status":"publish","type":"post","link":"https:\/\/www.adeas.org\/index.php\/laction-de-ladeas\/comment-faire-entendre-la-voix-des-personnels-actionnaires-en-ag-comme-au-conseil-dadministration\/","title":{"rendered":"Comment faire entendre la voix des personnels actionnaires en AG comme au Conseil d&rsquo;administration ?"},"content":{"rendered":"\n<figure class=\"wp-block-image size-large\"><a href=\"https:\/\/www.fayard.fr\/documents-temoignages\/les-faux-jetons-9782213712277\"><img loading=\"lazy\" decoding=\"async\" width=\"340\" height=\"540\" src=\"https:\/\/www.adeas.org\/wp-content\/uploads\/2020\/01\/LesFauxJetons_SophieCoignard.jpeg\" alt=\"\" class=\"wp-image-2483\"\/><\/a><\/figure>\n\n\n\n<p>Dans \u00ab\u00a0Les Faux jetons\u00a0\u00bb,  Sophie Coignard nous ouvre les portes capitonn\u00e9es des Conseils d&rsquo;administration des plus grandes entreprises fran\u00e7aises. <\/p>\n\n\n\n<p>Pages 230-231, vous pouvez y lire qu&rsquo;Orange est la seule entreprise fran\u00e7aise o\u00f9 la voix des personnels actionnaires se fait vraiment entendre en Assembl\u00e9e G\u00e9n\u00e9rale des actionnaires.  Pourquoi ? <a href=\"https:\/\/www.adeas.org\/index.php\/nos-analyses\/enfin-maitres-de-notre-destin\/\">Parce que l&rsquo;ADEAS et la CFE-CGC Orange ont ferraill\u00e9 pour obtenir un accord d&rsquo;entreprise<\/a> stipulant que les repr\u00e9sentants de la Direction ne votent pas sur les r\u00e9solutions en AG dans le Conseil de surveillance du fonds Orange Actions.<\/p>\n\n\n\n<figure class=\"wp-block-image size-large\"><img loading=\"lazy\" decoding=\"async\" width=\"1024\" height=\"810\" src=\"https:\/\/www.adeas.org\/wp-content\/uploads\/2020\/01\/Extrait_LesFauxJetons-1024x810.jpg\" alt=\"\" class=\"wp-image-2484\" srcset=\"https:\/\/www.adeas.org\/wp-content\/uploads\/2020\/01\/Extrait_LesFauxJetons-1024x810.jpg 1024w, https:\/\/www.adeas.org\/wp-content\/uploads\/2020\/01\/Extrait_LesFauxJetons-500x395.jpg 500w, https:\/\/www.adeas.org\/wp-content\/uploads\/2020\/01\/Extrait_LesFauxJetons-768x607.jpg 768w, https:\/\/www.adeas.org\/wp-content\/uploads\/2020\/01\/Extrait_LesFauxJetons-1536x1215.jpg 1536w, https:\/\/www.adeas.org\/wp-content\/uploads\/2020\/01\/Extrait_LesFauxJetons.jpg 2023w\" sizes=\"auto, (max-width: 1024px) 100vw, 1024px\" \/><figcaption><em>Extrait du livre de Sophie Coignard, <a href=\"https:\/\/www.fayard.fr\/documents-temoignages\/les-faux-jetons-9782213712277\">Les Faux jetons<\/a><\/em><\/figcaption><\/figure>\n\n\n\n<p>Ce fonds, log\u00e9 dans le Plan Epargne Groupe (PEG) de l&rsquo;entreprise, p\u00e8se environ 10% des suffrages exprim\u00e9s en Assembl\u00e9e G\u00e9n\u00e9rale. <\/p>\n\n\n\n<p>En ce moment, les personnels en activit\u00e9 qui d\u00e9tiennent des parts dans ce fonds sont appel\u00e9s \u00e0 d\u00e9signer l&rsquo;administrateur qui les repr\u00e9sentera au Conseil d&rsquo;administration d&rsquo;Orange. Une bonne occasion pour choisir des candidats qui d\u00e9fendent vraiment leurs droits ?  <\/p>\n\n\n\n<p class=\"has-background has-very-light-gray-background-color\">Vous pouvez retrouver sur ce blog : <\/p>\n\n\n\n<p class=\"has-background has-very-light-gray-background-color\"><a href=\"https:\/\/www.adeas.org\/index.php\/laction-de-ladeas\/election-de-ladministrateur-representant-les-personnels-actionnaires-au-conseil-dadministration-dorange\/\">la profession de foi des candidats CFE-CGC Orange soutenus par l&rsquo;ADEAS<\/a><\/p>\n\n\n\n<p class=\"has-background has-very-light-gray-background-color\"><a href=\"https:\/\/www.adeas.org\/index.php\/en-pratique\/election-de-ladministrateur-representant-les-personnels-actionnaires-au-conseil-dadministration-dorange-tout-pour-voter\/\">toutes les informations pratiques pour voter<\/a><\/p>\n","protected":false},"excerpt":{"rendered":"<p>Dans \u00ab\u00a0Les Faux jetons\u00a0\u00bb, Sophie Coignard nous ouvre les portes capitonn\u00e9es des Conseils d&rsquo;administration des plus grandes entreprises fran\u00e7aises. Pages 230-231, vous pouvez y lire qu&rsquo;Orange est la seule entreprise fran\u00e7aise o\u00f9 la voix des personnels actionnaires se fait vraiment entendre en Assembl\u00e9e G\u00e9n\u00e9rale des actionnaires. Pourquoi ? Parce que l&rsquo;ADEAS et la CFE-CGC Orange [&hellip;]<\/p>\n","protected":false},"author":1,"featured_media":0,"comment_status":"open","ping_status":"closed","sticky":false,"template":"","format":"standard","meta":{"_monsterinsights_skip_tracking":false,"_monsterinsights_sitenote_active":false,"_monsterinsights_sitenote_note":"","_monsterinsights_sitenote_category":0,"footnotes":""},"categories":[3],"tags":[11,61,55],"class_list":["post-2482","post","type-post","status-publish","format-standard","hentry","category-laction-de-ladeas","tag-actionnariat-salarie","tag-conseil-dadministration","tag-election"],"_links":{"self":[{"href":"https:\/\/www.adeas.org\/index.php\/wp-json\/wp\/v2\/posts\/2482","targetHints":{"allow":["GET"]}}],"collection":[{"href":"https:\/\/www.adeas.org\/index.php\/wp-json\/wp\/v2\/posts"}],"about":[{"href":"https:\/\/www.adeas.org\/index.php\/wp-json\/wp\/v2\/types\/post"}],"author":[{"embeddable":true,"href":"https:\/\/www.adeas.org\/index.php\/wp-json\/wp\/v2\/users\/1"}],"replies":[{"embeddable":true,"href":"https:\/\/www.adeas.org\/index.php\/wp-json\/wp\/v2\/comments?post=2482"}],"version-history":[{"count":3,"href":"https:\/\/www.adeas.org\/index.php\/wp-json\/wp\/v2\/posts\/2482\/revisions"}],"predecessor-version":[{"id":2488,"href":"https:\/\/www.adeas.org\/index.php\/wp-json\/wp\/v2\/posts\/2482\/revisions\/2488"}],"wp:attachment":[{"href":"https:\/\/www.adeas.org\/index.php\/wp-json\/wp\/v2\/media?parent=2482"}],"wp:term":[{"taxonomy":"category","embeddable":true,"href":"https:\/\/www.adeas.org\/index.php\/wp-json\/wp\/v2\/categories?post=2482"},{"taxonomy":"post_tag","embeddable":true,"href":"https:\/\/www.adeas.org\/index.php\/wp-json\/wp\/v2\/tags?post=2482"}],"curies":[{"name":"wp","href":"https:\/\/api.w.org\/{rel}","templated":true}]}}