{"id":2479,"date":"2020-01-21T14:01:05","date_gmt":"2020-01-21T13:01:05","guid":{"rendered":"https:\/\/www.adeas.org\/?p=2479"},"modified":"2020-02-07T11:51:03","modified_gmt":"2020-02-07T10:51:03","slug":"election-de-ladministrateur-representant-les-personnels-actionnaires-au-conseil-dadministration-dorange-tout-pour-voter","status":"publish","type":"post","link":"https:\/\/www.adeas.org\/index.php\/en-pratique\/election-de-ladministrateur-representant-les-personnels-actionnaires-au-conseil-dadministration-dorange-tout-pour-voter\/","title":{"rendered":"\u00c9lection de l\u2019Administrateur repr\u00e9sentant les personnels actionnaires au Conseil d\u2019administration d\u2019Orange : tout pour voter !"},"content":{"rendered":"\n<p><strong>Second tour du lundi 3 f\u00e9vrier 9h au vendredi 7 f\u00e9vrier 14h<\/strong>, pour d\u00e9partager les 3 bin\u00f4mes toujours en lisse \u00e0 l&rsquo;issue du 1er tour. Pour ne pas oublier, vous pouvez enregistrer la p\u00e9riode de scrutin dans votre agenda en <a href=\"http:\/\/bit.ly\/2YWlEcr\">cliquant sur ce lien<\/a>, et y ajouter un lien vers cette page, qui vous permettra de retrouver facilement les modalit\u00e9s de vote.<\/p>\n\n\n\n<p class=\"has-background has-luminous-vivid-orange-background-color\">Les identifiants et codes de vote que vous avez re\u00e7us le 20 janvier par mail sont toujours valables pour le second tour.<\/p>\n\n\n\n<p>Le vote \u00e9lectronique est possible depuis tout smartphone, tablette ou PC.<\/p>\n\n\n\n<figure class=\"wp-block-image size-large\"><img loading=\"lazy\" decoding=\"async\" width=\"640\" height=\"425\" src=\"https:\/\/www.adeas.org\/wp-content\/uploads\/2020\/01\/office-620822_640.jpg\" alt=\"\" class=\"wp-image-2480\" srcset=\"https:\/\/www.adeas.org\/wp-content\/uploads\/2020\/01\/office-620822_640.jpg 640w, https:\/\/www.adeas.org\/wp-content\/uploads\/2020\/01\/office-620822_640-500x332.jpg 500w\" sizes=\"auto, (max-width: 640px) 100vw, 640px\" \/><figcaption>Image <a href=\"https:\/\/pixabay.com\/fr\/users\/FirmBee-663163\/?utm_source=link-attribution&amp;utm_medium=referral&amp;utm_campaign=image&amp;utm_content=620822\">William Iven<\/a> via <a href=\"https:\/\/pixabay.com\/fr\/?utm_source=link-attribution&amp;utm_medium=referral&amp;utm_campaign=image&amp;utm_content=620822\">Pixabay<\/a><\/figcaption><\/figure>\n\n\n\n<p>Si vous d\u00e9tenez des actions Orange dans le fonds Orange Actions du  PEG (Plan Epargne Groupe) ou au nominatif pur (hors Next Reward) et que  vous \u00eates en activit\u00e9, vous pouvez choisir l\u2019Administrateur  repr\u00e9sentant les personnels actionnaires au Conseil d\u2019administration  d\u2019Orange.<\/p>\n\n\n\n<h3 class=\"wp-block-heading\">En pratique, comment voter ?<\/h3>\n\n\n\n<p><strong>Site de vote \u00e9lectronique :<\/strong> <a href=\"https:\/\/orange.votes.voxaly.com\">https:\/\/orange.votes.voxaly.com<\/a><\/p>\n\n\n\n<p>Tous les \u00e9lecteurs concern\u00e9s ont en principe re\u00e7u leurs codes de vote dans un mail envoy\u00e9 par Voxaly lundi 20 janvier. A noter <\/p>\n\n\n\n<ul class=\"wp-block-list\"><li><strong>Vos codes de vote<\/strong> vous sont adress\u00e9s sur l\u2019adresse \nmail que vous avez communiqu\u00e9e \u00e0 Amundi (pour les actions d\u00e9tenues dans \nle FCPE Orange Actions du PEG) ou \u00e0 BNP Paribas \/ PlanetShares (pour les\n actions au nominatif) : c\u2019est donc peut-\u00eatre sur votre mail personnel \nque vous recevrez vos codes.<\/li><li>Si vous n\u2019avez pas communiqu\u00e9 d\u2019adresse mail au gestionnaire de \nvotre compte, Voxaly vous a envoy\u00e9 vos codes par courrier postal le 16 \njanvier.<\/li><li>Si vous d\u00e9tenez \u00e0 la fois des actions au nominatif pur et des \nactions dans le FCPE Orange Actions, vous votez deux fois et recevrez \ndeux codes.<\/li><li><strong>Votre identifiant de vote<\/strong> = votre identifiant Amundi ou BNP Paribas \/ PlanetShares<\/li><li><strong>Vos codes de vote sont identiques pour le 1er et le 2nd tour<\/strong><\/li><\/ul>\n\n\n\n<p><strong>Si vous avez \u00e9gar\u00e9 vos codes de vote<\/strong><\/p>\n\n\n\n<p>Sur la page d\u2019accueil du site de vote, cliquer sur le lien \u00ab Si vous ne retrouvez pas vos codes \u00bb, pr\u00e9c\u00e9d\u00e9 d\u2019un cadenas.<\/p>\n\n\n\n<p>Pour v\u00e9rifier votre identit\u00e9 avant de vous renvoyer vos codes par SMS ou par mail, la plateforme de vote vous demandera :<\/p>\n\n\n\n<ul class=\"wp-block-list\"><li>Si vous \u00eates porteur de parts du FCPE Orange Actions dans le PEG \nd\u2019Orange : les 3 derniers chiffres de votre code de s\u00e9curit\u00e9 sociale \n(avant la clef)<\/li><li>Si vous \u00eates actionnaire au nominatif ou avez des parts dans le FCPE\n Orange Ambition International : les 3 derniers caract\u00e8res de votre \nidentifiant salari\u00e9<\/li><\/ul>\n\n\n\n<p><strong>Si vous avez \u00e9gar\u00e9 vos identifiants Amundi ou BNP Paribas<\/strong><\/p>\n\n\n\n<p>Ces identifiants sont ceux que vous utilisez pour vous connecter \u00e0 \nvos comptes sur les sites des banques gestionnaires (par exemple, chez \nAmundi, pour choisir comment vous souhaitez percevoir votre \nparticipation et votre int\u00e9ressement et chez BNP Paribas quand vous \nvotez les r\u00e9solutions en AG des actionnaires).<\/p>\n\n\n\n<p>Ils figurent sur les documents qui vous sont  r\u00e9guli\u00e8rement envoy\u00e9s par les gestionnaires de comptes, sur l&rsquo;adresse  mail que vous leur avez communiqu\u00e9e (v\u00e9rifiez vos boites personnelles le  cas \u00e9ch\u00e9ant). Voici les documents les plus r\u00e9cents qui vous ont \u00e9t\u00e9  adress\u00e9s :&nbsp;<\/p>\n\n\n\n<ul class=\"wp-block-list\"><li><strong>Pour Amundi ESR<\/strong> :  votre num\u00e9ro de compte est rappel\u00e9 dans le mail \u00ab\u00a0Votre relev\u00e9 de compte  annuel Amundi ESR\u00a0\u00bb, diffus\u00e9 en principe le 14 janvier. Voir aussi : <a href=\"https:\/\/portailrh.sso.infra.ftgroup\/documents\/43058\/0\/Mode+d%27emploi+pour+la+r%C3%A9cup%C3%A9ration+de+son+identifiant+et+mot+de+passe\/e58a4b4d-51d4-4748-81ad-59812496dd60\">R\u00e9cup\u00e9rer son identifiant chez Amundi <\/a><\/li><li><strong>Pour BNP Paribas Securities Services<\/strong>  : votre num\u00e9ro de compte est rappel\u00e9 dans le mail intitul\u00e9 \u00ab\u00a0Votre  relev\u00e9 de situation\u00a0\u00bb diffus\u00e9 en principe le 20 janvier. L&rsquo;identifiant \u00e0  utiliser pour le vote est compos\u00e9 des 7 chiffres figurant entre les 2  lettres de votre num\u00e9ro de compte, qui est structur\u00e9 comme suit :  01010\/X<strong>0000000<\/strong>X00 (les lettres sont ici not\u00e9es X, mais il peut s&rsquo;agir d&rsquo;autres lettres de l&rsquo;alphabet). <\/li><\/ul>\n\n\n\n<p><strong>Hot line Voxaly<\/strong><br \/>+33 (0)1 44 30 05 69, d\u00e8s l\u2019ouverture du scrutin, du lundi au vendredi, de 9h00 \u00e0 17h00 chaque jour de scrutin. <br \/>Vos nom, date de naissance et coll\u00e8ge \u00e9lectoral vous seront demand\u00e9s pour v\u00e9rifier votre identit\u00e9 avant de vous envoyer des codes de vote.<\/p>\n\n\n\n<h3 class=\"wp-block-heading\">Choisissez ceux qui agissent !<\/h3>\n\n\n\n<p><a href=\"https:\/\/www.cfecgc-orange.org\/documents\/tracts-publications\/profession_de_foi__lections_reprsentant_personnels_actionnaires_au_ca_4_pages_pour_impression.pdf\">La profession de foi des candidats CFE-CGC Orange soutenus par l&rsquo;ADEAS.<\/a><\/p>\n\n\n\n<p>C\u2019est au Conseil d\u2019administration que se d\u00e9cide la strat\u00e9gie d\u2019Orange, qui influe sur votre vie professionnelle.<\/p>\n\n\n\n<p>L\u2019administrateur que vous allez \u00e9lire participera \u00e0 tous les d\u00e9bats et d\u00e9lib\u00e9rations qui d\u00e9terminent notamment :<\/p>\n\n\n\n<ul class=\"wp-block-list\"><li>la strat\u00e9gie de l\u2019entreprise et sa gouvernance,<\/li><li>les op\u00e9rations de fusions \/ acquisitions \/ cessions<\/li><li>les investissements prioritaires<\/li><li>la communication des r\u00e9sultats et le dividende propos\u00e9 chaque ann\u00e9e<\/li><li>mais aussi l\u2019int\u00e9ressement exceptionnel, les ORP (Offres R\u00e9serv\u00e9es aux Personnels) et les AGA (Attributions Gratuites d\u2019Actions)<\/li><\/ul>\n\n\n\n<h3 class=\"wp-block-heading\">Vos candidats CFE-CGC Orange, soutenus par l\u2019ADEAS<\/h3>\n\n\n\n<p><strong>Laurence Dalboussi\u00e8re<\/strong> Orange France&nbsp;&nbsp;&nbsp;&nbsp;&nbsp;&nbsp;&nbsp;&nbsp;&nbsp;&nbsp;&nbsp;&nbsp;&nbsp;&nbsp;&nbsp;&nbsp;&nbsp;&nbsp;&nbsp;&nbsp;&nbsp;&nbsp;&nbsp;&nbsp;&nbsp;&nbsp;&nbsp;&nbsp;&nbsp;&nbsp;&nbsp;&nbsp;&nbsp;&nbsp;&nbsp;&nbsp;&nbsp;&nbsp;&nbsp;&nbsp;&nbsp;&nbsp;&nbsp;&nbsp;&nbsp;&nbsp; <\/p>\n\n\n\n<figure class=\"wp-block-image\"><img decoding=\"async\" src=\"https:\/\/www.cfecgc-orange.org\/documents\/images\/publication\/ld.png\" alt=\"ld\"\/><\/figure>\n\n\n\n<p> <strong>Thierry Chatelier<\/strong> Orange Business Services  <\/p>\n\n\n\n<figure class=\"wp-block-image\"><img decoding=\"async\" src=\"https:\/\/www.cfecgc-orange.org\/documents\/images\/publication\/tch.jpg\" alt=\"tch\"\/><\/figure>\n\n\n\n<h3 class=\"wp-block-heading\">Avec CFE-CGC Orange et l\u2019ADEAS, pour nos actions, agissons !<\/h3>\n\n\n\n<p>Aux urnes, chers coll\u00e8gues !<\/p>\n","protected":false},"excerpt":{"rendered":"<p>Second tour du lundi 3 f\u00e9vrier 9h au vendredi 7 f\u00e9vrier 14h, pour d\u00e9partager les 3 bin\u00f4mes toujours en lisse \u00e0 l&rsquo;issue du 1er tour. Pour ne pas oublier, vous pouvez enregistrer la p\u00e9riode de scrutin dans votre agenda en cliquant sur ce lien, et y ajouter un lien vers cette page, qui vous permettra [&hellip;]<\/p>\n","protected":false},"author":1,"featured_media":0,"comment_status":"open","ping_status":"closed","sticky":false,"template":"","format":"standard","meta":{"_monsterinsights_skip_tracking":false,"_monsterinsights_sitenote_active":false,"_monsterinsights_sitenote_note":"","_monsterinsights_sitenote_category":0,"footnotes":""},"categories":[28],"tags":[11,61,55],"class_list":["post-2479","post","type-post","status-publish","format-standard","hentry","category-en-pratique","tag-actionnariat-salarie","tag-conseil-dadministration","tag-election"],"_links":{"self":[{"href":"https:\/\/www.adeas.org\/index.php\/wp-json\/wp\/v2\/posts\/2479","targetHints":{"allow":["GET"]}}],"collection":[{"href":"https:\/\/www.adeas.org\/index.php\/wp-json\/wp\/v2\/posts"}],"about":[{"href":"https:\/\/www.adeas.org\/index.php\/wp-json\/wp\/v2\/types\/post"}],"author":[{"embeddable":true,"href":"https:\/\/www.adeas.org\/index.php\/wp-json\/wp\/v2\/users\/1"}],"replies":[{"embeddable":true,"href":"https:\/\/www.adeas.org\/index.php\/wp-json\/wp\/v2\/comments?post=2479"}],"version-history":[{"count":6,"href":"https:\/\/www.adeas.org\/index.php\/wp-json\/wp\/v2\/posts\/2479\/revisions"}],"predecessor-version":[{"id":2520,"href":"https:\/\/www.adeas.org\/index.php\/wp-json\/wp\/v2\/posts\/2479\/revisions\/2520"}],"wp:attachment":[{"href":"https:\/\/www.adeas.org\/index.php\/wp-json\/wp\/v2\/media?parent=2479"}],"wp:term":[{"taxonomy":"category","embeddable":true,"href":"https:\/\/www.adeas.org\/index.php\/wp-json\/wp\/v2\/categories?post=2479"},{"taxonomy":"post_tag","embeddable":true,"href":"https:\/\/www.adeas.org\/index.php\/wp-json\/wp\/v2\/tags?post=2479"}],"curies":[{"name":"wp","href":"https:\/\/api.w.org\/{rel}","templated":true}]}}