{"id":2472,"date":"2019-12-16T11:02:22","date_gmt":"2019-12-16T10:02:22","guid":{"rendered":"https:\/\/www.adeas.org\/?p=2472"},"modified":"2019-12-17T19:13:59","modified_gmt":"2019-12-17T18:13:59","slug":"election-de-ladministrateur-representant-les-personnels-actionnaires-au-conseil-dadministration-dorange","status":"publish","type":"post","link":"https:\/\/www.adeas.org\/index.php\/laction-de-ladeas\/election-de-ladministrateur-representant-les-personnels-actionnaires-au-conseil-dadministration-dorange\/","title":{"rendered":"\u00c9lection de l&rsquo;Administrateur repr\u00e9sentant les personnels actionnaires au Conseil d&rsquo;administration d&rsquo;Orange"},"content":{"rendered":"\n<figure class=\"wp-block-image\"><img decoding=\"async\" src=\"https:\/\/www.cfecgc-orange.org\/documents\/images\/publication\/tetiere_pdf_electionadministrateur2020.png\" alt=\"tetiere pdf electionadministrateur2020\"\/><\/figure>\n\n\n\n<p>A partir du 20 janvier 2020, les personnels actionnaires sont invit\u00e9s\n \u00e0 choisir l&rsquo;administrateur qui les repr\u00e9sentera au Conseil \nd&rsquo;administration d&rsquo;Orange.<\/p>\n\n\n\n<h2 class=\"wp-block-heading\">Au sommaire<\/h2>\n\n\n\n<ul class=\"wp-block-list\"><li><a href=\"https:\/\/www.cfecgc-orange.org\/201912168455\/actionnariat-2020\/pour-qu-orange-connecte-le-monde-durablement.html\">Pour qu\u2019Orange connecte le monde, durablement !<\/a><\/li><li><a href=\"https:\/\/www.cfecgc-orange.org\/201912168456\/actionnariat-2020\/une-gouvernance-responsable-un-actionnariat-salarie-puissant.html\">Une gouvernance responsable, un actionnariat salari\u00e9 puissant<\/a><\/li><li><a href=\"https:\/\/www.cfecgc-orange.org\/201912168457\/actionnariat-2020\/une-croissance-saine-sur-le-long-terme.html\">Une croissance saine sur le long terme<\/a><\/li><li><a href=\"https:\/\/www.cfecgc-orange.org\/201912168458\/actionnariat-2020\/la-performance-sociale-au-service-de-la-performance-economique.html\">La performance sociale au service de la performance \u00e9conomique<\/a><\/li><li><a href=\"https:\/\/www.cfecgc-orange.org\/201912168459\/actionnariat-2020\/la-gouvernance-d-orange.html\">La gouvernance d&rsquo;Orange (Assembl\u00e9e g\u00e9n\u00e9rale et Conseil d&rsquo;administration)<\/a><\/li><li><a href=\"https:\/\/www.cfecgc-orange.org\/201912168460\/actionnariat-2020\/le-temoignage-de-sebastien-crozier-administrateur-d-orange-elu-par-le-personnel-college-cadres.html\">Le t\u00e9moignage de S\u00e9bastien Crozier, administrateur d\u2019Orange \u00e9lu par le personnel (coll\u00e8ge cadres)<\/a><\/li><li><a href=\"https:\/\/www.cfecgc-orange.org\/201912168461\/actionnariat-2020\/l-election-de-l-administrateur-representant-les-personnels-actionnaires-au-conseil-d-administration-d-orange-mode-d-emploi.html\">L\u2019\u00e9lection de l\u2019administrateur repr\u00e9sentant les personnels actionnaires au Conseil d\u2019administration d\u2019Orange : mode d&#8217;emploi<\/a><\/li><li><a href=\"https:\/\/www.cfecgc-orange.org\/201912168462\/actionnariat-2020\/laurence-dalboussiere-et-thierry-chatelier-le-binome-candidat-de-la-cfe-cgc-orange-et-de-l-adeas.html\">Laurence Dalboussi\u00e8re et Thierry Chatelier : le bin\u00f4me candidat de la CFE-CGC Orange et de l&rsquo;ADEAS<\/a><\/li><li><a href=\"https:\/\/www.cfecgc-orange.org\/201912168463\/actionnariat-2020\/orange-ensemble-et-l-adeas-soutiennent-les-propositions-et-les-candidats-cfe-cgc-orange.html\">Orange Ensemble et l&rsquo;ADEAS soutiennent les propositions et les candidats CFE-CGC Orange<\/a><\/li><\/ul>\n\n\n\n<p><\/p>\n\n\n\n<p><strong> <a href=\"https:\/\/www.cfecgc-orange.org\/documents\/tracts-publications\/profession_de_foi__lections_reprsentant_personnels_actionnaires_au_ca_4_pages_pour_impression.pdf\">T\u00e9l\u00e9charger la profession de foi en pdf<\/a> <\/strong><\/p>\n\n\n\n<figure class=\"wp-block-image\"><img decoding=\"async\" src=\"https:\/\/www.cfecgc-orange.org\/documents\/images\/cit\/professionsdefoi.png\" alt=\"professionsdefoi\"\/><\/figure>\n","protected":false},"excerpt":{"rendered":"<p>A partir du 20 janvier 2020, les personnels actionnaires sont invit\u00e9s \u00e0 choisir l&rsquo;administrateur qui les repr\u00e9sentera au Conseil d&rsquo;administration d&rsquo;Orange. Au sommaire Pour qu\u2019Orange connecte le monde, durablement ! Une gouvernance responsable, un actionnariat salari\u00e9 puissant Une croissance saine sur le long terme La performance sociale au service de la performance \u00e9conomique La gouvernance [&hellip;]<\/p>\n","protected":false},"author":1,"featured_media":0,"comment_status":"open","ping_status":"closed","sticky":false,"template":"","format":"standard","meta":{"_monsterinsights_skip_tracking":false,"_monsterinsights_sitenote_active":false,"_monsterinsights_sitenote_note":"","_monsterinsights_sitenote_category":0,"footnotes":""},"categories":[3],"tags":[11,55,48,43],"class_list":["post-2472","post","type-post","status-publish","format-standard","hentry","category-laction-de-ladeas","tag-actionnariat-salarie","tag-election","tag-gouvernance","tag-vote"],"_links":{"self":[{"href":"https:\/\/www.adeas.org\/index.php\/wp-json\/wp\/v2\/posts\/2472","targetHints":{"allow":["GET"]}}],"collection":[{"href":"https:\/\/www.adeas.org\/index.php\/wp-json\/wp\/v2\/posts"}],"about":[{"href":"https:\/\/www.adeas.org\/index.php\/wp-json\/wp\/v2\/types\/post"}],"author":[{"embeddable":true,"href":"https:\/\/www.adeas.org\/index.php\/wp-json\/wp\/v2\/users\/1"}],"replies":[{"embeddable":true,"href":"https:\/\/www.adeas.org\/index.php\/wp-json\/wp\/v2\/comments?post=2472"}],"version-history":[{"count":2,"href":"https:\/\/www.adeas.org\/index.php\/wp-json\/wp\/v2\/posts\/2472\/revisions"}],"predecessor-version":[{"id":2474,"href":"https:\/\/www.adeas.org\/index.php\/wp-json\/wp\/v2\/posts\/2472\/revisions\/2474"}],"wp:attachment":[{"href":"https:\/\/www.adeas.org\/index.php\/wp-json\/wp\/v2\/media?parent=2472"}],"wp:term":[{"taxonomy":"category","embeddable":true,"href":"https:\/\/www.adeas.org\/index.php\/wp-json\/wp\/v2\/categories?post=2472"},{"taxonomy":"post_tag","embeddable":true,"href":"https:\/\/www.adeas.org\/index.php\/wp-json\/wp\/v2\/tags?post=2472"}],"curies":[{"name":"wp","href":"https:\/\/api.w.org\/{rel}","templated":true}]}}