{"id":2464,"date":"2019-11-19T08:28:04","date_gmt":"2019-11-19T07:28:04","guid":{"rendered":"https:\/\/www.adeas.org\/?p=2464"},"modified":"2019-11-20T17:22:19","modified_gmt":"2019-11-20T16:22:19","slug":"lettre-de-lepargne-et-de-lactionnariat-salaries-4-2019","status":"publish","type":"post","link":"https:\/\/www.adeas.org\/index.php\/nos-analyses\/lettre-de-lepargne-et-de-lactionnariat-salaries-4-2019\/","title":{"rendered":"Lettre de l&rsquo;Epargne et de l&rsquo;Actionnariat salari\u00e9s #4\/2019"},"content":{"rendered":"\n<figure class=\"wp-block-image size-large is-resized\"><img decoding=\"async\" src=\"https:\/\/www.adeas.org\/wp-content\/uploads\/2019\/11\/Bandeau-LEA-T4-2019.png\" alt=\"\" class=\"wp-image-2463\" width=\"498\" srcset=\"https:\/\/www.adeas.org\/wp-content\/uploads\/2019\/11\/Bandeau-LEA-T4-2019.png 932w, https:\/\/www.adeas.org\/wp-content\/uploads\/2019\/11\/Bandeau-LEA-T4-2019-500x187.png 500w, https:\/\/www.adeas.org\/wp-content\/uploads\/2019\/11\/Bandeau-LEA-T4-2019-768x288.png 768w\" sizes=\"(max-width: 932px) 100vw, 932px\" \/><\/figure>\n\n\n\n<p><strong>D\u00e9couvrez\nnotre analyse sur la strat\u00e9gie d&rsquo;Orange <\/strong>dans la Lettre de l&rsquo;Epargne et de l&rsquo;Actionnariat du T4\n2019.<\/p>\n\n\n\n<p><strong>Au\nsommaire&nbsp;:<\/strong><\/p>\n\n\n\n<ul class=\"wp-block-list\"><li><a href=\"https:\/\/www.cfecgc-orange.org\/201911188377\/economie-et-reglementation-des-telecoms\/lettre-de-l-epargne-et-de-l-actionnariat-salaries-4-2019-strategie.html\">Strat\u00e9gie : Orange \u00e0 la crois\u00e9e des chemins<\/a><\/li><li><a href=\"https:\/\/www.cfecgc-orange.org\/201911188368\/participation-interessement-et-actionnariat\/loi-pacte-tous-concernes.html\">Loi Pacte, tous concern\u00e9s<\/a><\/li><li><a href=\"https:\/\/www.cfecgc-orange.org\/201911188369\/participation-interessement-et-actionnariat\/etre-conseille-sur-votre-epargne.html\">\u00catre conseill\u00e9 sur votre \u00e9pargne avec Allianz<\/a><\/li><li><a href=\"https:\/\/www.cfecgc-orange.org\/201911188370\/participation-interessement-et-actionnariat\/interessement-2019-orange-sa-pas-mieux-qu-hier.html\">Int\u00e9ressement 2019 : Oange SA, pas mieux qu&rsquo;hier <\/a><\/li><li><a href=\"https:\/\/www.cfecgc-orange.org\/201911188371\/participation-interessement-et-actionnariat\/bon-a-savoir-l-abondement-est-valable-toute-l-annee.html\">Bon \u00e0 savoir : l\u2019abondement c&rsquo;est toute l&rsquo;ann\u00e9e<\/a><\/li><li><a href=\"https:\/\/www.cfecgc-orange.org\/201911188372\/participation-interessement-et-actionnariat\/elections-du-representant-des-personnels-actionnaires-parce-que-nous-le-valons-bien.html\">\u00c9lection du repr\u00e9sentant des personnels actionnaires<\/a><\/li><\/ul>\n\n\n\n<p><strong>T\u00e9l\u00e9charger la lettre en pdf \u00a0\u00bb <a rel=\"noreferrer noopener\" aria-label=\" (s\u2019ouvre dans un nouvel onglet)\" href=\"https:\/\/www.adeas.org\/wp-content\/uploads\/2019\/11\/lea_t42019_vdef.pdf\" target=\"_blank\">Lettre de l&rsquo;Epargne et de l&rsquo;Actionnariat Salari\u00e9s #T4 2019<\/a><\/strong>\u00ab\u00a0<\/p>\n","protected":false},"excerpt":{"rendered":"<p>D\u00e9couvrez notre analyse sur la strat\u00e9gie d&rsquo;Orange dans la Lettre de l&rsquo;Epargne et de l&rsquo;Actionnariat du T4 2019. Au sommaire&nbsp;: Strat\u00e9gie : Orange \u00e0 la crois\u00e9e des chemins Loi Pacte, tous concern\u00e9s \u00catre conseill\u00e9 sur votre \u00e9pargne avec Allianz Int\u00e9ressement 2019 : Oange SA, pas mieux qu&rsquo;hier Bon \u00e0 savoir : l\u2019abondement c&rsquo;est toute l&rsquo;ann\u00e9e [&hellip;]<\/p>\n","protected":false},"author":8,"featured_media":0,"comment_status":"open","ping_status":"closed","sticky":false,"template":"","format":"standard","meta":{"_monsterinsights_skip_tracking":false,"_monsterinsights_sitenote_active":false,"_monsterinsights_sitenote_note":"","_monsterinsights_sitenote_category":0,"footnotes":""},"categories":[41,25],"tags":[54],"class_list":["post-2464","post","type-post","status-publish","format-standard","hentry","category-lettre-epargne-actionnariat-salaries","category-nos-analyses","tag-epargne-salariale"],"_links":{"self":[{"href":"https:\/\/www.adeas.org\/index.php\/wp-json\/wp\/v2\/posts\/2464","targetHints":{"allow":["GET"]}}],"collection":[{"href":"https:\/\/www.adeas.org\/index.php\/wp-json\/wp\/v2\/posts"}],"about":[{"href":"https:\/\/www.adeas.org\/index.php\/wp-json\/wp\/v2\/types\/post"}],"author":[{"embeddable":true,"href":"https:\/\/www.adeas.org\/index.php\/wp-json\/wp\/v2\/users\/8"}],"replies":[{"embeddable":true,"href":"https:\/\/www.adeas.org\/index.php\/wp-json\/wp\/v2\/comments?post=2464"}],"version-history":[{"count":2,"href":"https:\/\/www.adeas.org\/index.php\/wp-json\/wp\/v2\/posts\/2464\/revisions"}],"predecessor-version":[{"id":2467,"href":"https:\/\/www.adeas.org\/index.php\/wp-json\/wp\/v2\/posts\/2464\/revisions\/2467"}],"wp:attachment":[{"href":"https:\/\/www.adeas.org\/index.php\/wp-json\/wp\/v2\/media?parent=2464"}],"wp:term":[{"taxonomy":"category","embeddable":true,"href":"https:\/\/www.adeas.org\/index.php\/wp-json\/wp\/v2\/categories?post=2464"},{"taxonomy":"post_tag","embeddable":true,"href":"https:\/\/www.adeas.org\/index.php\/wp-json\/wp\/v2\/tags?post=2464"}],"curies":[{"name":"wp","href":"https:\/\/api.w.org\/{rel}","templated":true}]}}